{"id":22117,"date":"2024-09-03T19:14:18","date_gmt":"2024-09-03T22:14:18","guid":{"rendered":"https:\/\/www.ifbaiano.edu.br\/unidades\/santaines\/?p=22117"},"modified":"2024-09-03T19:25:05","modified_gmt":"2024-09-03T22:25:05","slug":"curso-de-licenciatura-em-ciencias-biologicas-do-campus-santa-ines-lanca-concurso-de-fotografias-em-comemoracao-ao-dia-do-biologo","status":"publish","type":"post","link":"https:\/\/www.ifbaiano.edu.br\/unidades\/santaines\/curso-de-licenciatura-em-ciencias-biologicas-do-campus-santa-ines-lanca-concurso-de-fotografias-em-comemoracao-ao-dia-do-biologo\/","title":{"rendered":"Curso de Licenciatura em Ci\u00eancias Biol\u00f3gicas do Campus Santa In\u00eas lan\u00e7a Concurso de Fotografias em comemora\u00e7\u00e3o ao Dia do Bi\u00f3logo"},"content":{"rendered":"\n<p>Hoje, 03 de setembro, em comemora\u00e7\u00e3o ao Dia do\/a Bi\u00f3logo\/a, o Curso de Licenciatura em Ci\u00eancias Biol\u00f3gicas do IF Baiano &#8211; Campus Santa In\u00eas, lan\u00e7a um concurso de fotografias. As imagens selecionadas poder\u00e3o ser exibidas na institui\u00e7\u00e3o e tamb\u00e9m inclu\u00eddas a uma exposi\u00e7\u00e3o virtual nas redes sociais institucionais e\/ou do curso.<\/p>\n\n\n\n<p>Podem participar do concurso todos\/as os\/as estudantes do curso de Licenciatura em Ci\u00eancias Biol\u00f3gicas, do IF Baiano &#8211; Campus Santa In\u00eas. As fotografias submetidas devem ser in\u00e9ditas, de autoria pr\u00f3pria e relacionadas \u00e0 \u00e1rea da biologia. O concurso contar\u00e1 com a sele\u00e7\u00e3o de imagens em diferentes categorias:<\/p>\n\n\n\n<ul>\n<li><strong>Biodiversidade\/vida selvagem:<\/strong> Imagens de seres vivos na natureza ou que mostrem rela\u00e7\u00f5es ecol\u00f3gicas entre diferentes organismos;<\/li>\n\n\n\n<li><strong>Ecossistemas:<\/strong> Imagens que destacam ecossistemas, habitats ou paisagens naturais;<\/li>\n\n\n\n<li><strong>Ensino:<\/strong> Fotografias que retratam atividades educativas na \u00e1rea da Biologia;<\/li>\n\n\n\n<li><strong>Microscopia:<\/strong> Imagens capturadas utilizando microsc\u00f3pios, mostrando estruturas morfol\u00f3gicas, anat\u00f4micas, micro-organismos, etc.<\/li>\n<\/ul>\n\n\n\n<p>Os crit\u00e9rios de avalia\u00e7\u00e3o incluir\u00e3o: Relev\u00e2ncia Cient\u00edfica, ou seja, a capacidade da fotografia comunicar um conceito, atividade ou fen\u00f4meno biol\u00f3gico; Qualidade Est\u00e9tica, que abrange composi\u00e7\u00e3o, uso da luz, foco e originalidade; Descri\u00e7\u00e3o e Impacto Visual. Quanto ao item &#8220;descri\u00e7\u00e3o&#8221;, o participante deve enviar, juntamente com a fotografia, uma breve explica\u00e7\u00e3o de at\u00e9 150 palavras, contextualizando a imagem.<\/p>\n\n\n\n<p>Cada participante poder\u00e1 submeter apenas uma fotografia, que deve ser enviada em formato digital (JPEG ou PNG) em boa resolu\u00e7\u00e3o (m\u00ednima de 300 dpi), para o e-mail da coordena\u00e7\u00e3o do curso: coordenacaobiologia@si.ifbaiano.edu.br, at\u00e9 o dia 13 de setembro de 2024. A submiss\u00e3o deve incluir a descri\u00e7\u00e3o da imagem e os dados do participante (nome completo, semestre e categoria).<\/p>\n\n\n\n<p>Um j\u00fari, composto por professores do campus de diferentes \u00e1reas, ser\u00e1 respons\u00e1vel pela avalia\u00e7\u00e3o das fotografias, atribuindo notas com base nos crit\u00e9rios estabelecidos no regulamento.<\/p>\n\n\n\n<p>Todos\/os os\/as participantes do concurso receber\u00e3o declara\u00e7\u00e3o de participa\u00e7\u00e3o e os primeiros colocados, de cada categoria, ser\u00e3o premiados e receber\u00e3o certificados de premia\u00e7\u00e3o. Vale lembrar que, de acordo com as normas regulamentares do concurso, as fotografias que violem direitos autorais, que fa\u00e7am uso de intelig\u00eancia artificial ou que sejam manipuladas de forma n\u00e3o \u00e9tica, ser\u00e3o desclassificadas.<\/p>\n\n\n\n<p>As d\u00favidas relacionadas a este concurso devem ser esclarecidas junto \u00e0 coordena\u00e7\u00e3o do curso ou encaminhadas para o e-mail <a href=\"mailto:coordenacaobiologia@si.ifbaiano.edu.br\">coordenacaobiologia@si.ifbaiano.edu.br<\/a>.<\/p>\n\n\n\n<hr class=\"wp-block-separator has-alpha-channel-opacity\" \/>\n\n\n\n<p><\/p>\n","protected":false},"excerpt":{"rendered":"<p>Hoje, 03 de setembro, em comemora\u00e7\u00e3o ao Dia do\/a Bi\u00f3logo\/a, o Curso de Licenciatura em Ci\u00eancias Biol\u00f3gicas do IF Baiano &#8211; Campus Santa In\u00eas, lan\u00e7a um concurso de fotografias. As imagens selecionadas poder\u00e3o ser exibidas na institui\u00e7\u00e3o e tamb\u00e9m inclu\u00eddas a uma exposi\u00e7\u00e3o virtual nas redes sociais institucionais e\/ou do curso. Podem participar do concurso [&hellip;]<\/p>\n","protected":false},"author":86,"featured_media":22119,"comment_status":"closed","ping_status":"closed","sticky":false,"template":"","format":"standard","meta":[],"categories":[4,5,57],"tags":[],"_links":{"self":[{"href":"https:\/\/www.ifbaiano.edu.br\/unidades\/santaines\/wp-json\/wp\/v2\/posts\/22117"}],"collection":[{"href":"https:\/\/www.ifbaiano.edu.br\/unidades\/santaines\/wp-json\/wp\/v2\/posts"}],"about":[{"href":"https:\/\/www.ifbaiano.edu.br\/unidades\/santaines\/wp-json\/wp\/v2\/types\/post"}],"author":[{"embeddable":true,"href":"https:\/\/www.ifbaiano.edu.br\/unidades\/santaines\/wp-json\/wp\/v2\/users\/86"}],"replies":[{"embeddable":true,"href":"https:\/\/www.ifbaiano.edu.br\/unidades\/santaines\/wp-json\/wp\/v2\/comments?post=22117"}],"version-history":[{"count":1,"href":"https:\/\/www.ifbaiano.edu.br\/unidades\/santaines\/wp-json\/wp\/v2\/posts\/22117\/revisions"}],"predecessor-version":[{"id":22118,"href":"https:\/\/www.ifbaiano.edu.br\/unidades\/santaines\/wp-json\/wp\/v2\/posts\/22117\/revisions\/22118"}],"wp:featuredmedia":[{"embeddable":true,"href":"https:\/\/www.ifbaiano.edu.br\/unidades\/santaines\/wp-json\/wp\/v2\/media\/22119"}],"wp:attachment":[{"href":"https:\/\/www.ifbaiano.edu.br\/unidades\/santaines\/wp-json\/wp\/v2\/media?parent=22117"}],"wp:term":[{"taxonomy":"category","embeddable":true,"href":"https:\/\/www.ifbaiano.edu.br\/unidades\/santaines\/wp-json\/wp\/v2\/categories?post=22117"},{"taxonomy":"post_tag","embeddable":true,"href":"https:\/\/www.ifbaiano.edu.br\/unidades\/santaines\/wp-json\/wp\/v2\/tags?post=22117"}],"curies":[{"name":"wp","href":"https:\/\/api.w.org\/{rel}","templated":true}]}}