{"id":22133,"date":"2024-09-05T14:19:42","date_gmt":"2024-09-05T17:19:42","guid":{"rendered":"https:\/\/www.ifbaiano.edu.br\/unidades\/santaines\/?p=22133"},"modified":"2024-09-05T14:19:42","modified_gmt":"2024-09-05T17:19:42","slug":"campus-santa-ines-realiza-momento-de-acolhimento-dos-novos-servidores","status":"publish","type":"post","link":"https:\/\/www.ifbaiano.edu.br\/unidades\/santaines\/campus-santa-ines-realiza-momento-de-acolhimento-dos-novos-servidores\/","title":{"rendered":"Campus Santa In\u00eas realiza momento de acolhimento dos novos servidores"},"content":{"rendered":"\n<div class=\"wp-block-media-text alignwide is-stacked-on-mobile\"><figure class=\"wp-block-media-text__media\"><img decoding=\"async\" loading=\"lazy\" width=\"3467\" height=\"1999\" src=\"https:\/\/www.ifbaiano.edu.br\/unidades\/santaines\/files\/2024\/09\/IMG_DG.png\" alt=\"\" class=\"wp-image-22179 size-full\" \/><\/figure><div class=\"wp-block-media-text__content\">\n<p>Na manh\u00e3 de ontem, 4, seis novos servidores t\u00e9cnico-administrativos e um professor do Campus Santa In\u00eas, receberam as boas-vindas da equipe gestora e de outros servidores da institui\u00e7\u00e3o, em um momento de acolhida e apresenta\u00e7\u00f5es, no audit\u00f3rio da biblioteca do campus.<\/p>\n<\/div><\/div>\n\n\n\n<p>Estiveram presentes nesse momento de acolhida, a Diretora-geral, professora Genilda Lima, O Diretor Acad\u00eamico, professor Andr\u00e9 Leoardo, a Diretora Administrativa, professora Daniele Matos, a Coordenadora de Ensino, Professora Tharcilla Pessoa, o Coordenador de Assuntos Estudantis, \u00c2ngelo Francisco, a Chefe do N\u00facleo de Apoio \u00e0 Gest\u00e3o de Pessoas, Rosana Santos, os Coordenadores de Pesquisa e Extens\u00e3o, professores Wezer Miranda, a Coordenadora do curso T\u00e9cnico em Agropecu\u00e1ria &#8211; Modalidade PROEJA, Patr\u00edcia Neves, o Secret\u00e1rio de Registros Escolares, Diogo de Jesus, outras chefias de setores e servidores t\u00e9cnico-administrativos.<\/p>\n\n\n\n<p>Rosana Santos, do N\u00facleo de Gest\u00e3o de Pessoas, iniciou a acolhida desejando as boas-vindas aos novos servidores e falou sobre o desejo expressado pela gest\u00e3o, na pessoa da professora Genilda Lima, da necessidade de fazer o acolhimento, de forma coletiva, dos servidores ingressantes e, em seguida, convidou a Diretora-geral para dar in\u00edcio ao encontro.<\/p>\n\n\n\n<figure class=\"wp-block-gallery has-nested-images columns-default is-cropped wp-block-gallery-1 is-layout-flex\">\n<figure class=\"wp-block-image size-large\"><a href=\"https:\/\/www.ifbaiano.edu.br\/unidades\/santaines\/files\/2024\/09\/NAGP.png\"><img decoding=\"async\" loading=\"lazy\" width=\"2284\" height=\"1592\" data-id=\"22188\"  src=\"https:\/\/www.ifbaiano.edu.br\/unidades\/santaines\/files\/2024\/09\/NAGP.png\" alt=\"\" class=\"wp-image-22188\" \/><\/a><\/figure>\n\n\n\n<figure class=\"wp-block-image size-large\"><a href=\"https:\/\/www.ifbaiano.edu.br\/unidades\/santaines\/files\/2024\/09\/1-1.png\"><img decoding=\"async\" loading=\"lazy\" width=\"1528\" height=\"1134\" data-id=\"22186\"  src=\"https:\/\/www.ifbaiano.edu.br\/unidades\/santaines\/files\/2024\/09\/1-1.png\" alt=\"\" class=\"wp-image-22186\" \/><\/a><\/figure>\n<\/figure>\n\n\n\n<p>Com mensagem de boas-vindas aos rec\u00e9m-chegados, a Diretora-geral, professora Genilda Lima, destacou a import\u00e2ncia do momento, falou da sua grande alegria em realizar este momento de acolhida, do quanto a comunidade estava ansiosa para receber os novos servidores e ressaltou os desafios de atuar na educa\u00e7\u00e3o. &#8220;O caminho pode ser dif\u00edcil, diante da diversidade das \u00e1reas de atua\u00e7\u00e3o, mas com dedica\u00e7\u00e3o, com comprometimento e com a uni\u00e3o de todos, esses desafios ser\u00e3o superados&#8221;. A professora informou que, a partir daquele momento essa a\u00e7\u00e3o de acolhida seria institucionalizada por entender que \u00e9 extremamente importante o momento para os que est\u00e3o chegando na institui\u00e7\u00e3o. Genilda finalizou sua fala desejando sucesso a todos nessa nova jornada e, em seguida, convidou os novos servidores a fazer uso da palavra para que todos os conhecessem.<\/p>\n\n\n\n<div class=\"wp-block-media-text alignwide is-stacked-on-mobile\"><figure class=\"wp-block-media-text__media\"><img decoding=\"async\" loading=\"lazy\" width=\"4000\" height=\"2250\" src=\"https:\/\/www.ifbaiano.edu.br\/unidades\/santaines\/files\/2024\/09\/IMG_2-Serv.png\" alt=\"\" class=\"wp-image-22163 size-full\" \/><\/figure><div class=\"wp-block-media-text__content\">\n<p>Os seis novos servidores T\u00e9cnico-Administrativos que entraram em exerc\u00edcio no Campus Santa In\u00eas s\u00e3o ocupantes dos seguintes cargos:<\/p>\n\n\n\n<ul>\n<li>2 Assistentes de Alunos;<\/li>\n\n\n\n<li>2 Assistentes em Administra\u00e7\u00e3o;<\/li>\n\n\n\n<li>1 T\u00e9cnico de Tecnologia da Informa\u00e7\u00e3o;<\/li>\n\n\n\n<li>1 T\u00e9cnico de Contabilidade.<\/li>\n<\/ul>\n<\/div><\/div>\n\n\n\n<p>Ao se apresentar, a nova servidora, Marielle Barbosa, que tem bacharelado em Ci\u00eancias Cont\u00e1beis e assumiu o cargo T\u00e9cnico em Contabilidade, falou que, apesar de sua atua\u00e7\u00e3o profissional anterior ter sido na \u00e1rea de educa\u00e7\u00e3o (Auxiliar de Classe), o IF Baiano \u00e9 sua primeira experi\u00eancia de atua\u00e7\u00e3o em sua \u00e1rea de forma\u00e7\u00e3o. Ela se diz muito feliz por essa nova experi\u00eancia e agradecida pelo acolhimento recebido de todos. &#8220;O acolhimento que recebemos aqui foi de suma import\u00e2ncia pra nossa chegada. N\u00f3s que estamos vindo de outro ambiente de trabalho, de outra cidade&#8230; eu, particularmente, j\u00e1 me sinto em casa porque fui muito bem recebida por todos e espero, tamb\u00e9m, contribuir de forma positiva para o desenvolvimento dessa institui\u00e7\u00e3o&#8221;. Os novos servidores, Iranildo Oliveira, Jo\u00e3o Elias, Danilo Santos, Tiago Souza, Lara Pugliesi e Pedro Davi Pereira, tamb\u00e9m tiveram momentos de fala e de apresenta\u00e7\u00e3o.<\/p>\n\n\n\n<p>Depois foi a vez dos membros da gest\u00e3o se apresentarem para os novos colegas. As falas dos que fizeram uso da palavra foram no sentido, tamb\u00e9m de boas-vindas e desejos de sucesso para os colegas na nova jornada. Na sequ\u00eancia, todos os demais servidores que se fizeram presentes nesse momento de acolhida se apresentaram.<\/p>\n\n\n\n<figure class=\"wp-block-gallery has-nested-images columns-default is-cropped wp-block-gallery-3 is-layout-flex\">\n<figure class=\"wp-block-image size-large\"><a href=\"https:\/\/www.ifbaiano.edu.br\/unidades\/santaines\/files\/2024\/09\/2-1.png\"><img decoding=\"async\" loading=\"lazy\" width=\"1080\" height=\"1012\" data-id=\"22187\"  src=\"https:\/\/www.ifbaiano.edu.br\/unidades\/santaines\/files\/2024\/09\/2-1.png\" alt=\"\" class=\"wp-image-22187\" \/><\/a><\/figure>\n\n\n\n<figure class=\"wp-block-image size-large\"><a href=\"https:\/\/www.ifbaiano.edu.br\/unidades\/santaines\/files\/2024\/09\/IMG_-1.png\"><img decoding=\"async\" loading=\"lazy\" width=\"3840\" height=\"2160\" data-id=\"22177\"  src=\"https:\/\/www.ifbaiano.edu.br\/unidades\/santaines\/files\/2024\/09\/IMG_-1.png\" alt=\"\" class=\"wp-image-22177\" \/><\/a><\/figure>\n<\/figure>\n\n\n\n<p>O encontro tamb\u00e9m foi marcado pela fala de despedida do servidor Jocredson Teles, onde, ap\u00f3s sua fala foi surpreendido pela Diretora Geral que lhe entregou um certificado de agradecimento pela \u00a0aten\u00e7\u00e3o dada a cada estudante e servidor, comprometimento e dedica\u00e7\u00e3o com as demandas da Coordena\u00e7\u00e3o de Assuntos Estudantis &#8211; CAE e sua relevante contribui\u00e7\u00e3o ao campus Santa In\u00eas.<\/p>\n\n\n\n<p>O momento de acolhimento encerrou com um lanche e descontra\u00eddo di\u00e1logo entre os presentes.<\/p>\n\n\n\n<figure class=\"wp-block-gallery has-nested-images columns-default is-cropped wp-block-gallery-5 is-layout-flex\">\n<figure class=\"wp-block-image size-large\"><a href=\"https:\/\/www.ifbaiano.edu.br\/unidades\/santaines\/files\/2024\/09\/Andre-1.png\"><img decoding=\"async\" loading=\"lazy\" width=\"809\" height=\"529\" data-id=\"22184\"  src=\"https:\/\/www.ifbaiano.edu.br\/unidades\/santaines\/files\/2024\/09\/Andre-1.png\" alt=\"\" class=\"wp-image-22184\" \/><\/a><\/figure>\n\n\n\n<figure class=\"wp-block-image size-large\"><a href=\"https:\/\/www.ifbaiano.edu.br\/unidades\/santaines\/files\/2024\/09\/DADM-1.png\"><img decoding=\"async\" loading=\"lazy\" width=\"626\" height=\"443\" data-id=\"22181\"  src=\"https:\/\/www.ifbaiano.edu.br\/unidades\/santaines\/files\/2024\/09\/DADM-1.png\" alt=\"\" class=\"wp-image-22181\" \/><\/a><\/figure>\n\n\n\n<figure class=\"wp-block-image size-large\"><a href=\"https:\/\/www.ifbaiano.edu.br\/unidades\/santaines\/files\/2024\/09\/CAE-1.jpg\"><img decoding=\"async\" loading=\"lazy\" width=\"707\" height=\"480\" data-id=\"22182\"  src=\"https:\/\/www.ifbaiano.edu.br\/unidades\/santaines\/files\/2024\/09\/CAE-1.jpg\" alt=\"\" class=\"wp-image-22182\" \/><\/a><\/figure>\n\n\n\n<figure class=\"wp-block-image size-large\"><a href=\"https:\/\/www.ifbaiano.edu.br\/unidades\/santaines\/files\/2024\/09\/Tharcilla-1.png\"><img decoding=\"async\" loading=\"lazy\" width=\"578\" height=\"372\" data-id=\"22183\"  src=\"https:\/\/www.ifbaiano.edu.br\/unidades\/santaines\/files\/2024\/09\/Tharcilla-1.png\" alt=\"\" class=\"wp-image-22183\" \/><\/a><\/figure>\n\n\n\n<figure class=\"wp-block-image size-large\"><a href=\"https:\/\/www.ifbaiano.edu.br\/unidades\/santaines\/files\/2024\/09\/IMG_2024-1.png\"><img decoding=\"async\" loading=\"lazy\" width=\"3840\" height=\"2160\" data-id=\"22176\"  src=\"https:\/\/www.ifbaiano.edu.br\/unidades\/santaines\/files\/2024\/09\/IMG_2024-1.png\" alt=\"\" class=\"wp-image-22176\" \/><\/a><\/figure>\n\n\n\n<figure class=\"wp-block-image size-large\"><a href=\"https:\/\/www.ifbaiano.edu.br\/unidades\/santaines\/files\/2024\/09\/IMG_SERVidor-1.png\"><img decoding=\"async\" loading=\"lazy\" width=\"3840\" height=\"2160\" data-id=\"22175\"  src=\"https:\/\/www.ifbaiano.edu.br\/unidades\/santaines\/files\/2024\/09\/IMG_SERVidor-1.png\" alt=\"\" class=\"wp-image-22175\" \/><\/a><\/figure>\n\n\n\n<figure class=\"wp-block-image size-large\"><a href=\"https:\/\/www.ifbaiano.edu.br\/unidades\/santaines\/files\/2024\/09\/Wezer.png\"><img decoding=\"async\" loading=\"lazy\" width=\"1042\" height=\"543\" data-id=\"22169\"  src=\"https:\/\/www.ifbaiano.edu.br\/unidades\/santaines\/files\/2024\/09\/Wezer.png\" alt=\"\" class=\"wp-image-22169\" \/><\/a><\/figure>\n\n\n\n<figure class=\"wp-block-image size-large\"><a href=\"https:\/\/www.ifbaiano.edu.br\/unidades\/santaines\/files\/2024\/09\/IMG_20240-1.png\"><img decoding=\"async\" loading=\"lazy\" width=\"3840\" height=\"2160\" data-id=\"22174\"  src=\"https:\/\/www.ifbaiano.edu.br\/unidades\/santaines\/files\/2024\/09\/IMG_20240-1.png\" alt=\"\" class=\"wp-image-22174\" \/><\/a><\/figure>\n\n\n\n<figure class=\"wp-block-image size-large\"><a href=\"https:\/\/www.ifbaiano.edu.br\/unidades\/santaines\/files\/2024\/09\/IMG_6-Serv.png\"><img decoding=\"async\" loading=\"lazy\" width=\"3840\" height=\"2160\" data-id=\"22155\"  src=\"https:\/\/www.ifbaiano.edu.br\/unidades\/santaines\/files\/2024\/09\/IMG_6-Serv.png\" alt=\"\" class=\"wp-image-22155\" \/><\/a><\/figure>\n\n\n\n<figure class=\"wp-block-image size-large\"><a href=\"https:\/\/www.ifbaiano.edu.br\/unidades\/santaines\/files\/2024\/09\/IMG_10.png\"><img decoding=\"async\" loading=\"lazy\" width=\"4000\" height=\"2250\" data-id=\"22159\"  src=\"https:\/\/www.ifbaiano.edu.br\/unidades\/santaines\/files\/2024\/09\/IMG_10.png\" alt=\"\" class=\"wp-image-22159\" \/><\/a><\/figure>\n\n\n\n<figure class=\"wp-block-image size-large\"><a href=\"https:\/\/www.ifbaiano.edu.br\/unidades\/santaines\/files\/2024\/09\/IMG_1-Serv.png\"><img decoding=\"async\" loading=\"lazy\" width=\"3840\" height=\"2160\" data-id=\"22164\"  src=\"https:\/\/www.ifbaiano.edu.br\/unidades\/santaines\/files\/2024\/09\/IMG_1-Serv.png\" alt=\"\" class=\"wp-image-22164\" \/><\/a><\/figure>\n\n\n\n<figure class=\"wp-block-image size-large\"><a href=\"https:\/\/www.ifbaiano.edu.br\/unidades\/santaines\/files\/2024\/09\/IMG_Serv.png\"><img decoding=\"async\" loading=\"lazy\" width=\"1528\" height=\"1528\" data-id=\"22152\"  src=\"https:\/\/www.ifbaiano.edu.br\/unidades\/santaines\/files\/2024\/09\/IMG_Serv.png\" alt=\"\" class=\"wp-image-22152\" \/><\/a><\/figure>\n<\/figure>\n\n\n\n<hr class=\"wp-block-separator has-alpha-channel-opacity\" \/>\n","protected":false},"excerpt":{"rendered":"<p>Na manh\u00e3 de ontem, 4, seis novos servidores t\u00e9cnico-administrativos e um professor do Campus Santa In\u00eas, receberam as boas-vindas da equipe gestora e de outros servidores da institui\u00e7\u00e3o, em um momento de acolhida e apresenta\u00e7\u00f5es, no audit\u00f3rio da biblioteca do campus. Estiveram presentes nesse momento de acolhida, a Diretora-geral, professora Genilda Lima, O Diretor Acad\u00eamico, [&hellip;]<\/p>\n","protected":false},"author":86,"featured_media":22190,"comment_status":"closed","ping_status":"closed","sticky":false,"template":"","format":"standard","meta":[],"categories":[4,5,57],"tags":[],"_links":{"self":[{"href":"https:\/\/www.ifbaiano.edu.br\/unidades\/santaines\/wp-json\/wp\/v2\/posts\/22133"}],"collection":[{"href":"https:\/\/www.ifbaiano.edu.br\/unidades\/santaines\/wp-json\/wp\/v2\/posts"}],"about":[{"href":"https:\/\/www.ifbaiano.edu.br\/unidades\/santaines\/wp-json\/wp\/v2\/types\/post"}],"author":[{"embeddable":true,"href":"https:\/\/www.ifbaiano.edu.br\/unidades\/santaines\/wp-json\/wp\/v2\/users\/86"}],"replies":[{"embeddable":true,"href":"https:\/\/www.ifbaiano.edu.br\/unidades\/santaines\/wp-json\/wp\/v2\/comments?post=22133"}],"version-history":[{"count":4,"href":"https:\/\/www.ifbaiano.edu.br\/unidades\/santaines\/wp-json\/wp\/v2\/posts\/22133\/revisions"}],"predecessor-version":[{"id":22191,"href":"https:\/\/www.ifbaiano.edu.br\/unidades\/santaines\/wp-json\/wp\/v2\/posts\/22133\/revisions\/22191"}],"wp:featuredmedia":[{"embeddable":true,"href":"https:\/\/www.ifbaiano.edu.br\/unidades\/santaines\/wp-json\/wp\/v2\/media\/22190"}],"wp:attachment":[{"href":"https:\/\/www.ifbaiano.edu.br\/unidades\/santaines\/wp-json\/wp\/v2\/media?parent=22133"}],"wp:term":[{"taxonomy":"category","embeddable":true,"href":"https:\/\/www.ifbaiano.edu.br\/unidades\/santaines\/wp-json\/wp\/v2\/categories?post=22133"},{"taxonomy":"post_tag","embeddable":true,"href":"https:\/\/www.ifbaiano.edu.br\/unidades\/santaines\/wp-json\/wp\/v2\/tags?post=22133"}],"curies":[{"name":"wp","href":"https:\/\/api.w.org\/{rel}","templated":true}]}}