{"id":22139,"date":"2024-09-09T10:29:39","date_gmt":"2024-09-09T13:29:39","guid":{"rendered":"https:\/\/www.ifbaiano.edu.br\/unidades\/santaines\/?p=22139"},"modified":"2024-11-01T14:22:31","modified_gmt":"2024-11-01T17:22:31","slug":"campus-santa-ines-seleciona-voluntarios-em-ii-edicao-do-programa-if-de-portas-abertas","status":"publish","type":"post","link":"https:\/\/www.ifbaiano.edu.br\/unidades\/santaines\/campus-santa-ines-seleciona-voluntarios-em-ii-edicao-do-programa-if-de-portas-abertas\/","title":{"rendered":"Campus Santa In\u00eas seleciona volunt\u00e1rios em III Edi\u00e7\u00e3o do Programa \u201cIF de Portas Abertas\u201d"},"content":{"rendered":"<p style=\"margin: 0cm;margin-bottom: .0001pt;text-align: justify;line-height: 150%\">O Programa \u201cIF de Portas Abertas\u201d do Campus Santa In\u00eas, em sua III Edi\u00e7\u00e3o, est\u00e1 selecionando estudantes para atuarem como volunt\u00e1rios(as) no apoio, orienta\u00e7\u00e3o e condu\u00e7\u00e3o dos visitantes nas \u00e1reas internas do Campus Santa In\u00eas, na programa\u00e7\u00e3o que vai acontecer durante o m\u00eas de outubro de 2024.<\/p>\n<!-- \/wp:paragraph --><!-- wp:paragraph -->\n<p style=\"margin: 0cm;margin-bottom: .0001pt;text-align: justify;line-height: 150%\">Para participar da sele\u00e7\u00e3o, como volunt\u00e1rio(a), \u00e9 necess\u00e1rio ser estudante de um dos cursos t\u00e9cnicos integrados ou de gradua\u00e7\u00e3o do campus e para se inscrever os(as) interessados(as) devem preencher um\u00a0<a href=\"https:\/\/docs.google.com\/forms\/d\/1BzZZExEqSSsB72YtP2_1ue1bbNSbD8ftF69xMdw72qs\/edit\">formul\u00e1rio <i>online<\/i>\u00a0<\/a>at\u00e9 o dia 13 de outubro de 2024.<\/p>\n<!-- \/wp:paragraph --><!-- wp:paragraph -->\n<p style=\"margin: 0cm;margin-bottom: .0001pt;text-align: justify;line-height: 150%\">A finalidade do &#8220;IF de Portas Abertas&#8221; \u00e9 receber a comunidade e os estudantes do Territ\u00f3rio de Identidade do Vale do Jiquiri\u00e7\u00e1 para apresentar a estrutura do campus, os cursos ofertados pela institui\u00e7\u00e3o e os projetos de ensino, pesquisa e extens\u00e3o desenvolvidos pela sua comunidade acad\u00eamica.<\/p>\n<!-- \/wp:paragraph --><!-- wp:paragraph -->\n<p style=\"margin: 0cm;margin-bottom: .0001pt;text-align: justify;line-height: 150%\">Cada selecionado(a) como volunt\u00e1rios(a) receber\u00e1 um certificado com carga hor\u00e1ria, de acordo com a sua\nparticipa\u00e7\u00e3o nas atividades do programa que acontecer\u00e3o durante o m\u00eas de outubro com datas j\u00e1 definidas (02, 04, 09, 11 e 23 de outubro), de acordo com o agendamento das visitas pelas escolas da regi\u00e3o durante o ano de 2024. Os agendamentos das escolas para visitas ao Campus tamb\u00e9m ser\u00e3o feitas pela internet, por meio de <a href=\"https:\/\/docs.google.com\/forms\/d\/1IytZdSFmAqns2H2HzN8IYkYSvYHnWV2em12MY0eZe4M\/edit\">formul\u00e1rio de Inscri\u00e7\u00e3o <em>online<\/em> das escolas<\/a>.<\/p>\n<!-- \/wp:paragraph -->\n\n<!-- wp:separator -->\n\n<hr class=\"wp-block-separator has-alpha-channel-opacity\" \/>\n\n<!-- \/wp:separator -->","protected":false},"excerpt":{"rendered":"<p>O Programa \u201cIF de Portas Abertas\u201d do Campus Santa In\u00eas, em sua III Edi\u00e7\u00e3o, est\u00e1 selecionando estudantes para atuarem como volunt\u00e1rios(as) no apoio, orienta\u00e7\u00e3o e condu\u00e7\u00e3o dos visitantes nas \u00e1reas internas do Campus Santa In\u00eas, na programa\u00e7\u00e3o que vai acontecer durante o m\u00eas de outubro de 2024. Para participar da sele\u00e7\u00e3o, como volunt\u00e1rio(a), \u00e9 necess\u00e1rio [&hellip;]<\/p>\n","protected":false},"author":86,"featured_media":22145,"comment_status":"closed","ping_status":"closed","sticky":false,"template":"","format":"standard","meta":[],"categories":[4,38,5,57],"tags":[],"_links":{"self":[{"href":"https:\/\/www.ifbaiano.edu.br\/unidades\/santaines\/wp-json\/wp\/v2\/posts\/22139"}],"collection":[{"href":"https:\/\/www.ifbaiano.edu.br\/unidades\/santaines\/wp-json\/wp\/v2\/posts"}],"about":[{"href":"https:\/\/www.ifbaiano.edu.br\/unidades\/santaines\/wp-json\/wp\/v2\/types\/post"}],"author":[{"embeddable":true,"href":"https:\/\/www.ifbaiano.edu.br\/unidades\/santaines\/wp-json\/wp\/v2\/users\/86"}],"replies":[{"embeddable":true,"href":"https:\/\/www.ifbaiano.edu.br\/unidades\/santaines\/wp-json\/wp\/v2\/comments?post=22139"}],"version-history":[{"count":5,"href":"https:\/\/www.ifbaiano.edu.br\/unidades\/santaines\/wp-json\/wp\/v2\/posts\/22139\/revisions"}],"predecessor-version":[{"id":22714,"href":"https:\/\/www.ifbaiano.edu.br\/unidades\/santaines\/wp-json\/wp\/v2\/posts\/22139\/revisions\/22714"}],"wp:featuredmedia":[{"embeddable":true,"href":"https:\/\/www.ifbaiano.edu.br\/unidades\/santaines\/wp-json\/wp\/v2\/media\/22145"}],"wp:attachment":[{"href":"https:\/\/www.ifbaiano.edu.br\/unidades\/santaines\/wp-json\/wp\/v2\/media?parent=22139"}],"wp:term":[{"taxonomy":"category","embeddable":true,"href":"https:\/\/www.ifbaiano.edu.br\/unidades\/santaines\/wp-json\/wp\/v2\/categories?post=22139"},{"taxonomy":"post_tag","embeddable":true,"href":"https:\/\/www.ifbaiano.edu.br\/unidades\/santaines\/wp-json\/wp\/v2\/tags?post=22139"}],"curies":[{"name":"wp","href":"https:\/\/api.w.org\/{rel}","templated":true}]}}