{"id":2217,"date":"2012-08-08T09:18:36","date_gmt":"2012-08-08T12:18:36","guid":{"rendered":"http:\/\/www.ifbaiano.edu.br\/unidades\/santaines\/?p=2217"},"modified":"2012-09-10T10:45:53","modified_gmt":"2012-09-10T13:45:53","slug":"concurso-do-if-baiano-inscreve-10-434-candidatos","status":"publish","type":"post","link":"https:\/\/www.ifbaiano.edu.br\/unidades\/santaines\/concurso-do-if-baiano-inscreve-10-434-candidatos\/","title":{"rendered":"Concurso do IF Baiano inscreve 10.434 candidatos"},"content":{"rendered":"<div>\n<p style=\"text-align: right\"><strong>08\/08\/2012 \u00e0s 09h18<\/strong><\/p>\n<p>&nbsp;<\/p>\n<p>No pr\u00f3ximo dia 12 de agosto (domingo) acontece o processo seletivo do Instituto Federal Baiano para contrata\u00e7\u00e3o de novos servidores. 8.294 candidatos concorrem a 80 vagas para os cargos de t\u00e9cnico-administrativo e 2.140 participam do pleito a 95 vagas para o quadro de docentes. No total, 10.434 candidatos disputam a oportunidade de fazer parte da rede IF Baiano.<\/p>\n<p>&nbsp;<\/p>\n<p>Confira detalhadamente a distribui\u00e7\u00e3o de cargos, vagas, p\u00f3lo de trabalho e quantitativo de inscritos do Concurso<a href=\"http:\/\/www.ifbaiano.edu.br\/reitoria\/wp-content\/uploads\/2012\/08\/Concorrencia-IFBAIANO.pdf\"> aqui<\/a><\/p>\n<p>Para maiores informa\u00e7\u00f5es sobre os locais e as normas de realiza\u00e7\u00e3o da prova deste concurso, acesse <a href=\"http:\/\/www.ifbaiano.edu.br\/reitoria\/?p=12190\">aqui<\/a> e leia atentamente o Edital.<\/p>\n<p>Referente ao conte\u00fado program\u00e1tico das provas escritas objetivas e did\u00e1ticas, a Comiss\u00e3o de Supervis\u00e3o do Concurso P\u00fablico 2012 informa <strong>que n\u00e3o prestar\u00e1 esclarecimentos <\/strong>sobre os pontos (assuntos) das provas, pois a interpreta\u00e7\u00e3o dos temas faz parte da avalia\u00e7\u00e3o.<strong><\/strong><\/p>\n<p>O Instituto Federal Baiano tem somado esfor\u00e7os para equilibrar o processo de estrutura\u00e7\u00e3o e expans\u00e3o da sua rede e, assim, proporcionar uma Educa\u00e7\u00e3o p\u00fablica, gratuita e de qualidade para a comunidade do estado da Bahia. O concurso 2012 do IF Baiano tem como objetivo garantir a admiss\u00e3o de novos contribuintes para esta empreitada.<\/p>\n<p>&nbsp;<\/p>\n<p>Ascom\/IF Baiano<\/p>\n<\/div>\n","protected":false},"excerpt":{"rendered":"<p>A prova ser\u00e1 realizada no dia 12 de agosto (DOMINGO)<\/p>\n","protected":false},"author":33,"featured_media":0,"comment_status":"closed","ping_status":"closed","sticky":false,"template":"","format":"standard","meta":[],"categories":[11],"tags":[],"_links":{"self":[{"href":"https:\/\/www.ifbaiano.edu.br\/unidades\/santaines\/wp-json\/wp\/v2\/posts\/2217"}],"collection":[{"href":"https:\/\/www.ifbaiano.edu.br\/unidades\/santaines\/wp-json\/wp\/v2\/posts"}],"about":[{"href":"https:\/\/www.ifbaiano.edu.br\/unidades\/santaines\/wp-json\/wp\/v2\/types\/post"}],"author":[{"embeddable":true,"href":"https:\/\/www.ifbaiano.edu.br\/unidades\/santaines\/wp-json\/wp\/v2\/users\/33"}],"replies":[{"embeddable":true,"href":"https:\/\/www.ifbaiano.edu.br\/unidades\/santaines\/wp-json\/wp\/v2\/comments?post=2217"}],"version-history":[{"count":2,"href":"https:\/\/www.ifbaiano.edu.br\/unidades\/santaines\/wp-json\/wp\/v2\/posts\/2217\/revisions"}],"predecessor-version":[{"id":2248,"href":"https:\/\/www.ifbaiano.edu.br\/unidades\/santaines\/wp-json\/wp\/v2\/posts\/2217\/revisions\/2248"}],"wp:attachment":[{"href":"https:\/\/www.ifbaiano.edu.br\/unidades\/santaines\/wp-json\/wp\/v2\/media?parent=2217"}],"wp:term":[{"taxonomy":"category","embeddable":true,"href":"https:\/\/www.ifbaiano.edu.br\/unidades\/santaines\/wp-json\/wp\/v2\/categories?post=2217"},{"taxonomy":"post_tag","embeddable":true,"href":"https:\/\/www.ifbaiano.edu.br\/unidades\/santaines\/wp-json\/wp\/v2\/tags?post=2217"}],"curies":[{"name":"wp","href":"https:\/\/api.w.org\/{rel}","templated":true}]}}