{"id":22206,"date":"2024-09-05T20:05:52","date_gmt":"2024-09-05T23:05:52","guid":{"rendered":"https:\/\/www.ifbaiano.edu.br\/unidades\/santaines\/?p=22206"},"modified":"2024-09-05T20:05:53","modified_gmt":"2024-09-05T23:05:53","slug":"if-baiano-abre-inscricoes-para-80-bolsas-de-monitoria-em-cursos-tecnicos-de-nivel-medio-e-cursos-de-graduacao","status":"publish","type":"post","link":"https:\/\/www.ifbaiano.edu.br\/unidades\/santaines\/if-baiano-abre-inscricoes-para-80-bolsas-de-monitoria-em-cursos-tecnicos-de-nivel-medio-e-cursos-de-graduacao\/","title":{"rendered":"IF Baiano abre inscri\u00e7\u00f5es para 80 bolsas de monitoria em cursos t\u00e9cnicos de n\u00edvel m\u00e9dio e cursos de gradua\u00e7\u00e3o"},"content":{"rendered":"\n<p>O Instituto Federal Baiano (IF Baiano) abriu as inscri\u00e7\u00f5es para o processo seletivo de monitores que sejam estudantes de cursos de N\u00edvel M\u00e9dio e de Gradua\u00e7\u00e3o, no valor de R$300,00 reais mensais, com carga hor\u00e1ria de 20 horas semanais, durante 10 meses.&nbsp;<\/p>\n\n\n\n<p>A institui\u00e7\u00e3o lan\u00e7ou o&nbsp;<a href=\"https:\/\/concurso.ifbaiano.edu.br\/portal\/bolsas-monitoria-setembro-2024\/wp-content\/uploads\/sites\/1051\/2024\/09\/Edital-de-Abertura-da-Selecao.pdf\">edital geral<\/a>&nbsp;de orienta\u00e7\u00f5es sobre monitoria para que os campi lancem seus pr\u00f3prios editais. Portanto, os alunos interessados devem ficar atentos ao site da sua unidade para verificar a forma e o prazo de inscri\u00e7\u00f5es. O edital geral orienta que as inscri\u00e7\u00f5es sejam lan\u00e7adas entre setembro de 2024 e setembro de 2025, de forma n\u00e3o presencial, preferencialmente, por meio eletr\u00f4nico (formul\u00e1rio ou e-mail), disponibilizado pela Comiss\u00e3o Local.&nbsp;<\/p>\n\n\n\n<p>O programa de monitoria \u00e9 uma atividade acad\u00eamica para a melhoria do ensino dos cursos t\u00e9cnicos de n\u00edvel m\u00e9dio e dos cursos de gradua\u00e7\u00e3o, atrav\u00e9s do estabelecimento de novos m\u00e9todos e experi\u00eancias educacionais, a articula\u00e7\u00e3o entre teoria e pr\u00e1tica, bem como a integra\u00e7\u00e3o curricular em seus diferentes aspectos.<\/p>\n\n\n\n<p>No total, s\u00e3o 80 bolsas de monitoria distribu\u00eddas entre os 14 campi do IF Baiano. Confira as quantidades de vagas de cada campus abaixo:&nbsp;&nbsp;<\/p>\n\n\n\n<ol>\n<li>Alagoinhas \u2013&nbsp; 6<\/li>\n\n\n\n<li>Bom Jesus da Lapa \u2013 5<\/li>\n\n\n\n<li>Catu \u2013 7<\/li>\n\n\n\n<li>Governador Mangabeira \u2013 5<\/li>\n\n\n\n<li>Guanambi \u2013 7<\/li>\n\n\n\n<li>Itaberaba \u2013 5<\/li>\n\n\n\n<li>Itapetinga \u2013 5<\/li>\n\n\n\n<li>Santa In\u00eas \u2013 7<\/li>\n\n\n\n<li>Senhor do Bonfim \u2013 7<\/li>\n\n\n\n<li>Serrinha \u2013 5<\/li>\n\n\n\n<li>Teixeira de Freitas \u2013 5<\/li>\n\n\n\n<li>Uru\u00e7uca \u2013 5<\/li>\n\n\n\n<li>Valen\u00e7a \u2013 6<\/li>\n\n\n\n<li>Xique-Xique \u2013 5&nbsp;<\/li>\n<\/ol>\n\n\n\n<p>O processo seletivo \u00e9 destinado para estudantes regularmente matriculados nos Cursos da Educa\u00e7\u00e3o Profissional T\u00e9cnica de N\u00edvel M\u00e9dio, incluindo nos cursos Subsequentes, e nos Cursos de Gradua\u00e7\u00e3o. Os estudantes poder\u00e3o candidatar-se \u00e0 Monitoria em um ou mais componentes curriculares, mas dever\u00e3o fazer a escolha de apenas um componente curricular na data de assinatura do Termo de Compromisso.&nbsp;<\/p>\n\n\n\n<p>Para se candidatar a uma vaga do Programa de Monitoria, os estudantes devem estar&nbsp; regularmente matriculados nos cursos que tenham sido aprovados no componente curricular que caracteriza a \u00e1rea da monitoria pretendida, ter compatibilidade entre os hor\u00e1rios de suas atividades acad\u00eamicas e os propostos para o desenvolvimento da monitoria, n\u00e3o tenham desistido da atividade de monitoria anteriormente e n\u00e3o estejam respondendo a Processo Disciplinar Discente.<\/p>\n\n\n\n<p>Considerando o hor\u00e1rio normal de funcionamento dos campi, os monitores selecionados dever\u00e3o dispor de no m\u00ednimo 8 (oito) horas e no m\u00e1ximo 10 (dez) horas semanais de segunda-feira a sexta-feira, distribu\u00eddas entre atividades em sala de aula, atividades de planejamento com orientador e de estudo individual, obedecendo \u00e0 programa\u00e7\u00e3o a ser elaborada com o Docente Orientador, organizada no Plano de Monitoria.<\/p>\n\n\n\n<p>A Comiss\u00e3o Local definir\u00e1 no Edital como se dar\u00e1 a sele\u00e7\u00e3o, podendo se utilizar de uma ou mais op\u00e7\u00f5es abaixo:<\/p>\n\n\n\n<p>a. Por meio de an\u00e1lise do hist\u00f3rico escolar; e\/ou<\/p>\n\n\n\n<p>b. Entrevista a ser realizada na data especificada no cronograma do Edital; e\/ou<\/p>\n\n\n\n<p>c. Avalia\u00e7\u00e3o escrita ou pr\u00e1tica.<\/p>\n\n\n\n<p>O detalhamento completo est\u00e1 disposto no&nbsp;<a href=\"https:\/\/concurso.ifbaiano.edu.br\/portal\/bolsas-monitoria-setembro-2024\/wp-content\/uploads\/sites\/1051\/2024\/09\/Edital-de-Abertura-da-Selecao.pdf\">Edital.<\/a><\/p>\n\n\n\n<p>D\u00favidas e questionamentos podem ser enviadas para o e-mail:\u00a0<a href=\"mailto:dpde@ifbaiano.edu.br\">dpde@ifbaiano.edu.br<\/a>.<\/p>\n\n\n\n<hr class=\"wp-block-separator has-alpha-channel-opacity\" \/>\n\n\n\n<p><\/p>\n","protected":false},"excerpt":{"rendered":"<p>O Instituto Federal Baiano (IF Baiano) abriu as inscri\u00e7\u00f5es para o processo seletivo de monitores que sejam estudantes de cursos de N\u00edvel M\u00e9dio e de Gradua\u00e7\u00e3o, no valor de R$300,00 reais mensais, com carga hor\u00e1ria de 20 horas semanais, durante 10 meses.&nbsp; A institui\u00e7\u00e3o lan\u00e7ou o&nbsp;edital geral&nbsp;de orienta\u00e7\u00f5es sobre monitoria para que os campi lancem [&hellip;]<\/p>\n","protected":false},"author":86,"featured_media":22207,"comment_status":"closed","ping_status":"closed","sticky":false,"template":"","format":"standard","meta":[],"categories":[4,38,57],"tags":[],"_links":{"self":[{"href":"https:\/\/www.ifbaiano.edu.br\/unidades\/santaines\/wp-json\/wp\/v2\/posts\/22206"}],"collection":[{"href":"https:\/\/www.ifbaiano.edu.br\/unidades\/santaines\/wp-json\/wp\/v2\/posts"}],"about":[{"href":"https:\/\/www.ifbaiano.edu.br\/unidades\/santaines\/wp-json\/wp\/v2\/types\/post"}],"author":[{"embeddable":true,"href":"https:\/\/www.ifbaiano.edu.br\/unidades\/santaines\/wp-json\/wp\/v2\/users\/86"}],"replies":[{"embeddable":true,"href":"https:\/\/www.ifbaiano.edu.br\/unidades\/santaines\/wp-json\/wp\/v2\/comments?post=22206"}],"version-history":[{"count":1,"href":"https:\/\/www.ifbaiano.edu.br\/unidades\/santaines\/wp-json\/wp\/v2\/posts\/22206\/revisions"}],"predecessor-version":[{"id":22208,"href":"https:\/\/www.ifbaiano.edu.br\/unidades\/santaines\/wp-json\/wp\/v2\/posts\/22206\/revisions\/22208"}],"wp:featuredmedia":[{"embeddable":true,"href":"https:\/\/www.ifbaiano.edu.br\/unidades\/santaines\/wp-json\/wp\/v2\/media\/22207"}],"wp:attachment":[{"href":"https:\/\/www.ifbaiano.edu.br\/unidades\/santaines\/wp-json\/wp\/v2\/media?parent=22206"}],"wp:term":[{"taxonomy":"category","embeddable":true,"href":"https:\/\/www.ifbaiano.edu.br\/unidades\/santaines\/wp-json\/wp\/v2\/categories?post=22206"},{"taxonomy":"post_tag","embeddable":true,"href":"https:\/\/www.ifbaiano.edu.br\/unidades\/santaines\/wp-json\/wp\/v2\/tags?post=22206"}],"curies":[{"name":"wp","href":"https:\/\/api.w.org\/{rel}","templated":true}]}}