{"id":22210,"date":"2024-09-12T10:50:00","date_gmt":"2024-09-12T13:50:00","guid":{"rendered":"https:\/\/www.ifbaiano.edu.br\/unidades\/santaines\/?p=22210"},"modified":"2024-11-01T14:21:28","modified_gmt":"2024-11-01T17:21:28","slug":"campus-santa-ines-recebe-visitas-de-escolas-em-ii-edicao-do-programa-if-de-portas-abertas","status":"publish","type":"post","link":"https:\/\/www.ifbaiano.edu.br\/unidades\/santaines\/campus-santa-ines-recebe-visitas-de-escolas-em-ii-edicao-do-programa-if-de-portas-abertas\/","title":{"rendered":"Campus Santa In\u00eas recebe visitas de escolas em III Edi\u00e7\u00e3o do Programa \u201cIF de Portas Abertas\u201d"},"content":{"rendered":"\n<p>O Campus Santa In\u00eas abre agenda para visitas de escolas p\u00fablicas e privadas do Territ\u00f3rio de Identidade do Vale do Jiquiri\u00e7\u00e1 em sua III Edi\u00e7\u00e3o do Programa \u201cIF de Portas Abertas\u201d. A finalidade das visitas \u00e9 para apresentar aos estudantes a estrutura do campus, os cursos ofertados pela institui\u00e7\u00e3o e os projetos de ensino, pesquisa e extens\u00e3o desenvolvidos pela sua comunidade acad\u00eamica.<\/p>\n\n\n\n<div class=\"wp-block-media-text alignwide is-stacked-on-mobile\"><figure class=\"wp-block-media-text__media\"><img decoding=\"async\" loading=\"lazy\" width=\"1080\" height=\"1080\" src=\"https:\/\/www.ifbaiano.edu.br\/unidades\/santaines\/files\/2024\/09\/IF-de-portas-Abertas-Escola-1.png\" alt=\"\" class=\"wp-image-22213 size-full\" \/><\/figure><div class=\"wp-block-media-text__content\">\n<p>O \u201cIF de Portas Abertas\u201d tamb\u00e9m visa prestar orienta\u00e7\u00f5es e esclarecer as d\u00favidas dos estudantes visitantes sobre processo seletivo e formas de ingresso no IF Baiano \u2013 Campus Santa In\u00eas, nas diversas modalidades de cursos ofertados pela institui\u00e7\u00e3o. Nas datas agendada a visita ser\u00e1 realizada para os estudantes de nono ano.<\/p>\n\n\n\n<p>As visitas est\u00e3o programadas para a recep\u00e7\u00e3o de estudantes do 9\u00ba ano e essas acontecem durante o m\u00eas de outubro de 2024 em datas j\u00e1 pr\u00e9-definidas para os dias 02, 04, 09, 11 e 23. <\/p>\n<\/div><\/div>\n\n\n\n<p>Para fazer o agendamento da visita, o dirigente da escola visitante, deve preencher o <a href=\"https:\/\/docs.google.com\/forms\/d\/1IytZdSFmAqns2H2HzN8IYkYSvYHnWV2em12MY0eZe4M\/edit\">formul\u00e1rio de Inscri\u00e7\u00e3o online das escolas<\/a>, at\u00e9 o dia <strong>13 de setembro<\/strong>, e escolher uma das datas dispon\u00edveis. Entre os dias 16 e 19 de setembro, o Campus Santa In\u00eas entrar\u00e1 em contato confirmando o agendamento. Dependendo do quantitativo de inscritos na data escolhida, poder\u00e1 ocorrer a necessidades de remanejamento de datas.<\/p>\n\n\n\n<hr class=\"wp-block-separator has-alpha-channel-opacity\" \/>\n","protected":false},"excerpt":{"rendered":"<p>O Campus Santa In\u00eas abre agenda para visitas de escolas p\u00fablicas e privadas do Territ\u00f3rio de Identidade do Vale do Jiquiri\u00e7\u00e1 em sua III Edi\u00e7\u00e3o do Programa \u201cIF de Portas Abertas\u201d. A finalidade das visitas \u00e9 para apresentar aos estudantes a estrutura do campus, os cursos ofertados pela institui\u00e7\u00e3o e os projetos de ensino, pesquisa [&hellip;]<\/p>\n","protected":false},"author":86,"featured_media":22211,"comment_status":"closed","ping_status":"closed","sticky":false,"template":"","format":"standard","meta":[],"categories":[4,19,5,57],"tags":[],"_links":{"self":[{"href":"https:\/\/www.ifbaiano.edu.br\/unidades\/santaines\/wp-json\/wp\/v2\/posts\/22210"}],"collection":[{"href":"https:\/\/www.ifbaiano.edu.br\/unidades\/santaines\/wp-json\/wp\/v2\/posts"}],"about":[{"href":"https:\/\/www.ifbaiano.edu.br\/unidades\/santaines\/wp-json\/wp\/v2\/types\/post"}],"author":[{"embeddable":true,"href":"https:\/\/www.ifbaiano.edu.br\/unidades\/santaines\/wp-json\/wp\/v2\/users\/86"}],"replies":[{"embeddable":true,"href":"https:\/\/www.ifbaiano.edu.br\/unidades\/santaines\/wp-json\/wp\/v2\/comments?post=22210"}],"version-history":[{"count":4,"href":"https:\/\/www.ifbaiano.edu.br\/unidades\/santaines\/wp-json\/wp\/v2\/posts\/22210\/revisions"}],"predecessor-version":[{"id":22713,"href":"https:\/\/www.ifbaiano.edu.br\/unidades\/santaines\/wp-json\/wp\/v2\/posts\/22210\/revisions\/22713"}],"wp:featuredmedia":[{"embeddable":true,"href":"https:\/\/www.ifbaiano.edu.br\/unidades\/santaines\/wp-json\/wp\/v2\/media\/22211"}],"wp:attachment":[{"href":"https:\/\/www.ifbaiano.edu.br\/unidades\/santaines\/wp-json\/wp\/v2\/media?parent=22210"}],"wp:term":[{"taxonomy":"category","embeddable":true,"href":"https:\/\/www.ifbaiano.edu.br\/unidades\/santaines\/wp-json\/wp\/v2\/categories?post=22210"},{"taxonomy":"post_tag","embeddable":true,"href":"https:\/\/www.ifbaiano.edu.br\/unidades\/santaines\/wp-json\/wp\/v2\/tags?post=22210"}],"curies":[{"name":"wp","href":"https:\/\/api.w.org\/{rel}","templated":true}]}}