{"id":22219,"date":"2024-09-09T16:16:26","date_gmt":"2024-09-09T19:16:26","guid":{"rendered":"https:\/\/www.ifbaiano.edu.br\/unidades\/santaines\/?p=22219"},"modified":"2024-09-09T16:16:27","modified_gmt":"2024-09-09T19:16:27","slug":"estudante-do-campus-santa-ines-apresentou-trabalho-aprovado-em-simposio-internacional","status":"publish","type":"post","link":"https:\/\/www.ifbaiano.edu.br\/unidades\/santaines\/estudante-do-campus-santa-ines-apresentou-trabalho-aprovado-em-simposio-internacional\/","title":{"rendered":"Estudante do Campus Santa In\u00eas apresentou trabalho aprovado em Simp\u00f3sio Internacional"},"content":{"rendered":"\n<p>O discente Israel Fran\u00e7a do Curso de Bacharelado em Zootecnia apresentou trabalho na se\u00e7\u00e3o oral do Simp\u00f3sio Internacional de Conserva\u00e7\u00e3o\u00a0 dos Recursos Gen\u00e9ticos\u00a0que aconteceu no IF baiano &#8211; Campus Valen\u00e7a, no per\u00edodo de 04 a 06 de Setembro. O evento \u00e9 voltado para a conserva\u00e7\u00e3o da biodiversidade de animais dom\u00e9sticos das ra\u00e7as locais para o desenvolvimento sustent\u00e1vel e contou com a participa\u00e7\u00e3o\u00a0 de mais de 15 pa\u00edses que t\u00eam programas de Conserva\u00e7\u00e3o das suas ra\u00e7as nativas.<\/p>\n\n\n\n<div class=\"wp-block-media-text alignwide is-stacked-on-mobile\"><figure class=\"wp-block-media-text__media\"><img decoding=\"async\" loading=\"lazy\" width=\"1213\" height=\"515\" src=\"https:\/\/www.ifbaiano.edu.br\/unidades\/santaines\/files\/2024\/09\/5a34e75d-cf72-47e1-b03d-b88054d4f813.png\" alt=\"\" class=\"wp-image-22222 size-full\" \/><\/figure><div class=\"wp-block-media-text__content\">\n<p>O trabalho apresentado por Israel, intitulado \u201cSistema RAS: alternativa para desenvolvimento da piscicultura local\u201d, foi orientado pelo professor Guilherme Rodrigues e teve como autores colaboradores outros estudantes do Bacharelado em Zootecnia do Campus Santa In\u00eas: Karine Santos, Inara Sales e Thaiane Fr\u00f3es.<\/p>\n<\/div><\/div>\n\n\n\n<p>Segundo o professor Guilherme nascimento, o trabalho foi desenvolvido a partir da constru\u00e7\u00e3o do sistema RAS (Sistema de recircula\u00e7\u00e3o de \u00e1gua) para produ\u00e7\u00e3o de peixes no IF Baiano &#8211; Campus Santa In\u00eas. \u201cO objetivo desse trabalho foi apresentar o sistema de cria\u00e7\u00e3o e o potencial para conserva\u00e7\u00e3o de recursos gen\u00e9ticos na piscicultura\u201d. Disse o professor.<\/p>\n\n\n\n<p>Israel afirma que a apresenta\u00e7\u00e3o sobre sistemas RAS como alternativa na produ\u00e7\u00e3o pisc\u00edcola local foi crucial para divulgar essa tecnologia sustent\u00e1vel. &#8220;Ao apresentar os benef\u00edcios dos sistemas RAS, busquei contribuir para a conscientiza\u00e7\u00e3o sobre a import\u00e2ncia de uma tomada de decis\u00e3o eficiente e respons\u00e1vel. Essa experi\u00eancia foi muito gratificante e me proporcionou uma sensa\u00e7\u00e3o de dever cumprido&#8221;. Conclui o estudante.<\/p>\n\n\n\n<figure class=\"wp-block-gallery has-nested-images columns-default is-cropped wp-block-gallery-1 is-layout-flex\">\n<figure class=\"wp-block-image size-large\"><a href=\"https:\/\/www.ifbaiano.edu.br\/unidades\/santaines\/files\/2024\/09\/76e8e9e3-fedb-44ac-903f-a79a62f6d593.png\"><img decoding=\"async\" loading=\"lazy\" width=\"1168\" height=\"554\" data-id=\"22220\"  src=\"https:\/\/www.ifbaiano.edu.br\/unidades\/santaines\/files\/2024\/09\/76e8e9e3-fedb-44ac-903f-a79a62f6d593.png\" alt=\"\" class=\"wp-image-22220\" \/><\/a><\/figure>\n\n\n\n<figure class=\"wp-block-image size-large\"><a href=\"https:\/\/www.ifbaiano.edu.br\/unidades\/santaines\/files\/2024\/09\/39c104b0-6473-49a8-95be-db11fd9bb9c2.png\"><img decoding=\"async\" loading=\"lazy\" width=\"1196\" height=\"539\" data-id=\"22223\"  src=\"https:\/\/www.ifbaiano.edu.br\/unidades\/santaines\/files\/2024\/09\/39c104b0-6473-49a8-95be-db11fd9bb9c2.png\" alt=\"\" class=\"wp-image-22223\" \/><\/a><\/figure>\n<\/figure>\n\n\n\n<h2 class=\"wp-block-heading\"><strong>Sobre o evento<\/strong><\/h2>\n\n\n\n<p>O Simp\u00f3sio Internacional de Conserva\u00e7\u00e3o&nbsp; dos Recursos Gen\u00e9ticos foi uma realiza\u00e7\u00e3o do IF Baiano e da Rede de Recursos Gen\u00e9ticos Animais do Nordeste com o apoio financeiro da CAPES e apoio de institui\u00e7\u00f5es como UESB, CEDASB, INSA, ABZ, UFBA, UFRB, UFRPE, RED CONBIAND, UNACH (Mx), IFAPA (Esp), UCO (Esp), RED REZGEN-IBA,&nbsp;entre outras.<\/p>\n\n\n\n<p>Sediado pelo Campus Valen\u00e7a do IF Baiano, o simp\u00f3sio reuniu dois eventos importantes: III Semin\u00e1rio da Rede de Recursos Gen\u00e9ticos Animais do Nordeste do Brasil e o I Encontro da P\u00f3s-Gradua\u00e7\u00e3o Internacional em Conserva\u00e7\u00e3o de Recursos Gen\u00e9ticos Animais. Ambos tiveram como objetivo promover a conserva\u00e7\u00e3o da biodiversidade animal na era da populariza\u00e7\u00e3o cient\u00edfica.<\/p>\n\n\n\n<p>Um encontro de pesquisadores, estudantes, comunidades tradicionais e profissionais para compartilhamento de conhecimentos t\u00e9cnico-cient\u00edficos, locais e tradicionais, relacionados \u00e0 conserva\u00e7\u00e3o e valoriza\u00e7\u00e3o do patrim\u00f4nio gen\u00e9tico animal, em seus diferentes agroecossistemas. A programa\u00e7\u00e3o pode ser acessada no site\u00a0<a href=\"https:\/\/www.even3.com.br\/crga2024_valenca\/\"><strong>https:\/\/www.even3.com.br\/crga2024_valenca\/<\/strong><\/a>.<\/p>\n\n\n\n<hr class=\"wp-block-separator has-alpha-channel-opacity\" \/>\n\n\n\n<p><\/p>\n","protected":false},"excerpt":{"rendered":"<p>O discente Israel Fran\u00e7a do Curso de Bacharelado em Zootecnia apresentou trabalho na se\u00e7\u00e3o oral do Simp\u00f3sio Internacional de Conserva\u00e7\u00e3o\u00a0 dos Recursos Gen\u00e9ticos\u00a0que aconteceu no IF baiano &#8211; Campus Valen\u00e7a, no per\u00edodo de 04 a 06 de Setembro. O evento \u00e9 voltado para a conserva\u00e7\u00e3o da biodiversidade de animais dom\u00e9sticos das ra\u00e7as locais para o [&hellip;]<\/p>\n","protected":false},"author":86,"featured_media":22224,"comment_status":"closed","ping_status":"closed","sticky":false,"template":"","format":"standard","meta":[],"categories":[4,12,10,57],"tags":[],"_links":{"self":[{"href":"https:\/\/www.ifbaiano.edu.br\/unidades\/santaines\/wp-json\/wp\/v2\/posts\/22219"}],"collection":[{"href":"https:\/\/www.ifbaiano.edu.br\/unidades\/santaines\/wp-json\/wp\/v2\/posts"}],"about":[{"href":"https:\/\/www.ifbaiano.edu.br\/unidades\/santaines\/wp-json\/wp\/v2\/types\/post"}],"author":[{"embeddable":true,"href":"https:\/\/www.ifbaiano.edu.br\/unidades\/santaines\/wp-json\/wp\/v2\/users\/86"}],"replies":[{"embeddable":true,"href":"https:\/\/www.ifbaiano.edu.br\/unidades\/santaines\/wp-json\/wp\/v2\/comments?post=22219"}],"version-history":[{"count":2,"href":"https:\/\/www.ifbaiano.edu.br\/unidades\/santaines\/wp-json\/wp\/v2\/posts\/22219\/revisions"}],"predecessor-version":[{"id":22226,"href":"https:\/\/www.ifbaiano.edu.br\/unidades\/santaines\/wp-json\/wp\/v2\/posts\/22219\/revisions\/22226"}],"wp:featuredmedia":[{"embeddable":true,"href":"https:\/\/www.ifbaiano.edu.br\/unidades\/santaines\/wp-json\/wp\/v2\/media\/22224"}],"wp:attachment":[{"href":"https:\/\/www.ifbaiano.edu.br\/unidades\/santaines\/wp-json\/wp\/v2\/media?parent=22219"}],"wp:term":[{"taxonomy":"category","embeddable":true,"href":"https:\/\/www.ifbaiano.edu.br\/unidades\/santaines\/wp-json\/wp\/v2\/categories?post=22219"},{"taxonomy":"post_tag","embeddable":true,"href":"https:\/\/www.ifbaiano.edu.br\/unidades\/santaines\/wp-json\/wp\/v2\/tags?post=22219"}],"curies":[{"name":"wp","href":"https:\/\/api.w.org\/{rel}","templated":true}]}}