{"id":22270,"date":"2024-09-14T11:46:49","date_gmt":"2024-09-14T14:46:49","guid":{"rendered":"https:\/\/www.ifbaiano.edu.br\/unidades\/santaines\/?p=22270"},"modified":"2024-09-14T11:46:49","modified_gmt":"2024-09-14T14:46:49","slug":"revista-trilhas-abre-chamada-para-submissao-de-textos-por-mulheres-em-edicao-especial","status":"publish","type":"post","link":"https:\/\/www.ifbaiano.edu.br\/unidades\/santaines\/revista-trilhas-abre-chamada-para-submissao-de-textos-por-mulheres-em-edicao-especial\/","title":{"rendered":"Revista Trilhas abre chamada para submiss\u00e3o de textos por mulheres em edi\u00e7\u00e3o especial"},"content":{"rendered":"\n<p>A Revista Trilhas est\u00e1 com chamada aberta para submiss\u00e3o de trabalhos por mulheres at\u00e9 o dia 10 de novembro para a edi\u00e7\u00e3o Ci\u00eancia Por Elas. Para enviar um artigo ou relato de experi\u00eancias para publica\u00e7\u00e3o, \u00e9 necess\u00e1rio acessar a&nbsp;<a href=\"https:\/\/periodicos.ifbaiano.edu.br\/index.php\/trilhas\"><strong>plataforma<\/strong><\/a>&nbsp;da revista, fazer login e ler as orienta\u00e7\u00f5es para autores. O lan\u00e7amento desta edi\u00e7\u00e3o est\u00e1 previsto para dezembro de 2024.<\/p>\n\n\n\n<p>Podem submeter artigos a esta edi\u00e7\u00e3o da revista mulheres da comunidade interna e externa. A edi\u00e7\u00e3o Ci\u00eancia Por Elas, baseia seu tema no quinto ODS (Objetivos para o Desenvolvimento Sustent\u00e1vel) da ONU que consiste em alcan\u00e7ar a igualdade de g\u00eanero e empoderar todas as mulheres e meninas.<\/p>\n\n\n\n<p>O pr\u00f3-reitor e editor chefe da Revista, Rafael Oliva Trocoli, comenta sobre o tema: \u201cA revista Trilhas, nessa fase da sua trajet\u00f3ria, buscou enfatizar e demarcar o protagonismo de meninas e mulheres no desenvolvimento da ci\u00eancia e tecnologia. Em adi\u00e7\u00e3o, o dossi\u00ea \u201cCi\u00eancia por Elas\u201d estar\u00e1 em conson\u00e2ncia com a agenda 2030 da ONU.\u201d destaca o pr\u00f3-reitor.&nbsp;<\/p>\n\n\n\n<p><strong>Sobre a Revista<\/strong><\/p>\n\n\n\n<p>Trilhas, a revista de Extens\u00e3o, \u00e9 um peri\u00f3dico eletr\u00f4nico, lan\u00e7ado em 2021 pela Pr\u00f3-reitora de Extens\u00e3o do Instituto Federal Baiano, que tem como finalidade registrar e divulgar trabalhos, originais e in\u00e9ditos nas \u00e1reas tem\u00e1ticas de Ci\u00eancias Exatas e da Terra, Ci\u00eancias Biol\u00f3gicas, Engenharias, Ci\u00eancias da Sa\u00fade, Ci\u00eancias Agr\u00e1rias, Ci\u00eancias Sociais Aplicadas, Ci\u00eancias Humanas, Lingu\u00edstica, Letras e Artes, Multidisciplinar.<\/p>\n\n\n\n<hr class=\"wp-block-separator has-alpha-channel-opacity\" \/>\n","protected":false},"excerpt":{"rendered":"<p>A Revista Trilhas est\u00e1 com chamada aberta para submiss\u00e3o de trabalhos por mulheres at\u00e9 o dia 10 de novembro para a edi\u00e7\u00e3o Ci\u00eancia Por Elas. Para enviar um artigo ou relato de experi\u00eancias para publica\u00e7\u00e3o, \u00e9 necess\u00e1rio acessar a&nbsp;plataforma&nbsp;da revista, fazer login e ler as orienta\u00e7\u00f5es para autores. O lan\u00e7amento desta edi\u00e7\u00e3o est\u00e1 previsto para [&hellip;]<\/p>\n","protected":false},"author":86,"featured_media":22271,"comment_status":"closed","ping_status":"closed","sticky":false,"template":"","format":"standard","meta":[],"categories":[4,5,10,57],"tags":[],"_links":{"self":[{"href":"https:\/\/www.ifbaiano.edu.br\/unidades\/santaines\/wp-json\/wp\/v2\/posts\/22270"}],"collection":[{"href":"https:\/\/www.ifbaiano.edu.br\/unidades\/santaines\/wp-json\/wp\/v2\/posts"}],"about":[{"href":"https:\/\/www.ifbaiano.edu.br\/unidades\/santaines\/wp-json\/wp\/v2\/types\/post"}],"author":[{"embeddable":true,"href":"https:\/\/www.ifbaiano.edu.br\/unidades\/santaines\/wp-json\/wp\/v2\/users\/86"}],"replies":[{"embeddable":true,"href":"https:\/\/www.ifbaiano.edu.br\/unidades\/santaines\/wp-json\/wp\/v2\/comments?post=22270"}],"version-history":[{"count":1,"href":"https:\/\/www.ifbaiano.edu.br\/unidades\/santaines\/wp-json\/wp\/v2\/posts\/22270\/revisions"}],"predecessor-version":[{"id":22272,"href":"https:\/\/www.ifbaiano.edu.br\/unidades\/santaines\/wp-json\/wp\/v2\/posts\/22270\/revisions\/22272"}],"wp:featuredmedia":[{"embeddable":true,"href":"https:\/\/www.ifbaiano.edu.br\/unidades\/santaines\/wp-json\/wp\/v2\/media\/22271"}],"wp:attachment":[{"href":"https:\/\/www.ifbaiano.edu.br\/unidades\/santaines\/wp-json\/wp\/v2\/media?parent=22270"}],"wp:term":[{"taxonomy":"category","embeddable":true,"href":"https:\/\/www.ifbaiano.edu.br\/unidades\/santaines\/wp-json\/wp\/v2\/categories?post=22270"},{"taxonomy":"post_tag","embeddable":true,"href":"https:\/\/www.ifbaiano.edu.br\/unidades\/santaines\/wp-json\/wp\/v2\/tags?post=22270"}],"curies":[{"name":"wp","href":"https:\/\/api.w.org\/{rel}","templated":true}]}}