{"id":2228,"date":"2012-08-20T15:20:41","date_gmt":"2012-08-20T18:20:41","guid":{"rendered":"http:\/\/www.ifbaiano.edu.br\/unidades\/santaines\/?p=2228"},"modified":"2020-01-10T10:59:48","modified_gmt":"2020-01-10T13:59:48","slug":"concurso-publico-confira-o-novo-cronograma","status":"publish","type":"post","link":"https:\/\/www.ifbaiano.edu.br\/unidades\/santaines\/concurso-publico-confira-o-novo-cronograma\/","title":{"rendered":"Concurso P\u00fablico: confira o novo cronograma"},"content":{"rendered":"<div>\n<p style=\"text-align: right\">20\/08\/2012 \u00e0s 15h20<\/p>\n<p>O reitor do Instituto Federal de Educa\u00e7\u00e3o, Ci\u00eancia e Tecnologia Baiano \u2013 IF Baiano torna p\u00fablica a retifica\u00e7\u00e3o do cronograma do Concurso P\u00fablico para provimento de vagas nas \u00e1reas de T\u00e9cnico-Administrativos em Educa\u00e7\u00e3o e Docentes.<\/p>\n<p>Confira as novas datas:<\/p>\n<p><a href=\"http:\/\/www.ifbaiano.edu.br\/reitoria\/wp-content\/uploads\/2012\/08\/Edital-138-alteracao-Cronograma.pdf\">Cronograma (T\u00e9cnico-Administrativos)<\/a><\/p>\n<p><a href=\"http:\/\/www.ifbaiano.edu.br\/reitoria\/wp-content\/uploads\/2012\/08\/Edital-139_alteracao-cronograma.pdf\">Cronograma (Docentes)<\/a><\/p>\n<p>&nbsp;<\/p>\n<p>Ascom \/ IF Baiano<\/p>\n<\/div>\n","protected":false},"excerpt":{"rendered":"<p>O resultado da prova escrita ser\u00e1 no dia 27 de agosto<\/p>\n","protected":false},"author":33,"featured_media":0,"comment_status":"closed","ping_status":"closed","sticky":false,"template":"","format":"standard","meta":[],"categories":[11],"tags":[],"_links":{"self":[{"href":"https:\/\/www.ifbaiano.edu.br\/unidades\/santaines\/wp-json\/wp\/v2\/posts\/2228"}],"collection":[{"href":"https:\/\/www.ifbaiano.edu.br\/unidades\/santaines\/wp-json\/wp\/v2\/posts"}],"about":[{"href":"https:\/\/www.ifbaiano.edu.br\/unidades\/santaines\/wp-json\/wp\/v2\/types\/post"}],"author":[{"embeddable":true,"href":"https:\/\/www.ifbaiano.edu.br\/unidades\/santaines\/wp-json\/wp\/v2\/users\/33"}],"replies":[{"embeddable":true,"href":"https:\/\/www.ifbaiano.edu.br\/unidades\/santaines\/wp-json\/wp\/v2\/comments?post=2228"}],"version-history":[{"count":3,"href":"https:\/\/www.ifbaiano.edu.br\/unidades\/santaines\/wp-json\/wp\/v2\/posts\/2228\/revisions"}],"predecessor-version":[{"id":2246,"href":"https:\/\/www.ifbaiano.edu.br\/unidades\/santaines\/wp-json\/wp\/v2\/posts\/2228\/revisions\/2246"}],"wp:attachment":[{"href":"https:\/\/www.ifbaiano.edu.br\/unidades\/santaines\/wp-json\/wp\/v2\/media?parent=2228"}],"wp:term":[{"taxonomy":"category","embeddable":true,"href":"https:\/\/www.ifbaiano.edu.br\/unidades\/santaines\/wp-json\/wp\/v2\/categories?post=2228"},{"taxonomy":"post_tag","embeddable":true,"href":"https:\/\/www.ifbaiano.edu.br\/unidades\/santaines\/wp-json\/wp\/v2\/tags?post=2228"}],"curies":[{"name":"wp","href":"https:\/\/api.w.org\/{rel}","templated":true}]}}