{"id":22301,"date":"2024-12-11T12:36:00","date_gmt":"2024-12-11T15:36:00","guid":{"rendered":"https:\/\/www.ifbaiano.edu.br\/unidades\/santaines\/?p=22301"},"modified":"2024-12-16T12:57:53","modified_gmt":"2024-12-16T15:57:53","slug":"campus-santa-ines-abre-280-vagas-para-cursos-tecnicos-de-nivel-medio-integrado-a-educacao-profissional","status":"publish","type":"post","link":"https:\/\/www.ifbaiano.edu.br\/unidades\/santaines\/campus-santa-ines-abre-280-vagas-para-cursos-tecnicos-de-nivel-medio-integrado-a-educacao-profissional\/","title":{"rendered":"Campus Santa In\u00eas realizou processo seletivo com 280 vagas para cursos t\u00e9cnicos integrados"},"content":{"rendered":"\n<p>O IF Baiano campus Santa In\u00eas realizou processo seletivo com oferta de 280 vagas para cursos t\u00e9cnicos integrados ao ensino m\u00e9dio gratuitos nas \u00e1reas de Agropecu\u00e1ria, Alimentos, Inform\u00e1tica e Zootecnia, sendo 70 vagas para cada curso.<\/p>\n\n\n\n<p>As inscri\u00e7\u00f5es foram realizadas de duas formas: entre os dias 23 de setembro e 11 de novembro, presencialmente no Pavilh\u00e3o dos Cursos Superiores (Endere\u00e7o: KM 2,5 \u2013 BR 420 \u2013 Santa In\u00eas \u2013 Uba\u00edra, s\/n\u00a0 Zona Rural) de segunda a sexta-feira, das 07h30 \u00e0s 11h30, e das 13h30 \u00e0s 17h, e pela internet no formul\u00e1rio disponibilizado no\u00a0<a href=\"https:\/\/concurso.ifbaiano.edu.br\/portal\/ingresso-2025-integrado-santa-ines-setembro-2024\/\"><strong>site<\/strong><\/a><strong>\u00a0<\/strong>do campus<strong>\u00a0<\/strong>a partir do dia 23 de setembro at\u00e9 11 de novembro.<\/p>\n\n\n\n<p>Os cursos t\u00eam dura\u00e7\u00e3o de tr\u00eas anos e s\u00e3o voltados para quem concluiu (ou ter\u00e1 conclu\u00eddo at\u00e9 a data da matr\u00edcula) o 9\u00ba ano do Ensino Fundamental e deseja se qualificar profissionalmente enquanto cursa o n\u00edvel m\u00e9dio. O candidato teve a oportunidade de escolher duas op\u00e7\u00f5es de curso e ser\u00e1 convocado para a segunda op\u00e7\u00e3o somente se houver vaga remanescente ap\u00f3s a chamada dos candidatos classificados na primeira op\u00e7\u00e3o.<\/p>\n\n\n\n<p>A sele\u00e7\u00e3o foi baseada no c\u00e1lculo da M\u00e9dia Final, resultante das m\u00e9dias dos componentes curriculares de L\u00edngua Portuguesa, Matem\u00e1tica, Hist\u00f3ria, Ci\u00eancias e Geografia do 8\u00ba ano do Ensino Fundamental, conforme an\u00e1lise do hist\u00f3rico escolar anexado \u00e0 documenta\u00e7\u00e3o exigida pelo\u00a0<a href=\"https:\/\/concurso.ifbaiano.edu.br\/portal\/ingresso-2025-integrado-santa-ines-setembro-2024\/wp-content\/uploads\/sites\/1059\/2024\/09\/Edital-PROSEL-2025.pdf\">edital<\/a> e apresentada no ato da inscri\u00e7\u00e3o.<\/p>\n\n\n\n<p>A publica\u00e7\u00e3o do resultado final est\u00e1 prevista para 9 de dezembro de 2024, e o in\u00edcio das aulas para 7 de abril de 2025.<\/p>\n\n\n\n<p>D\u00favidas sobre o processo seletivo dever\u00e3o ser encaminhadas para o contato de <em>WatsApp<\/em> (73) 98144-6257 ou para o&nbsp;<em>e-mail&nbsp;<\/em>da Comiss\u00e3o Local de Processo Seletivo:<em>&nbsp;prosel@si.ifbaiano.edu.br<\/em>. Todos os documentos\/etapas deste Processo Seletivo poder\u00e3o ser consultados na&nbsp;<a href=\"https:\/\/concurso.ifbaiano.edu.br\/portal\/ingresso-2025-integrado-santa-ines-setembro-2024\/\"><strong>P\u00e1gina de Concursos<\/strong><\/a>, no portal do IF Baiano e neste endere\u00e7o.<\/p>\n\n\n\n<hr class=\"wp-block-separator has-alpha-channel-opacity\" \/>\n\n\n\n<p><strong>Informa\u00e7\u00f5es importantes para candidatos(as) concorrentes \u00e0s vagas dos C\u00f3digos:<\/strong><\/p>\n\n\n\n<ul>\n<li><strong>LI_PCD<\/strong>&nbsp;e<strong>&nbsp;LB_PCD<\/strong>: Necess\u00e1rio o envio do laudo m\u00e9dico;<\/li>\n\n\n\n<li><strong>LI_PPI<\/strong>&nbsp;e&nbsp;<strong>LB_PPI<\/strong>: Necess\u00e1rio o envio do&nbsp;Registro de Nascimento Ind\u00edgena&nbsp;(RANI) para candidato(a) que se autodeclara ind\u00edgena;<\/li>\n\n\n\n<li><strong>LB_PPI, LB_PCD, LB_EP e LB_Q<\/strong> &#8211; O Anexo III poder\u00e1 ser substitu\u00eddo pelo Cad\u00danico.<\/li>\n<\/ul>\n\n\n\n<hr class=\"wp-block-separator has-alpha-channel-opacity\" \/>\n\n\n\n<p><strong>Editais e Documentos<\/strong><\/p>\n\n\n\n<ul>\n<li><a rel=\"noreferrer noopener\" href=\"https:\/\/concurso.ifbaiano.edu.br\/portal\/ingresso-2025-integrado-santa-ines-setembro-2024\/wp-content\/uploads\/sites\/1059\/2024\/09\/Edital-PROSEL-2025.pdf\" target=\"_blank\">Edital n\u00ba 34<\/a><\/li>\n\n\n\n<li><a href=\"https:\/\/www.ifbaiano.edu.br\/unidades\/santaines\/files\/2024\/11\/Formulario-para-recurso-Anexo-IV.pdf\">Formul\u00e1rio para Interposi\u00e7\u00e3o de Recurso<\/a><\/li>\n\n\n\n<li><a rel=\"noreferrer noopener\" href=\"https:\/\/concurso.ifbaiano.edu.br\/portal\/ingresso-2025-integrado-santa-ines-setembro-2024\/wp-content\/uploads\/sites\/1059\/2024\/09\/Edital-de-Retificacao-No-36_2024-PROSEL-2025.pdf\" target=\"_blank\">Edital de Retifica\u00e7\u00e3o n\u00ba 36<\/a><\/li>\n\n\n\n<li><a rel=\"noreferrer noopener\" href=\"https:\/\/concurso.ifbaiano.edu.br\/portal\/ingresso-2025-integrado-santa-ines-setembro-2024\/wp-content\/uploads\/sites\/1059\/2024\/10\/Edital-de-Retificacao-no-39_2024-PROSEL-2025.pdf\" target=\"_blank\">Edital de Retifica\u00e7\u00e3o n\u00ba 39<\/a><\/li>\n\n\n\n<li><a rel=\"noreferrer noopener\" href=\"https:\/\/concurso.ifbaiano.edu.br\/portal\/ingresso-2025-integrado-santa-ines-setembro-2024\/wp-content\/uploads\/sites\/1059\/2024\/11\/LISTA-PRELIMINAR-DE-INSCRICOES-HOMOLOGADAS-PROSEL-2025.pdf\" target=\"_blank\">Lista Preliminar de Inscri\u00e7\u00f5es Homologadas<\/a><\/li>\n\n\n\n<li><a rel=\"noreferrer noopener\" href=\"https:\/\/concurso.ifbaiano.edu.br\/portal\/ingresso-2025-integrado-santa-ines-setembro-2024\/wp-content\/uploads\/sites\/1059\/2024\/11\/Resultado-Final-das-Inscricoes-Homologadas.pdf\" target=\"_blank\">Resultado Final das Inscri\u00e7\u00f5es Homologadas<\/a><\/li>\n\n\n\n<li><a rel=\"noreferrer noopener\" href=\"https:\/\/concurso.ifbaiano.edu.br\/portal\/ingresso-2025-integrado-santa-ines-setembro-2024\/wp-content\/uploads\/sites\/1059\/2024\/11\/Resultado-Preliminar-Historico-Escolar.pdf\" target=\"_blank\">Resultado Preliminar Hist\u00f3rico Escolar<\/a><\/li>\n\n\n\n<li><a rel=\"noreferrer noopener\" href=\"https:\/\/concurso.ifbaiano.edu.br\/portal\/ingresso-2025-integrado-santa-ines-setembro-2024\/wp-content\/uploads\/sites\/1059\/2024\/11\/Resultado-do-Historico-Escolar-Pos-Recursos.pdf\" target=\"_blank\">Resultado do Hist\u00f3rico Escolar P\u00f3s-Recursos<\/a><\/li>\n\n\n\n<li><a rel=\"noreferrer noopener\" href=\"https:\/\/concurso.ifbaiano.edu.br\/portal\/ingresso-2025-integrado-santa-ines-setembro-2024\/wp-content\/uploads\/sites\/1059\/2024\/11\/Convocacao-para-Banca-de-Heteroidentificacao.pdf\" target=\"_blank\">Convoca\u00e7\u00e3o para Banca de Heteroidentifica\u00e7\u00e3o<\/a><\/li>\n\n\n\n<li><a rel=\"noreferrer noopener\" href=\"https:\/\/concurso.ifbaiano.edu.br\/portal\/ingresso-2025-integrado-santa-ines-setembro-2024\/wp-content\/uploads\/sites\/1059\/2024\/11\/Curriculo-bancas_PROSEL_2024-2025_CSI.pdf\" target=\"_blank\">Curr\u00edculo dos Membros da Banca de Heteroidentifica\u00e7\u00e3o<\/a><\/li>\n\n\n\n<li><a rel=\"noreferrer noopener\" href=\"https:\/\/concurso.ifbaiano.edu.br\/portal\/ingresso-2025-integrado-santa-ines-setembro-2024\/wp-content\/uploads\/sites\/1059\/2024\/12\/Resultado-Final-Banca-de-Heteroidentificacao.pdf\" target=\"_blank\">Resultado Final \u2013 Banca de Heteroidentifica\u00e7\u00e3o<\/a><\/li>\n\n\n\n<li><a rel=\"noreferrer noopener\" href=\"https:\/\/concurso.ifbaiano.edu.br\/portal\/ingresso-2025-integrado-santa-ines-setembro-2024\/wp-content\/uploads\/sites\/1059\/2024\/12\/Retificacao-do-Resultado-Final-da-Banca-de-Heteroidentificacao.pdf\" target=\"_blank\">Retifica\u00e7\u00e3o do Resultado Final da Banca de Heteroidentifica\u00e7\u00e3o<\/a><\/li>\n\n\n\n<li><a rel=\"noreferrer noopener\" href=\"https:\/\/concurso.ifbaiano.edu.br\/portal\/ingresso-2025-integrado-santa-ines-setembro-2024\/wp-content\/uploads\/sites\/1059\/2024\/12\/Resultado-Final-do-Processo-Seletivo-2025.pdf\" target=\"_blank\">Resultado Final do Processo Seletivo<\/a><\/li>\n\n\n\n<li><a rel=\"noreferrer noopener\" href=\"https:\/\/concurso.ifbaiano.edu.br\/portal\/ingresso-2025-integrado-santa-ines-setembro-2024\/wp-content\/uploads\/sites\/1059\/2024\/12\/Edital-de-Matricula-PROSEL-ingresso-2025-Cursos-Tecnicos-Integrados.pdf\" target=\"_blank\">Edital de Matr\u00edcula<\/a><\/li>\n\n\n\n<li><a rel=\"noreferrer noopener\" href=\"https:\/\/concurso.ifbaiano.edu.br\/portal\/ingresso-2025-integrado-santa-ines-setembro-2024\/wp-content\/uploads\/sites\/1059\/2024\/12\/Retificacao-do-Resultado-Final-do-Processo-Seletivo-2025.pdf\" target=\"_blank\">Retifica\u00e7\u00e3o do Resultado Final do Processo Seletivo<\/a><\/li>\n<\/ul>\n\n\n\n<hr class=\"wp-block-separator has-alpha-channel-opacity\" \/>\n","protected":false},"excerpt":{"rendered":"<p>O IF Baiano campus Santa In\u00eas realizou processo seletivo com oferta de 280 vagas para cursos t\u00e9cnicos integrados ao ensino m\u00e9dio gratuitos nas \u00e1reas de Agropecu\u00e1ria, Alimentos, Inform\u00e1tica e Zootecnia, sendo 70 vagas para cada curso. As inscri\u00e7\u00f5es foram realizadas de duas formas: entre os dias 23 de setembro e 11 de novembro, presencialmente no [&hellip;]<\/p>\n","protected":false},"author":86,"featured_media":22247,"comment_status":"closed","ping_status":"closed","sticky":false,"template":"","format":"standard","meta":[],"categories":[4,57],"tags":[],"_links":{"self":[{"href":"https:\/\/www.ifbaiano.edu.br\/unidades\/santaines\/wp-json\/wp\/v2\/posts\/22301"}],"collection":[{"href":"https:\/\/www.ifbaiano.edu.br\/unidades\/santaines\/wp-json\/wp\/v2\/posts"}],"about":[{"href":"https:\/\/www.ifbaiano.edu.br\/unidades\/santaines\/wp-json\/wp\/v2\/types\/post"}],"author":[{"embeddable":true,"href":"https:\/\/www.ifbaiano.edu.br\/unidades\/santaines\/wp-json\/wp\/v2\/users\/86"}],"replies":[{"embeddable":true,"href":"https:\/\/www.ifbaiano.edu.br\/unidades\/santaines\/wp-json\/wp\/v2\/comments?post=22301"}],"version-history":[{"count":47,"href":"https:\/\/www.ifbaiano.edu.br\/unidades\/santaines\/wp-json\/wp\/v2\/posts\/22301\/revisions"}],"predecessor-version":[{"id":22944,"href":"https:\/\/www.ifbaiano.edu.br\/unidades\/santaines\/wp-json\/wp\/v2\/posts\/22301\/revisions\/22944"}],"wp:featuredmedia":[{"embeddable":true,"href":"https:\/\/www.ifbaiano.edu.br\/unidades\/santaines\/wp-json\/wp\/v2\/media\/22247"}],"wp:attachment":[{"href":"https:\/\/www.ifbaiano.edu.br\/unidades\/santaines\/wp-json\/wp\/v2\/media?parent=22301"}],"wp:term":[{"taxonomy":"category","embeddable":true,"href":"https:\/\/www.ifbaiano.edu.br\/unidades\/santaines\/wp-json\/wp\/v2\/categories?post=22301"},{"taxonomy":"post_tag","embeddable":true,"href":"https:\/\/www.ifbaiano.edu.br\/unidades\/santaines\/wp-json\/wp\/v2\/tags?post=22301"}],"curies":[{"name":"wp","href":"https:\/\/api.w.org\/{rel}","templated":true}]}}