{"id":22304,"date":"2024-10-03T19:57:00","date_gmt":"2024-10-03T22:57:00","guid":{"rendered":"https:\/\/www.ifbaiano.edu.br\/unidades\/santaines\/?p=22304"},"modified":"2024-10-03T19:58:14","modified_gmt":"2024-10-03T22:58:14","slug":"campus-santa-ines-realiza-selecao-em-curso-da-educacao-profissional-tecnica-de-nivel-medio-modalidade-proeja","status":"publish","type":"post","link":"https:\/\/www.ifbaiano.edu.br\/unidades\/santaines\/campus-santa-ines-realiza-selecao-em-curso-da-educacao-profissional-tecnica-de-nivel-medio-modalidade-proeja\/","title":{"rendered":"Campus Santa In\u00eas realiza sele\u00e7\u00e3o em curso da Educa\u00e7\u00e3o Profissional T\u00e9cnica de N\u00edvel M\u00e9dio &#8211; modalidade PROEJA"},"content":{"rendered":"\n<p>O Campus Santa In\u00eas disponibiliza 32 vagas remanescentes oriundas do processo de ingresso de estudantes de 2023, no curso T\u00e9cnico em Agropecu\u00e1ria na forma integrada ao Ensino M\u00e9dio na Modalidade de Educa\u00e7\u00e3o de Jovens e Adultos &#8211; EJA\/EPT. O curso tem dura\u00e7\u00e3o de quatro semestres, \u00e9 presencial e as aulas acontecem no Campus Santa In\u00eas.<\/p>\n\n\n\n<p>As inscri\u00e7\u00f5es\/matr\u00edculas devem ser feitas, presencialmente, por meio da entrega da documenta\u00e7\u00e3o constante no <a href=\"https:\/\/www.ifbaiano.edu.br\/unidades\/santaines\/files\/2024\/10\/EDITAL-DE-RETIFICACAO-No-37-EJA_EPT.pdf\">Edital de Retifica\u00e7\u00e3o n\u00ba 37\/2024<\/a>, na Secretaria de Registros Acad\u00eamicos (SRA) do Campus, a partir do dia 24 de setembro at\u00e9 o dia 11 de novembro de 2024, das 8h \u00e0s 16h. Para ingressar, como estudante, \u00e9 necess\u00e1rio que o(a) candidato(a), al\u00e9m de apresentar a documenta\u00e7\u00e3o exigida, tenha conclu\u00eddo o Ensino Fundamental II (9\u00ba ano), at\u00e9 o ato da matr\u00edcula e tenha idade m\u00ednima de 18 anos.<\/p>\n\n\n\n<p>A sele\u00e7\u00e3o ser\u00e1 por meio de manifesta\u00e7\u00e3o de interesse na vaga e tanto a classifica\u00e7\u00e3o quanto a sele\u00e7\u00e3o dos(as) candidatos(as) dar-se-\u00e1 por meio da ordem das inscri\u00e7\u00f5es, mediante a apresenta\u00e7\u00e3o da senha e da entrega da documenta\u00e7\u00e3o de matr\u00edcula completa, conforme consta no <a href=\"https:\/\/www.ifbaiano.edu.br\/unidades\/santaines\/files\/2024\/10\/EDITAL-DE-RETIFICACAO-No-37-EJA_EPT.pdf\">Edital de Retifica\u00e7\u00e3o n\u00ba 37\/2024<\/a>.<\/p>\n\n\n\n<p>As d\u00favidas sobre o processo seletivo dever\u00e3o ser encaminhadas para o e-mail prosel@si.ifbaiano.edu.br.<\/p>\n\n\n\n<p>Acesse o\u00a0<a href=\"https:\/\/concurso.ifbaiano.edu.br\/portal\/ingresso-eja-ept-santa-ines-dezembro-2023\/\">site do IF Baiano<\/a> para visualizar mais informa\u00e7\u00f5es.<\/p>\n\n\n\n<hr class=\"wp-block-separator has-alpha-channel-opacity\" \/>\n\n\n\n<p><strong>Editais e Documentos:<\/strong><\/p>\n\n\n\n<ul>\n<li><a rel=\"noreferrer noopener\" href=\"https:\/\/concurso.ifbaiano.edu.br\/portal\/ingresso-eja-ept-santa-ines-dezembro-2023\/wp-content\/uploads\/sites\/922\/2024\/09\/EDITAL-No-33-Vagas-Remanescentes-EJA_EPT.pdf\" target=\"_blank\">Edital n\u00ba 33\/2024<\/a><\/li>\n<\/ul>\n\n\n\n<ul>\n<li><a href=\"https:\/\/www.ifbaiano.edu.br\/unidades\/santaines\/files\/2024\/10\/EDITAL-DE-RETIFICACAO-No-37-EJA_EPT.pdf\">Edital de Retifica\u00e7\u00e3o n\u00ba 37\/2024<\/a><\/li>\n<\/ul>\n\n\n\n<hr class=\"wp-block-separator has-alpha-channel-opacity\" \/>\n","protected":false},"excerpt":{"rendered":"<p>O Campus Santa In\u00eas disponibiliza 32 vagas remanescentes oriundas do processo de ingresso de estudantes de 2023, no curso T\u00e9cnico em Agropecu\u00e1ria na forma integrada ao Ensino M\u00e9dio na Modalidade de Educa\u00e7\u00e3o de Jovens e Adultos &#8211; EJA\/EPT. O curso tem dura\u00e7\u00e3o de quatro semestres, \u00e9 presencial e as aulas acontecem no Campus Santa In\u00eas. [&hellip;]<\/p>\n","protected":false},"author":86,"featured_media":13710,"comment_status":"closed","ping_status":"closed","sticky":false,"template":"","format":"standard","meta":[],"categories":[4,13,5,8,57],"tags":[],"_links":{"self":[{"href":"https:\/\/www.ifbaiano.edu.br\/unidades\/santaines\/wp-json\/wp\/v2\/posts\/22304"}],"collection":[{"href":"https:\/\/www.ifbaiano.edu.br\/unidades\/santaines\/wp-json\/wp\/v2\/posts"}],"about":[{"href":"https:\/\/www.ifbaiano.edu.br\/unidades\/santaines\/wp-json\/wp\/v2\/types\/post"}],"author":[{"embeddable":true,"href":"https:\/\/www.ifbaiano.edu.br\/unidades\/santaines\/wp-json\/wp\/v2\/users\/86"}],"replies":[{"embeddable":true,"href":"https:\/\/www.ifbaiano.edu.br\/unidades\/santaines\/wp-json\/wp\/v2\/comments?post=22304"}],"version-history":[{"count":8,"href":"https:\/\/www.ifbaiano.edu.br\/unidades\/santaines\/wp-json\/wp\/v2\/posts\/22304\/revisions"}],"predecessor-version":[{"id":22500,"href":"https:\/\/www.ifbaiano.edu.br\/unidades\/santaines\/wp-json\/wp\/v2\/posts\/22304\/revisions\/22500"}],"wp:featuredmedia":[{"embeddable":true,"href":"https:\/\/www.ifbaiano.edu.br\/unidades\/santaines\/wp-json\/wp\/v2\/media\/13710"}],"wp:attachment":[{"href":"https:\/\/www.ifbaiano.edu.br\/unidades\/santaines\/wp-json\/wp\/v2\/media?parent=22304"}],"wp:term":[{"taxonomy":"category","embeddable":true,"href":"https:\/\/www.ifbaiano.edu.br\/unidades\/santaines\/wp-json\/wp\/v2\/categories?post=22304"},{"taxonomy":"post_tag","embeddable":true,"href":"https:\/\/www.ifbaiano.edu.br\/unidades\/santaines\/wp-json\/wp\/v2\/tags?post=22304"}],"curies":[{"name":"wp","href":"https:\/\/api.w.org\/{rel}","templated":true}]}}