{"id":22306,"date":"2024-09-16T10:35:38","date_gmt":"2024-09-16T13:35:38","guid":{"rendered":"https:\/\/www.ifbaiano.edu.br\/unidades\/santaines\/?p=22306"},"modified":"2024-09-23T12:30:46","modified_gmt":"2024-09-23T15:30:46","slug":"campus-santa-ines-lanca-terceira-chamada-publica-para-o-programa-de-gestao-do-teletrabalho","status":"publish","type":"post","link":"https:\/\/www.ifbaiano.edu.br\/unidades\/santaines\/campus-santa-ines-lanca-terceira-chamada-publica-para-o-programa-de-gestao-do-teletrabalho\/","title":{"rendered":"Campus Santa In\u00eas lan\u00e7a terceira Chamada P\u00fablica para o Programa de Gest\u00e3o do Teletrabalho"},"content":{"rendered":"\n<p>Hoje, 16, o Campus Santa In\u00eas publicou a <a href=\"https:\/\/concurso.ifbaiano.edu.br\/portal\/teletrabalho-tae-santa-ines-julho-2023\/wp-content\/uploads\/sites\/835\/2024\/09\/CHAMADA-PUBLICA-No-03_2024-TELETRABALHO.pdf\">Chamada P\u00fablica n\u00ba 3<\/a> de sele\u00e7\u00e3o de servidores para teletrabalho. As inscri\u00e7\u00f5es ser\u00e3o realizadas hoje, 16 e amanh\u00e3, 17 de setembro de 2024, exclusivamente por meio do Sistema Unificado de Administra\u00e7\u00e3o P\u00fablica (SUAP).<\/p>\n\n\n\n<p>As  orienta\u00e7\u00f5es, crit\u00e9rios e procedimentos gerais para sele\u00e7\u00e3o de servidores em exerc\u00edcio na institui\u00e7\u00e3o  est\u00e3o dispostas no <a href=\"https:\/\/www.ifbaiano.edu.br\/unidades\/santaines\/files\/2023\/07\/EDITAL-No-24-2023-TELETRABALHO.pdf\">Edital n\u00ba 24\/2023<\/a> de sele\u00e7\u00e3o em fluxo continuo e a vaga dispon\u00edvel nessa <a href=\"https:\/\/concurso.ifbaiano.edu.br\/portal\/teletrabalho-tae-santa-ines-julho-2023\/wp-content\/uploads\/sites\/835\/2024\/09\/CHAMADA-PUBLICA-No-03_2024-TELETRABALHO.pdf\">Chamada P\u00fablica n\u00ba 3<\/a> para ades\u00f5es ao Programa de Gest\u00e3o do Teletrabalho est\u00e1 disposta na tabela abaixo:<\/p>\n\n\n\n<p><\/p>\n\n\n\n<figure class=\"wp-block-table\"><table><tbody><tr><td><strong>Setor<\/strong><\/td><td><strong>Perfil<\/strong><\/td><td><strong>Vagas<\/strong><\/td><td><strong>Percentual&nbsp;de&nbsp;carga&nbsp;hor\u00e1ria semanal&nbsp;presencial (M\u00ednimo: 20%)<\/strong><\/td><\/tr><tr><td>CGE\/TECNICO EM<br>AUDIOVISUAL<\/td><td>Servidor n\u00e3o ocupante de FG ou FCC<\/td><td>1<\/td><td>60%<\/td><\/tr><\/tbody><\/table><\/figure>\n\n\n\n<p>A homologa\u00e7\u00e3o do resultado final dessa Chamada p\u00fablica est\u00e1 previsto para o dia 19 de setembro e ser\u00e1 divulgado nesta p\u00e1gina e na <a href=\"https:\/\/concurso.ifbaiano.edu.br\/portal\/teletrabalho-tae-santa-ines-julho-2023\">P\u00e1gina Espec\u00edfica do Programa de Gest\u00e3o do Teletrabalho<\/a>, no site eletr\u00f4nico oficial do IF Baiano. A homologa\u00e7\u00e3o do resultado da sele\u00e7\u00e3o ocorrer\u00e1 por meio de Portaria e o in\u00edcio do Programa de Gest\u00e3o do Teletrabalho do servidor classificado nessa Chamada P\u00fablica ser\u00e1 23 de setembro de 2024.<\/p>\n\n\n\n<hr class=\"wp-block-separator has-alpha-channel-opacity\" \/>\n\n\n\n<p><strong>Documentos referentes ao Programa de Gest\u00e3o do Teletrabalho \u2013 IF Baiano \u2013 Campus Santa In\u00eas:<\/strong><\/p>\n\n\n\n<ul>\n<li><a rel=\"noreferrer noopener\" href=\"https:\/\/concurso.ifbaiano.edu.br\/portal\/teletrabalho-tae-santa-ines-julho-2023\/wp-content\/uploads\/sites\/835\/2023\/07\/EDITAL-No-24-2023-INSCRICAO-ADESAO-TELETRABALHO.pdf\" target=\"_blank\">Edital de fluxo cont\u00ednuo n\u00ba 24\/2023<\/a><\/li>\n\n\n\n<li><a rel=\"noreferrer noopener\" href=\"https:\/\/concurso.ifbaiano.edu.br\/portal\/teletrabalho-tae-santa-ines-julho-2023\/wp-content\/uploads\/sites\/835\/2023\/07\/Portaria-58_2023-Homologacao-Edital-Teletrabalho.pdf\" target=\"_blank\">Portaria 58 de 2023 \u2013 Homologa\u00e7\u00e3o do Edital de Teletrabalho<\/a><\/li>\n\n\n\n<li><a rel=\"noreferrer noopener\" href=\"https:\/\/concurso.ifbaiano.edu.br\/portal\/teletrabalho-tae-santa-ines-julho-2023\/wp-content\/uploads\/sites\/835\/2024\/08\/Documento-5.pdf\" target=\"_blank\">Resultado Preliminar das Inscri\u00e7\u00f5es<\/a><\/li>\n\n\n\n<li><a rel=\"noreferrer noopener\" href=\"https:\/\/concurso.ifbaiano.edu.br\/portal\/teletrabalho-tae-santa-ines-julho-2023\/wp-content\/uploads\/sites\/835\/2024\/08\/Documento-6.pdf\" target=\"_blank\">Resultado Final das Inscri\u00e7\u00f5es<\/a><\/li>\n\n\n\n<li><a rel=\"noreferrer noopener\" href=\"https:\/\/concurso.ifbaiano.edu.br\/portal\/teletrabalho-tae-santa-ines-julho-2023\/wp-content\/uploads\/sites\/835\/2024\/08\/Portaria-de-Homologacao.pdf\" target=\"_blank\">Portaria de Homologa\u00e7\u00e3o<\/a><\/li>\n\n\n\n<li><a rel=\"noreferrer noopener\" href=\"https:\/\/concurso.ifbaiano.edu.br\/portal\/teletrabalho-tae-santa-ines-julho-2023\/wp-content\/uploads\/sites\/835\/2024\/08\/CHAMADA-PUBLICA-No-02_2024-TELETRABALHO.pdf\" target=\"_blank\">Chamada P\u00fablica n\u00ba 02 de 2024<\/a> &#8211; Publica\u00e7\u00e3o em 20\/08\/2024<\/li>\n\n\n\n<li><a href=\"https:\/\/concurso.ifbaiano.edu.br\/portal\/teletrabalho-tae-santa-ines-julho-2023\/wp-content\/uploads\/sites\/835\/2024\/09\/CHAMADA-PUBLICA-No-03_2024-TELETRABALHO.pdf\">Chamada P\u00fablica n\u00ba 3<\/a> &#8211; Publica\u00e7\u00e3o em 16\/09\/2024<\/li>\n\n\n\n<li><a rel=\"noreferrer noopener\" href=\"https:\/\/concurso.ifbaiano.edu.br\/portal\/teletrabalho-tae-santa-ines-julho-2023\/wp-content\/uploads\/sites\/835\/2024\/09\/Teletrabalho-Chamada-03-Resultado-preliminar-das-inscricoes.pdf\" target=\"_blank\">Resultado Preliminar das Inscri\u00e7\u00f5es \u2013 Chamada P\u00fablica n\u00ba 03\/2024<\/a> &#8211; Publica\u00e7\u00e3o em 18\/09\/2024<\/li>\n\n\n\n<li><a rel=\"noreferrer noopener\" href=\"https:\/\/concurso.ifbaiano.edu.br\/portal\/teletrabalho-tae-santa-ines-julho-2023\/wp-content\/uploads\/sites\/835\/2024\/09\/Homologacao-da-Inscricao.pdf\" target=\"_blank\">Homologa\u00e7\u00e3o da Inscri\u00e7\u00e3o \u2013 Chamada P\u00fablica n\u00ba 03\/2024<\/a> &#8211; Publica\u00e7\u00e3o em 19\/09\/2024<\/li>\n\n\n\n<li><a rel=\"noreferrer noopener\" href=\"https:\/\/concurso.ifbaiano.edu.br\/portal\/teletrabalho-tae-santa-ines-julho-2023\/wp-content\/uploads\/sites\/835\/2024\/09\/Portaria-de-Homologacao-do-Resultado-da-Chamada-Publica-No-03_2024.pdf\" target=\"_blank\">Portaria de Homologa\u00e7\u00e3o do Resultado \u2013 Chamada P\u00fablica n\u00ba 03\/2024<\/a> &#8211; Publica\u00e7\u00e3o em 23\/09\/2024<\/li>\n<\/ul>\n\n\n\n<p>Mais documentos referentes ao Programa de Gest\u00e3o do Teletrabalho no \u00e2mbito do Campus Santa In\u00eas poder\u00e3o ser consultados na <a href=\"https:\/\/concurso.ifbaiano.edu.br\/portal\/teletrabalho-tae-santa-ines-julho-2023\">P\u00e1gina Espec\u00edfica do Programa de Gest\u00e3o do Teletrabalho<\/a>.<\/p>\n\n\n\n<hr class=\"wp-block-separator has-alpha-channel-opacity\" \/>\n\n\n\n<p><\/p>\n","protected":false},"excerpt":{"rendered":"<p>Hoje, 16, o Campus Santa In\u00eas publicou a Chamada P\u00fablica n\u00ba 3 de sele\u00e7\u00e3o de servidores para teletrabalho. As inscri\u00e7\u00f5es ser\u00e3o realizadas hoje, 16 e amanh\u00e3, 17 de setembro de 2024, exclusivamente por meio do Sistema Unificado de Administra\u00e7\u00e3o P\u00fablica (SUAP). As orienta\u00e7\u00f5es, crit\u00e9rios e procedimentos gerais para sele\u00e7\u00e3o de servidores em exerc\u00edcio na institui\u00e7\u00e3o [&hellip;]<\/p>\n","protected":false},"author":86,"featured_media":16205,"comment_status":"closed","ping_status":"closed","sticky":false,"template":"","format":"standard","meta":[],"categories":[4,57],"tags":[],"_links":{"self":[{"href":"https:\/\/www.ifbaiano.edu.br\/unidades\/santaines\/wp-json\/wp\/v2\/posts\/22306"}],"collection":[{"href":"https:\/\/www.ifbaiano.edu.br\/unidades\/santaines\/wp-json\/wp\/v2\/posts"}],"about":[{"href":"https:\/\/www.ifbaiano.edu.br\/unidades\/santaines\/wp-json\/wp\/v2\/types\/post"}],"author":[{"embeddable":true,"href":"https:\/\/www.ifbaiano.edu.br\/unidades\/santaines\/wp-json\/wp\/v2\/users\/86"}],"replies":[{"embeddable":true,"href":"https:\/\/www.ifbaiano.edu.br\/unidades\/santaines\/wp-json\/wp\/v2\/comments?post=22306"}],"version-history":[{"count":7,"href":"https:\/\/www.ifbaiano.edu.br\/unidades\/santaines\/wp-json\/wp\/v2\/posts\/22306\/revisions"}],"predecessor-version":[{"id":22412,"href":"https:\/\/www.ifbaiano.edu.br\/unidades\/santaines\/wp-json\/wp\/v2\/posts\/22306\/revisions\/22412"}],"wp:featuredmedia":[{"embeddable":true,"href":"https:\/\/www.ifbaiano.edu.br\/unidades\/santaines\/wp-json\/wp\/v2\/media\/16205"}],"wp:attachment":[{"href":"https:\/\/www.ifbaiano.edu.br\/unidades\/santaines\/wp-json\/wp\/v2\/media?parent=22306"}],"wp:term":[{"taxonomy":"category","embeddable":true,"href":"https:\/\/www.ifbaiano.edu.br\/unidades\/santaines\/wp-json\/wp\/v2\/categories?post=22306"},{"taxonomy":"post_tag","embeddable":true,"href":"https:\/\/www.ifbaiano.edu.br\/unidades\/santaines\/wp-json\/wp\/v2\/tags?post=22306"}],"curies":[{"name":"wp","href":"https:\/\/api.w.org\/{rel}","templated":true}]}}