{"id":22334,"date":"2024-09-25T10:43:00","date_gmt":"2024-09-25T13:43:00","guid":{"rendered":"https:\/\/www.ifbaiano.edu.br\/unidades\/santaines\/?p=22334"},"modified":"2024-09-25T11:09:59","modified_gmt":"2024-09-25T14:09:59","slug":"inteligencia-artificial-riscos-desafios-trabalho-e-realidade-e-o-tema-do-iii-workshop-de-informatica-do-campus-santa-ines","status":"publish","type":"post","link":"https:\/\/www.ifbaiano.edu.br\/unidades\/santaines\/inteligencia-artificial-riscos-desafios-trabalho-e-realidade-e-o-tema-do-iii-workshop-de-informatica-do-campus-santa-ines\/","title":{"rendered":"\u201cIntelig\u00eancia Artificial: riscos, desafios, trabalho e realidade&#8221; \u00e9 o tema do III Workshop de Inform\u00e1tica do Campus Santa In\u00eas"},"content":{"rendered":"\n<p>Na pr\u00f3xima semana acontece, no IF Baiano &#8211; Campus Santa In\u00eas, o III Workshop de Inform\u00e1tica que ter\u00e1 dura\u00e7\u00e3o de tr\u00eas dias com in\u00edcio no dia 24 e vai at\u00e9 o dia 26 de setembro com atividades como palestras oficinas e minicursos. Este ano o evento traz como tema central \u201cIntelig\u00eancia Artificial: riscos, desafios, trabalho e realidade\u201d e tem como p\u00fablico alvo todos os estudantes do Campus Santa In\u00eas e o p\u00fablico externo. As inscri\u00e7\u00f5es j\u00e1 est\u00e3o abertas e podem ser realizadas na <a href=\"https:\/\/suap.ifbaiano.edu.br\/eventos\/inscricao\/1779\/\">P\u00e1gina do Evento<\/a> at\u00e9 o dia 24 de setembro.<\/p>\n\n\n\n<p>De acordo com a comiss\u00e3o organizadora, o objetivo desse Workshop \u00e9 promover a socializa\u00e7\u00e3o e a troca de experi\u00eancias, com o envolvimento da comunidade acad\u00eamica interna e do p\u00fablico externo, para o debate sobre as tem\u00e1ticas&nbsp;abordadas, tendo como destaque, este ano, a Intelig\u00eancia Artificial, em harmonia com assuntos que alicer\u00e7am as quest\u00f5es cient\u00edficas, tecnol\u00f3gicas, sociais e econ\u00f4micas na sociedade.<\/p>\n\n\n\n<p>Segundo o professor Fernando Kiffer, Coordenador do Curso T\u00e9cnico em Inform\u00e1tica Subsequente este evento visa proporcionar um espa\u00e7o de discuss\u00e3o e aprendizado sobre as m\u00faltiplas facetas da intelig\u00eancia artificial. \u201cSer\u00e3o abordadas v\u00e1rias quest\u00f5es, desde os riscos e desafios inerentes \u00e0 implementa\u00e7\u00e3o da intelig\u00eancia artificial, at\u00e9 as transforma\u00e7\u00f5es no mercado de trabalho e as aplica\u00e7\u00f5es pr\u00e1ticas que j\u00e1 fazem parte do nosso cotidiano&#8221;. Explica Kiffer.<\/p>\n\n\n\n<p>O professor Jadson Silva, Coordenador do Curso T\u00e9cnico em Inform\u00e1tica Integrado afirma que ser\u00e1 um encontro de inova\u00e7\u00e3o e conhecimento. &#8220;Contaremos com a presen\u00e7a de especialistas renomados, que compartilhar\u00e3o suas experi\u00eancias e <em>insights<\/em>, promovendo um debate enriquecedor e preparando os participantes para os avan\u00e7os tecnol\u00f3gicos que moldar\u00e3o o futuro&#8221; conclui Jadson.<\/p>\n\n\n\n<p><strong>A programa\u00e7\u00e3o do evento est\u00e1 assim definida:<\/strong><\/p>\n\n\n\n<p>Dia 24\/09 \u00e0s 19h30 &#8211; Palestra sobre Intelig\u00eancia Artificial<br>Local: Audit\u00f3rio ( pavilh\u00e3o da Biblioteca )<\/p>\n\n\n\n<p>Dia 25\/09 \u00e0s 14h &#8211; Programa\u00e7\u00e3o B\u00e1sica para Ardu\u00edno<br>Local: Laborat\u00f3rio 02 de Inform\u00e1tica ( Pavilh\u00e3o novo )<br>limite total: 20 alunos<\/p>\n\n\n\n<p>Dia 25\/09 \u00e0s 19h30 &#8211; Palestra : \u00c9 poss\u00edvel usar IA para gerenciamento da rede \u00f3ptica em ISP?<br>Local: Laborat\u00f3rio 02 de Inform\u00e1tica ( Pavilh\u00e3o novo )<br>limite total: 60 alunos<\/p>\n\n\n\n<p>Dia 26\/09 \u00e0s 14h Unreal 5 : Uma breve apresenta\u00e7\u00e3o do universo incr\u00edvel<br>Local: Laborat\u00f3rio 02 de Inform\u00e1tica ( Pavilh\u00e3o novo )<br>limite total: 60 alunos<\/p>\n\n\n\n<p>Dia 26\/09 \u00e0s 19h30 &#8211; Introdu\u00e7\u00e3o a Programa\u00e7\u00e3o Android<br>Local: Laborat\u00f3rio 02 de Inform\u00e1tica ( Pavilh\u00e3o novo )<br>limite total: 20 alunos<\/p>\n\n\n\n<hr class=\"wp-block-separator has-alpha-channel-opacity\" \/>\n","protected":false},"excerpt":{"rendered":"<p>Na pr\u00f3xima semana acontece, no IF Baiano &#8211; Campus Santa In\u00eas, o III Workshop de Inform\u00e1tica que ter\u00e1 dura\u00e7\u00e3o de tr\u00eas dias com in\u00edcio no dia 24 e vai at\u00e9 o dia 26 de setembro com atividades como palestras oficinas e minicursos. Este ano o evento traz como tema central \u201cIntelig\u00eancia Artificial: riscos, desafios, trabalho [&hellip;]<\/p>\n","protected":false},"author":86,"featured_media":22349,"comment_status":"closed","ping_status":"closed","sticky":false,"template":"","format":"standard","meta":[],"categories":[4,5,37,57],"tags":[],"_links":{"self":[{"href":"https:\/\/www.ifbaiano.edu.br\/unidades\/santaines\/wp-json\/wp\/v2\/posts\/22334"}],"collection":[{"href":"https:\/\/www.ifbaiano.edu.br\/unidades\/santaines\/wp-json\/wp\/v2\/posts"}],"about":[{"href":"https:\/\/www.ifbaiano.edu.br\/unidades\/santaines\/wp-json\/wp\/v2\/types\/post"}],"author":[{"embeddable":true,"href":"https:\/\/www.ifbaiano.edu.br\/unidades\/santaines\/wp-json\/wp\/v2\/users\/86"}],"replies":[{"embeddable":true,"href":"https:\/\/www.ifbaiano.edu.br\/unidades\/santaines\/wp-json\/wp\/v2\/comments?post=22334"}],"version-history":[{"count":4,"href":"https:\/\/www.ifbaiano.edu.br\/unidades\/santaines\/wp-json\/wp\/v2\/posts\/22334\/revisions"}],"predecessor-version":[{"id":22426,"href":"https:\/\/www.ifbaiano.edu.br\/unidades\/santaines\/wp-json\/wp\/v2\/posts\/22334\/revisions\/22426"}],"wp:featuredmedia":[{"embeddable":true,"href":"https:\/\/www.ifbaiano.edu.br\/unidades\/santaines\/wp-json\/wp\/v2\/media\/22349"}],"wp:attachment":[{"href":"https:\/\/www.ifbaiano.edu.br\/unidades\/santaines\/wp-json\/wp\/v2\/media?parent=22334"}],"wp:term":[{"taxonomy":"category","embeddable":true,"href":"https:\/\/www.ifbaiano.edu.br\/unidades\/santaines\/wp-json\/wp\/v2\/categories?post=22334"},{"taxonomy":"post_tag","embeddable":true,"href":"https:\/\/www.ifbaiano.edu.br\/unidades\/santaines\/wp-json\/wp\/v2\/tags?post=22334"}],"curies":[{"name":"wp","href":"https:\/\/api.w.org\/{rel}","templated":true}]}}