{"id":22354,"date":"2024-09-19T21:23:36","date_gmt":"2024-09-20T00:23:36","guid":{"rendered":"https:\/\/www.ifbaiano.edu.br\/unidades\/santaines\/?p=22354"},"modified":"2024-09-19T21:23:37","modified_gmt":"2024-09-20T00:23:37","slug":"estudantes-do-campus-santa-ines-visitam-regiao-da-chapada-diamantina","status":"publish","type":"post","link":"https:\/\/www.ifbaiano.edu.br\/unidades\/santaines\/estudantes-do-campus-santa-ines-visitam-regiao-da-chapada-diamantina\/","title":{"rendered":"Estudantes do Campus Santa In\u00eas visitam regi\u00e3o da Chapada Diamantina"},"content":{"rendered":"\n<p>Estudantes do quinto semestre do curso de Licenciatura em Geografia do Instituto Federal Baiano &#8211; IF Baiano, Campus Santa In\u00eas visitaram a regi\u00e3o da Chapada Diamantina durante os dias 12 a 15 de setembro e tiveram a oportunidade de conhecer aspectos da Geografia F\u00edsica e Humana da regi\u00e3o.<\/p>\n\n\n\n<p>Antes do Trabalho de Campo, os estudantes participaram de aulas te\u00f3ricas com o professor da disciplina de Trabalho de Campo &#8211; TCI IV, Bruno Silveira, que apresentou os temas que seriam abordados envolvendo as disciplinas de Geografia Urbana, Popula\u00e7\u00e3o e Geomorfologia.<\/p>\n\n\n\n<figure class=\"wp-block-gallery has-nested-images columns-default is-cropped wp-block-gallery-1 is-layout-flex\">\n<figure class=\"wp-block-image size-large\"><a href=\"https:\/\/www.ifbaiano.edu.br\/unidades\/santaines\/files\/2024\/09\/IMG_3224.png\"><img decoding=\"async\" loading=\"lazy\" width=\"4032\" height=\"3024\" data-id=\"22356\"  src=\"https:\/\/www.ifbaiano.edu.br\/unidades\/santaines\/files\/2024\/09\/IMG_3224.png\" alt=\"\" class=\"wp-image-22356\" \/><\/a><\/figure>\n\n\n\n<figure class=\"wp-block-image size-large\"><a href=\"https:\/\/www.ifbaiano.edu.br\/unidades\/santaines\/files\/2024\/09\/IMG_3285.png\"><img decoding=\"async\" loading=\"lazy\" width=\"4032\" height=\"3024\" data-id=\"22357\"  src=\"https:\/\/www.ifbaiano.edu.br\/unidades\/santaines\/files\/2024\/09\/IMG_3285.png\" alt=\"\" class=\"wp-image-22357\" \/><\/a><\/figure>\n\n\n\n<figure class=\"wp-block-image size-large\"><a href=\"https:\/\/www.ifbaiano.edu.br\/unidades\/santaines\/files\/2024\/09\/IMG_3272.png\"><img decoding=\"async\" loading=\"lazy\" width=\"4032\" height=\"3024\" data-id=\"22358\"  src=\"https:\/\/www.ifbaiano.edu.br\/unidades\/santaines\/files\/2024\/09\/IMG_3272.png\" alt=\"\" class=\"wp-image-22358\" \/><\/a><\/figure>\n<\/figure>\n\n\n\n<p>Os professores de Geomorfologia, Leonardo Teixeira, e Geografia da Popula\u00e7\u00e3o, Fl\u00e1via Souza, foram os respons\u00e1veis pelas explica\u00e7\u00f5es dos aspectos naturais, sociais e pol\u00edticos envolvendo o roteiro nos munic\u00edpios da Chapada Diamantina. &#8220;Essa oportunidade de colocar os alunos em contato com a pr\u00e1tica discutida em sala de aula \u00e9 fundamental para o despertar profissional&#8221;, afirma o professor da disciplina de TCI IV, Bruno Silveira.<\/p>\n\n\n\n<p>Segundo o professor Bruno, os alunos mostraram-se entusiasmados e visitaram, no \u00faltimo dia do Trabalho de Campo, a Cooperativa de Produtores Org\u00e2nicos e Biodin\u00e2micos da Chapada Diamantina \u2013 COOPERBIO. St\u00eanio Erson, um dos s\u00f3cios da Cooperativa, recebeu os estudantes e demonstrou a prepara\u00e7\u00e3o de um Bioinsumo l\u00edquido utilizado nos solos da regi\u00e3o.<\/p>\n\n\n\n<p>O roteiro contou, ainda, com visita ao Museu Natural da Chapada Diamantina (Len\u00e7\u00f3is), Gruta da Lapa Doce (Iraquara), Cachoeira da Fuma\u00e7a (Palmeiras).<\/p>\n\n\n\n<hr class=\"wp-block-separator has-alpha-channel-opacity\" \/>\n","protected":false},"excerpt":{"rendered":"<p>Estudantes do quinto semestre do curso de Licenciatura em Geografia do Instituto Federal Baiano &#8211; IF Baiano, Campus Santa In\u00eas visitaram a regi\u00e3o da Chapada Diamantina durante os dias 12 a 15 de setembro e tiveram a oportunidade de conhecer aspectos da Geografia F\u00edsica e Humana da regi\u00e3o. Antes do Trabalho de Campo, os estudantes [&hellip;]<\/p>\n","protected":false},"author":86,"featured_media":22355,"comment_status":"closed","ping_status":"closed","sticky":false,"template":"","format":"standard","meta":[],"categories":[4,20,5,57],"tags":[],"_links":{"self":[{"href":"https:\/\/www.ifbaiano.edu.br\/unidades\/santaines\/wp-json\/wp\/v2\/posts\/22354"}],"collection":[{"href":"https:\/\/www.ifbaiano.edu.br\/unidades\/santaines\/wp-json\/wp\/v2\/posts"}],"about":[{"href":"https:\/\/www.ifbaiano.edu.br\/unidades\/santaines\/wp-json\/wp\/v2\/types\/post"}],"author":[{"embeddable":true,"href":"https:\/\/www.ifbaiano.edu.br\/unidades\/santaines\/wp-json\/wp\/v2\/users\/86"}],"replies":[{"embeddable":true,"href":"https:\/\/www.ifbaiano.edu.br\/unidades\/santaines\/wp-json\/wp\/v2\/comments?post=22354"}],"version-history":[{"count":1,"href":"https:\/\/www.ifbaiano.edu.br\/unidades\/santaines\/wp-json\/wp\/v2\/posts\/22354\/revisions"}],"predecessor-version":[{"id":22359,"href":"https:\/\/www.ifbaiano.edu.br\/unidades\/santaines\/wp-json\/wp\/v2\/posts\/22354\/revisions\/22359"}],"wp:featuredmedia":[{"embeddable":true,"href":"https:\/\/www.ifbaiano.edu.br\/unidades\/santaines\/wp-json\/wp\/v2\/media\/22355"}],"wp:attachment":[{"href":"https:\/\/www.ifbaiano.edu.br\/unidades\/santaines\/wp-json\/wp\/v2\/media?parent=22354"}],"wp:term":[{"taxonomy":"category","embeddable":true,"href":"https:\/\/www.ifbaiano.edu.br\/unidades\/santaines\/wp-json\/wp\/v2\/categories?post=22354"},{"taxonomy":"post_tag","embeddable":true,"href":"https:\/\/www.ifbaiano.edu.br\/unidades\/santaines\/wp-json\/wp\/v2\/tags?post=22354"}],"curies":[{"name":"wp","href":"https:\/\/api.w.org\/{rel}","templated":true}]}}