{"id":2236,"date":"2012-09-05T15:19:12","date_gmt":"2012-09-05T18:19:12","guid":{"rendered":"http:\/\/www.ifbaiano.edu.br\/unidades\/santaines\/?p=2236"},"modified":"2012-10-08T09:40:23","modified_gmt":"2012-10-08T12:40:23","slug":"informa-retorno-das-atividades-letivas","status":"publish","type":"post","link":"https:\/\/www.ifbaiano.edu.br\/unidades\/santaines\/informa-retorno-das-atividades-letivas\/","title":{"rendered":"Greve Suspensa"},"content":{"rendered":"<h3><\/h3>\n<h3>Prezados estudantes, pais e comunidade acad\u00eamica, o IF Baiano Campus Santa In\u00eas informa a todos que a Greve dos Servidores P\u00fablicos da Educa\u00e7\u00e3o (do campus Santa In\u00eas) est\u00e1 suspensa. Em conformidade com a decis\u00e3o tomada em assembleia realizada no \u00faltimo dia 04, as aulas retornar\u00e3o na segunda-feira, 10 de setembro, a partir das 13h:30min.<\/h3>\n<h3><\/h3>\n","protected":false},"excerpt":{"rendered":"<p>O in\u00edcio das aulas ser\u00e1 no dia 10 de setembro.<\/p>\n","protected":false},"author":26,"featured_media":0,"comment_status":"closed","ping_status":"closed","sticky":false,"template":"","format":"standard","meta":[],"categories":[10],"tags":[],"_links":{"self":[{"href":"https:\/\/www.ifbaiano.edu.br\/unidades\/santaines\/wp-json\/wp\/v2\/posts\/2236"}],"collection":[{"href":"https:\/\/www.ifbaiano.edu.br\/unidades\/santaines\/wp-json\/wp\/v2\/posts"}],"about":[{"href":"https:\/\/www.ifbaiano.edu.br\/unidades\/santaines\/wp-json\/wp\/v2\/types\/post"}],"author":[{"embeddable":true,"href":"https:\/\/www.ifbaiano.edu.br\/unidades\/santaines\/wp-json\/wp\/v2\/users\/26"}],"replies":[{"embeddable":true,"href":"https:\/\/www.ifbaiano.edu.br\/unidades\/santaines\/wp-json\/wp\/v2\/comments?post=2236"}],"version-history":[{"count":11,"href":"https:\/\/www.ifbaiano.edu.br\/unidades\/santaines\/wp-json\/wp\/v2\/posts\/2236\/revisions"}],"predecessor-version":[{"id":2355,"href":"https:\/\/www.ifbaiano.edu.br\/unidades\/santaines\/wp-json\/wp\/v2\/posts\/2236\/revisions\/2355"}],"wp:attachment":[{"href":"https:\/\/www.ifbaiano.edu.br\/unidades\/santaines\/wp-json\/wp\/v2\/media?parent=2236"}],"wp:term":[{"taxonomy":"category","embeddable":true,"href":"https:\/\/www.ifbaiano.edu.br\/unidades\/santaines\/wp-json\/wp\/v2\/categories?post=2236"},{"taxonomy":"post_tag","embeddable":true,"href":"https:\/\/www.ifbaiano.edu.br\/unidades\/santaines\/wp-json\/wp\/v2\/tags?post=2236"}],"curies":[{"name":"wp","href":"https:\/\/api.w.org\/{rel}","templated":true}]}}