{"id":22427,"date":"2024-09-25T11:27:41","date_gmt":"2024-09-25T14:27:41","guid":{"rendered":"https:\/\/www.ifbaiano.edu.br\/unidades\/santaines\/?p=22427"},"modified":"2024-09-25T11:27:55","modified_gmt":"2024-09-25T14:27:55","slug":"eleicoes-do-consup-para-o-bienio-2024-2026-categorias-egresso-e-dce","status":"publish","type":"post","link":"https:\/\/www.ifbaiano.edu.br\/unidades\/santaines\/eleicoes-do-consup-para-o-bienio-2024-2026-categorias-egresso-e-dce\/","title":{"rendered":"Elei\u00e7\u00f5es do CONSUP para o Bi\u00eanio 2024-2026: Categorias Egresso e DCE"},"content":{"rendered":"\n<p>O Instituto Federal Baiano (IF Baiano) abre inscri\u00e7\u00f5es para a escolha dos novos representantes das categorias Egresso e Diret\u00f3rio Central dos Estudantes (DCE) no Conselho Superior (CONSUP),&nbsp; \u00f3rg\u00e3o colegiado m\u00e1ximo da institui\u00e7\u00e3o, que delibera sobre pol\u00edticas educacionais, administrativas e financeiras. O processo eleitoral para o bi\u00eanio 2024-2026 segue as normativas do instituto e est\u00e1 aberto para egressos que conclu\u00edram ao menos um curso e para estudantes indicados pelo DCE. Confira os principais detalhes:<\/p>\n\n\n\n<h3 class=\"wp-block-heading\"><strong>Inscri\u00e7\u00e3o para Representante de Egressos<\/strong><\/h3>\n\n\n\n<p>Para os ex-alunos do IF Baiano que desejam concorrer, as inscri\u00e7\u00f5es ocorrer\u00e3o de&nbsp;<strong>26 de setembro a 7 de outubro de 2024<\/strong>. Para se inscrever, o candidato deve enviar o formul\u00e1rio preenchido e assinado, juntamente com o comprovante de conclus\u00e3o de curso (diploma, declara\u00e7\u00e3o ou hist\u00f3rico escolar), para o e-mail da comiss\u00e3o eleitoral:&nbsp;<strong>eleicao.consup@reitoria.ifbaiano.edu.br<\/strong>.<\/p>\n\n\n\n<p>Egressos de qualquer unidade do IF Baiano que conclu\u00edram um curso t\u00e9cnico ou superior (excluem-se cursos de curta dura\u00e7\u00e3o).<strong>&nbsp;<\/strong>A elei\u00e7\u00e3o ser\u00e1 realizada por meio do&nbsp;<strong>Sistema Helios Voting<\/strong>&nbsp;no dia&nbsp;<strong>24 de outubro de 2024<\/strong>. O resultado preliminar ser\u00e1 publicado no dia&nbsp;<strong>25 de outubro de 2024<\/strong>, com o resultado final sendo divulgado em&nbsp;<strong>29 de outubro de 2024<\/strong>, ap\u00f3s an\u00e1lise de recursos.<\/p>\n\n\n\n<p><a href=\"https:\/\/concurso.ifbaiano.edu.br\/portal\/escolha-representante-egresso-consup-setembro-2024\/wp-content\/uploads\/sites\/1071\/2024\/09\/Documento-2024-09-20T120754.779.pdf\">Mais informa\u00e7\u00f5es aqui!<\/a><\/p>\n\n\n\n<h3 class=\"wp-block-heading\"><strong>Inscri\u00e7\u00e3o para Representante do DCE<\/strong><\/h3>\n\n\n\n<p>O processo para escolha do representante do DCE ocorrer\u00e1 em&nbsp;<strong>Reuni\u00e3o Ordin\u00e1ria<\/strong>&nbsp;da Diretoria Executiva do Diret\u00f3rio Central dos Estudantes \u00e0s 10h do dia 09 de outubro. Para se candidatar \u00e9 necess\u00e1rio preencher o formul\u00e1rio de inscri\u00e7\u00e3o, dispon\u00edvel em anexo do edital, e encaminh\u00e1-lo \u00e0 Comiss\u00e3o Eleitoral para o endere\u00e7o eletr\u00f4nico: eleicao.consup@reitoria.ifbaiano.edu.br<\/p>\n\n\n\n<p>A escolha do titular e do suplente ser\u00e1 feita por meio de vota\u00e7\u00e3o ou indica\u00e7\u00e3o durante a reuni\u00e3o da Diretoria do DCE. O resultado ser\u00e1 enviado \u00e0 Comiss\u00e3o Eleitoral, que o encaminhar\u00e1 ao Presidente do CONSUP.<br><br><a href=\"https:\/\/concurso.ifbaiano.edu.br\/portal\/escolha-representante-dce-consup-setembro-2024\/wp-content\/uploads\/sites\/1070\/2024\/09\/Documento-2024-09-20T120914.126.pdf\">Mais informa\u00e7\u00f5es aqui!<\/a><\/p>\n\n\n\n<h3 class=\"wp-block-heading\"><strong>Import\u00e2ncia do Conselho Superior<\/strong><\/h3>\n\n\n\n<p>O CONSUP \u00e9 respons\u00e1vel por definir e aprovar as diretrizes que norteiam o funcionamento do IF Baiano, abrangendo desde quest\u00f5es acad\u00eamicas at\u00e9 decis\u00f5es administrativas e financeiras. A participa\u00e7\u00e3o de representantes de diferentes segmentos, incluindo os(as) egressos(as) e a comunidade acad\u00eamica ativa, garante que as decis\u00f5es reflitam a diversidade de opini\u00f5es e necessidades da institui\u00e7\u00e3o.<\/p>\n\n\n\n<hr class=\"wp-block-separator has-alpha-channel-opacity\" \/>\n","protected":false},"excerpt":{"rendered":"<p>O Instituto Federal Baiano (IF Baiano) abre inscri\u00e7\u00f5es para a escolha dos novos representantes das categorias Egresso e Diret\u00f3rio Central dos Estudantes (DCE) no Conselho Superior (CONSUP),&nbsp; \u00f3rg\u00e3o colegiado m\u00e1ximo da institui\u00e7\u00e3o, que delibera sobre pol\u00edticas educacionais, administrativas e financeiras. O processo eleitoral para o bi\u00eanio 2024-2026 segue as normativas do instituto e est\u00e1 aberto [&hellip;]<\/p>\n","protected":false},"author":86,"featured_media":22428,"comment_status":"closed","ping_status":"closed","sticky":false,"template":"","format":"standard","meta":[],"categories":[4,57],"tags":[],"_links":{"self":[{"href":"https:\/\/www.ifbaiano.edu.br\/unidades\/santaines\/wp-json\/wp\/v2\/posts\/22427"}],"collection":[{"href":"https:\/\/www.ifbaiano.edu.br\/unidades\/santaines\/wp-json\/wp\/v2\/posts"}],"about":[{"href":"https:\/\/www.ifbaiano.edu.br\/unidades\/santaines\/wp-json\/wp\/v2\/types\/post"}],"author":[{"embeddable":true,"href":"https:\/\/www.ifbaiano.edu.br\/unidades\/santaines\/wp-json\/wp\/v2\/users\/86"}],"replies":[{"embeddable":true,"href":"https:\/\/www.ifbaiano.edu.br\/unidades\/santaines\/wp-json\/wp\/v2\/comments?post=22427"}],"version-history":[{"count":1,"href":"https:\/\/www.ifbaiano.edu.br\/unidades\/santaines\/wp-json\/wp\/v2\/posts\/22427\/revisions"}],"predecessor-version":[{"id":22429,"href":"https:\/\/www.ifbaiano.edu.br\/unidades\/santaines\/wp-json\/wp\/v2\/posts\/22427\/revisions\/22429"}],"wp:featuredmedia":[{"embeddable":true,"href":"https:\/\/www.ifbaiano.edu.br\/unidades\/santaines\/wp-json\/wp\/v2\/media\/22428"}],"wp:attachment":[{"href":"https:\/\/www.ifbaiano.edu.br\/unidades\/santaines\/wp-json\/wp\/v2\/media?parent=22427"}],"wp:term":[{"taxonomy":"category","embeddable":true,"href":"https:\/\/www.ifbaiano.edu.br\/unidades\/santaines\/wp-json\/wp\/v2\/categories?post=22427"},{"taxonomy":"post_tag","embeddable":true,"href":"https:\/\/www.ifbaiano.edu.br\/unidades\/santaines\/wp-json\/wp\/v2\/tags?post=22427"}],"curies":[{"name":"wp","href":"https:\/\/api.w.org\/{rel}","templated":true}]}}