{"id":22435,"date":"2024-09-30T11:03:43","date_gmt":"2024-09-30T14:03:43","guid":{"rendered":"https:\/\/www.ifbaiano.edu.br\/unidades\/santaines\/?p=22435"},"modified":"2024-09-30T11:03:44","modified_gmt":"2024-09-30T14:03:44","slug":"campus-santa-ines-inaugura-novo-pavilhao-de-aulas","status":"publish","type":"post","link":"https:\/\/www.ifbaiano.edu.br\/unidades\/santaines\/campus-santa-ines-inaugura-novo-pavilhao-de-aulas\/","title":{"rendered":"Campus Santa In\u00eas inaugura novo pavilh\u00e3o de aulas"},"content":{"rendered":"\n<p>No dia 20 de setembro, a Diretora-Geral do Campus Santa In\u00eas, professora Genilda Lima,\u202finaugurou\u202fo\u202fnovo Pavilh\u00e3o de Aulas dos Cursos T\u00e9cnicos, Integrado e Subsequente, em Inform\u00e1tica. O pr\u00e9dio onde, inicialmente funcionava a Cooperativa dos Estudantes da antiga da Escola Agrot\u00e9cnica Federal de Santa In\u00eas &#8211; EAFSI foi completamente reestruturado e constru\u00eddos dois laborat\u00f3rios e tr\u00eas salas de aulas para atender aos estudantes dos cursos T\u00e9cnico Integrado ao ensino m\u00e9dio e Subsequente em inform\u00e1tica.<\/p>\n\n\n\n<figure class=\"wp-block-gallery has-nested-images columns-default is-cropped wp-block-gallery-1 is-layout-flex\">\n<figure class=\"wp-block-image size-large\"><a href=\"https:\/\/www.ifbaiano.edu.br\/unidades\/santaines\/files\/2024\/09\/10227d3f-603d-4042-a0ca-06d1e8cf5a57.png\"><img decoding=\"async\" loading=\"lazy\" width=\"4000\" height=\"2252\" data-id=\"22448\"  src=\"https:\/\/www.ifbaiano.edu.br\/unidades\/santaines\/files\/2024\/09\/10227d3f-603d-4042-a0ca-06d1e8cf5a57.png\" alt=\"\" class=\"wp-image-22448\" \/><\/a><\/figure>\n\n\n\n<figure class=\"wp-block-image size-large\"><a href=\"https:\/\/www.ifbaiano.edu.br\/unidades\/santaines\/files\/2024\/09\/4df46fd2-8ccc-44ee-b50d-310d79bac025.png\"><img decoding=\"async\" loading=\"lazy\" width=\"4000\" height=\"1848\" data-id=\"22438\"  src=\"https:\/\/www.ifbaiano.edu.br\/unidades\/santaines\/files\/2024\/09\/4df46fd2-8ccc-44ee-b50d-310d79bac025.png\" alt=\"\" class=\"wp-image-22438\" \/><\/a><\/figure>\n\n\n\n<figure class=\"wp-block-image size-full\"><a href=\"https:\/\/www.ifbaiano.edu.br\/unidades\/santaines\/files\/2024\/09\/e157e8aa-4ded-4466-9451-2a2583442d2f.png\"><img decoding=\"async\" loading=\"lazy\" width=\"4000\" height=\"1848\" data-id=\"22450\"  src=\"https:\/\/www.ifbaiano.edu.br\/unidades\/santaines\/files\/2024\/09\/e157e8aa-4ded-4466-9451-2a2583442d2f.png\" alt=\"\" class=\"wp-image-22450\" \/><\/a><\/figure>\n<\/figure>\n\n\n\n<p>Gratid\u00e3o foi a palavra que predominou e marcou os discursos proferidos durante a cerim\u00f4nia de inaugura\u00e7\u00e3o do novo Pavilh\u00e3o. Os Coordenadores dos Cursos T\u00e9cnicos, Integrado e Subsequente, em Inform\u00e1tica, Fernando Kiffer e Jadson Silva, respectivamente, destacaram a felicidade e emo\u00e7\u00e3o em estarem vivenciando esse momento de vit\u00f3ria do campus. Um projeto pensado h\u00e1 tanto tempo e, finalmente realizado, mesmo com os cortes no or\u00e7amento e grandes desafios enfrentados. \u201cPe\u00e7o aos alunos que fa\u00e7am bom uso porque foi feito para voc\u00eas\u201d. Falou o professor Jadson, dirigindo-se aos estudantes.<\/p>\n\n\n\n<p>O professor Andr\u00e9 Leonardo, Diretor Acad\u00eamico, destacou a import\u00e2ncia do curso e o in\u00edcio de uma nova jornada em busca da verticaliza\u00e7\u00e3o. \u201cEsse curso vai potencializar nossa regi\u00e3o e potencializar os nossos outros cursos&#8230; Esse pr\u00e9dio d\u00e1 condi\u00e7\u00f5es de ofertarmos mais um curso e isso \u00e9 muito importante para esse Territ\u00f3rio do Vale do Jiquiri\u00e7\u00e1. Isso oportuniza muitos estudantes que podem estar galgando seu futuro\u201d. Afirmou Andr\u00e9.<\/p>\n\n\n\n<p>A conclus\u00e3o das obras possibilitar\u00e1 o atendimento, n\u00e3o apenas aos estudantes dos cursos de inform\u00e1tica, mas, tamb\u00e9m aos demais estudantes do\u00a0<em>campus<\/em>\u00a0Santa In\u00eas, al\u00e9m de possibilitar a amplia\u00e7\u00e3o do n\u00famero de vagas oferecidas e a cria\u00e7\u00e3o de novos cursos que j\u00e1 est\u00e3o sendo planejados, conforme anunciou Andr\u00e9 Leonardo.<\/p>\n\n\n\n<figure class=\"wp-block-gallery has-nested-images columns-default is-cropped wp-block-gallery-3 is-layout-flex\">\n<figure class=\"wp-block-image size-large\"><a href=\"https:\/\/www.ifbaiano.edu.br\/unidades\/santaines\/files\/2024\/09\/620e3200-4b90-4fe1-bad7-3bbbd99453d0.png\"><img decoding=\"async\" loading=\"lazy\" width=\"4000\" height=\"1848\" data-id=\"22447\"  src=\"https:\/\/www.ifbaiano.edu.br\/unidades\/santaines\/files\/2024\/09\/620e3200-4b90-4fe1-bad7-3bbbd99453d0.png\" alt=\"\" class=\"wp-image-22447\" \/><\/a><\/figure>\n\n\n\n<figure class=\"wp-block-image size-large\"><a href=\"https:\/\/www.ifbaiano.edu.br\/unidades\/santaines\/files\/2024\/09\/45b84bf1-4bec-4af6-8b2d-3b8283a5ed7.png\"><img decoding=\"async\" loading=\"lazy\" width=\"3248\" height=\"1754\" data-id=\"22444\"  src=\"https:\/\/www.ifbaiano.edu.br\/unidades\/santaines\/files\/2024\/09\/45b84bf1-4bec-4af6-8b2d-3b8283a5ed7.png\" alt=\"\" class=\"wp-image-22444\" \/><\/a><\/figure>\n\n\n\n<figure class=\"wp-block-image size-large\"><a href=\"https:\/\/www.ifbaiano.edu.br\/unidades\/santaines\/files\/2024\/09\/11a6eb6d-c452-43cf-828a-7d70ae4e057f.png\"><img decoding=\"async\" loading=\"lazy\" width=\"3618\" height=\"1792\" data-id=\"22440\"  src=\"https:\/\/www.ifbaiano.edu.br\/unidades\/santaines\/files\/2024\/09\/11a6eb6d-c452-43cf-828a-7d70ae4e057f.png\" alt=\"\" class=\"wp-image-22440\" \/><\/a><\/figure>\n<\/figure>\n\n\n\n<p>A Diretora Administrativa, Professora Daniele Matos, trouxe em sua fala, um contexto hist\u00f3rico desde a constru\u00e7\u00e3o do pr\u00e9dio, em 1995, quando passou a funcionar como Cooperativa dos estudantes da EAFSI, seu funcionamento como academia, infocentro, consult\u00f3rio odontol\u00f3gico mais \u00e0 frente e, finalmente, ap\u00f3s muitas discuss\u00f5es, desde 2020, avan\u00e7ando com elabora\u00e7\u00e3o do projeto, foram consolidadas a partir de 2022, com a reestrutura\u00e7\u00e3o de um projeto sonhado por muitos para adequa\u00e7\u00e3o dos espa\u00e7os de forma estruturada, com possibilidades de crescimento e pensando na verticaliza\u00e7\u00e3o e na oferta de um futuro curso de Tecn\u00f3logo em Inform\u00e1tica. <\/p>\n\n\n\n<p>A professora Daniele fez um agradecimento a todos que a acompanhou nesse processo de constru\u00e7\u00e3o, principalmente a sua equipe de manuten\u00e7\u00e3o que, apesar de n\u00e3o aparecer \u201cfaz a coisa acontecer\u201d. Daniele ressaltou com gratid\u00e3o que, &#8220;conseguir esse avan\u00e7o, mesmo com os cortes or\u00e7ament\u00e1rios \u00e9 muito gratificante\u201d e ratificou o recado do professor Jadson aos estudantes. \u201cEsse pr\u00e9dio gente, \u00e9 para voc\u00eas, nada do que \u00e9 feito aqui \u00e9 para outra pessoa. \u00c9 para voc\u00eas! \u00c9 para todos os cursos, mas, principalmente, para os cursos de inform\u00e1tica. zelem, cuidem e aproveitem bastante!\u201d Enfatizou a professora.<\/p>\n\n\n\n<p>Houve, tamb\u00e9m, agradecimentos por parte dos estudantes dos cursos de Inform\u00e1tica, que tamb\u00e9m tiveram um momento de fala na cerim\u00f4nia. Pedro Henrique Alves e Sabrina Ferreira. Ambos destacaram a satisfa\u00e7\u00e3o em presenciar e vivenciar esse momento. \u201cHoje n\u00f3s estamos aqui, n\u00e3o s\u00f3 para inaugurar o nosso pavilh\u00e3o de inform\u00e1tica, mas tamb\u00e9m o campus que, no meio de tanta dificuldade, constru\u00edram ele e fizeram acontecer\u201d. Disse Pedro. E Sabrina acrescentou que esse pavilh\u00e3o \u201cn\u00e3o ser\u00e1 s\u00f3 um lugar de aprendizado, mas, tamb\u00e9m, um lugar de troca de ideias, inova\u00e7\u00e3o e conhecimento\u201d.<\/p>\n\n\n\n<p>A Diretora-Geral, professora Genilda Lima, falou da sua emo\u00e7\u00e3o, gratid\u00e3o e honra em poder estar entregando essa estrutura para a comunidade acad\u00eamica. Um projeto que foi pensado h\u00e1 tanto tempo, constru\u00eddo por muitas m\u00e3os e com tamanho afinco, mesmo com tantas dificuldades e adversidades. \u201cSou muito grata por toda essa equipe, muito grata pelo cuidado, pelo empenho e dedica\u00e7\u00e3o de todos que abra\u00e7aram e se empenharam pra que esse momento acontecesse\u201d. Disse Genilda.<\/p>\n\n\n\n<p>A Dietora-Geral, professora Genilda Lima, ratificou a homenagem realizada pela mestre de cerim\u00f4nia, a servidora Nelian Nascimento, a todos os servidores destacando que cada novo pr\u00e9dio, cada nova conquista, \u00e9 resultado de uma hist\u00f3ria constru\u00edda por muitas m\u00e3os. \u00c9 fruto de uma semente plantada por todos que passaram pelo IF Baiano \u2013 Campus Santa In\u00eas e, visando homenagear todos servidores, servidoras, ex-servidores e ex-servidoras, estudantes e egressos do campus, para descerrar a placa de inaugura\u00e7\u00e3o junto com ela, a professora convidou \u00a0um docente, um t\u00e9cnico e um estudante, representando as tr\u00eas categorias.<\/p>\n\n\n\n<p>Assim, a \u00a0cerim\u00f4nia foi encerrada com o tradicional descerramento da placa de inaugura\u00e7\u00e3o. E os servidores convidados pela Diretora-Geral para descerrar a placa junto com ela foram, o servidor Gilberto Muniz, representando todos os T\u00e9cnicos-Administrativos que est\u00e3o e j\u00e1 passaram pela institui\u00e7\u00e3o, a Professora Tharcilla Pess\u00f4a, representando todos os Professores e representando os estudante, foi convidado Pedro Henrique Alves. \u201cViva o Campus Santa In\u00eas! Viva o IF Baiano! Parab\u00e9ns comunidade!\u201d. Finalizou Genilda.<\/p>\n\n\n\n<figure class=\"wp-block-gallery has-nested-images columns-default is-cropped wp-block-gallery-5 is-layout-flex\">\n<figure class=\"wp-block-image size-large\"><a href=\"https:\/\/www.ifbaiano.edu.br\/unidades\/santaines\/files\/2024\/09\/0e711af9-624f-482f-a534-bf5e994280b.jpg\"><img decoding=\"async\" loading=\"lazy\" width=\"912\" height=\"397\" data-id=\"22436\"  src=\"https:\/\/www.ifbaiano.edu.br\/unidades\/santaines\/files\/2024\/09\/0e711af9-624f-482f-a534-bf5e994280b.jpg\" alt=\"\" class=\"wp-image-22436\" \/><\/a><\/figure>\n\n\n\n<figure class=\"wp-block-image size-large\"><a href=\"https:\/\/www.ifbaiano.edu.br\/unidades\/santaines\/files\/2024\/09\/10227d3f-603d-4042-a0ca-06d1e8cf5a57.png\"><img decoding=\"async\" loading=\"lazy\" width=\"4000\" height=\"2252\" data-id=\"22448\"  src=\"https:\/\/www.ifbaiano.edu.br\/unidades\/santaines\/files\/2024\/09\/10227d3f-603d-4042-a0ca-06d1e8cf5a57.png\" alt=\"\" class=\"wp-image-22448\" \/><\/a><\/figure>\n\n\n\n<figure class=\"wp-block-image size-large\"><a href=\"https:\/\/www.ifbaiano.edu.br\/unidades\/santaines\/files\/2024\/09\/af3e1c92-6081-47db-93bb-bb76b260059a.png\"><img decoding=\"async\" loading=\"lazy\" width=\"4000\" height=\"1848\" data-id=\"22449\"  src=\"https:\/\/www.ifbaiano.edu.br\/unidades\/santaines\/files\/2024\/09\/af3e1c92-6081-47db-93bb-bb76b260059a.png\" alt=\"\" class=\"wp-image-22449\" \/><\/a><\/figure>\n\n\n\n<figure class=\"wp-block-image size-large\"><a href=\"https:\/\/www.ifbaiano.edu.br\/unidades\/santaines\/files\/2024\/09\/6f1cb1b8-4d6f-4143-8f58-bd575cf26289.png\"><img decoding=\"async\" loading=\"lazy\" width=\"4000\" height=\"2252\" data-id=\"22439\"  src=\"https:\/\/www.ifbaiano.edu.br\/unidades\/santaines\/files\/2024\/09\/6f1cb1b8-4d6f-4143-8f58-bd575cf26289.png\" alt=\"\" class=\"wp-image-22439\" \/><\/a><\/figure>\n\n\n\n<figure class=\"wp-block-image size-large\"><a href=\"https:\/\/www.ifbaiano.edu.br\/unidades\/santaines\/files\/2024\/09\/25f9e032-7c5a-4ee6-a50c-30fe1cd127.png\"><img decoding=\"async\" loading=\"lazy\" width=\"1848\" height=\"1135\" data-id=\"22442\"  src=\"https:\/\/www.ifbaiano.edu.br\/unidades\/santaines\/files\/2024\/09\/25f9e032-7c5a-4ee6-a50c-30fe1cd127.png\" alt=\"\" class=\"wp-image-22442\" \/><\/a><\/figure>\n<\/figure>\n\n\n\n<hr class=\"wp-block-separator has-alpha-channel-opacity\" \/>\n","protected":false},"excerpt":{"rendered":"<p>No dia 20 de setembro, a Diretora-Geral do Campus Santa In\u00eas, professora Genilda Lima,\u202finaugurou\u202fo\u202fnovo Pavilh\u00e3o de Aulas dos Cursos T\u00e9cnicos, Integrado e Subsequente, em Inform\u00e1tica. O pr\u00e9dio onde, inicialmente funcionava a Cooperativa dos Estudantes da antiga da Escola Agrot\u00e9cnica Federal de Santa In\u00eas &#8211; EAFSI foi completamente reestruturado e constru\u00eddos dois laborat\u00f3rios e tr\u00eas salas [&hellip;]<\/p>\n","protected":false},"author":86,"featured_media":22437,"comment_status":"closed","ping_status":"closed","sticky":false,"template":"","format":"standard","meta":[],"categories":[4,5,57],"tags":[],"_links":{"self":[{"href":"https:\/\/www.ifbaiano.edu.br\/unidades\/santaines\/wp-json\/wp\/v2\/posts\/22435"}],"collection":[{"href":"https:\/\/www.ifbaiano.edu.br\/unidades\/santaines\/wp-json\/wp\/v2\/posts"}],"about":[{"href":"https:\/\/www.ifbaiano.edu.br\/unidades\/santaines\/wp-json\/wp\/v2\/types\/post"}],"author":[{"embeddable":true,"href":"https:\/\/www.ifbaiano.edu.br\/unidades\/santaines\/wp-json\/wp\/v2\/users\/86"}],"replies":[{"embeddable":true,"href":"https:\/\/www.ifbaiano.edu.br\/unidades\/santaines\/wp-json\/wp\/v2\/comments?post=22435"}],"version-history":[{"count":1,"href":"https:\/\/www.ifbaiano.edu.br\/unidades\/santaines\/wp-json\/wp\/v2\/posts\/22435\/revisions"}],"predecessor-version":[{"id":22451,"href":"https:\/\/www.ifbaiano.edu.br\/unidades\/santaines\/wp-json\/wp\/v2\/posts\/22435\/revisions\/22451"}],"wp:featuredmedia":[{"embeddable":true,"href":"https:\/\/www.ifbaiano.edu.br\/unidades\/santaines\/wp-json\/wp\/v2\/media\/22437"}],"wp:attachment":[{"href":"https:\/\/www.ifbaiano.edu.br\/unidades\/santaines\/wp-json\/wp\/v2\/media?parent=22435"}],"wp:term":[{"taxonomy":"category","embeddable":true,"href":"https:\/\/www.ifbaiano.edu.br\/unidades\/santaines\/wp-json\/wp\/v2\/categories?post=22435"},{"taxonomy":"post_tag","embeddable":true,"href":"https:\/\/www.ifbaiano.edu.br\/unidades\/santaines\/wp-json\/wp\/v2\/tags?post=22435"}],"curies":[{"name":"wp","href":"https:\/\/api.w.org\/{rel}","templated":true}]}}