{"id":22452,"date":"2024-10-01T07:40:00","date_gmt":"2024-10-01T10:40:00","guid":{"rendered":"https:\/\/www.ifbaiano.edu.br\/unidades\/santaines\/?p=22452"},"modified":"2024-10-01T10:52:08","modified_gmt":"2024-10-01T13:52:08","slug":"campus-santa-ines-realiza-formatura-de-cursos-de-graduacao","status":"publish","type":"post","link":"https:\/\/www.ifbaiano.edu.br\/unidades\/santaines\/campus-santa-ines-realiza-formatura-de-cursos-de-graduacao\/","title":{"rendered":"Campus Santa In\u00eas realiza formatura de cursos de Gradua\u00e7\u00e3o"},"content":{"rendered":"\n<p>Na noite do dia 21 de setembro, na quadra poliesportiva do Instituto Federal Baiano &#8211;&nbsp;<em>Campus<\/em>&nbsp;Santa In\u00eas, foi realizada a sess\u00e3o solene de formatura e ratifica\u00e7\u00e3o de grau de 14 graduandos dos cursos de Licenciatura em Ci\u00eancias Biol\u00f3gicas, Licenciatura em Geografia e Bacharelado em Zootecnia<\/p>\n\n\n\n<figure class=\"wp-block-gallery has-nested-images columns-default is-cropped wp-block-gallery-1 is-layout-flex\">\n<figure class=\"wp-block-image size-large\"><a href=\"https:\/\/www.ifbaiano.edu.br\/unidades\/santaines\/files\/2024\/09\/Formatu_.png\"><img decoding=\"async\" loading=\"lazy\" width=\"4000\" height=\"1848\" data-id=\"22462\"  src=\"https:\/\/www.ifbaiano.edu.br\/unidades\/santaines\/files\/2024\/09\/Formatu_.png\" alt=\"\" class=\"wp-image-22462\" \/><\/a><\/figure>\n\n\n\n<figure class=\"wp-block-image size-large\"><a href=\"https:\/\/www.ifbaiano.edu.br\/unidades\/santaines\/files\/2024\/09\/Formm.png\"><img decoding=\"async\" loading=\"lazy\" width=\"4000\" height=\"1848\" data-id=\"22465\"  src=\"https:\/\/www.ifbaiano.edu.br\/unidades\/santaines\/files\/2024\/09\/Formm.png\" alt=\"\" class=\"wp-image-22465\" \/><\/a><\/figure>\n\n\n\n<figure class=\"wp-block-image size-large\"><a href=\"https:\/\/www.ifbaiano.edu.br\/unidades\/santaines\/files\/2024\/09\/formar.png\"><img decoding=\"async\" loading=\"lazy\" width=\"4000\" height=\"1848\" data-id=\"22458\"  src=\"https:\/\/www.ifbaiano.edu.br\/unidades\/santaines\/files\/2024\/09\/formar.png\" alt=\"\" class=\"wp-image-22458\" \/><\/a><\/figure>\n<\/figure>\n\n\n\n<p>A &nbsp;sess\u00e3o solene, foi presidida pela Diretora-Geral do Campus,&nbsp; Professora Genilda de Souza Lima,&nbsp; e estiveram presentes a Pr\u00f3-Reitora de Ensino do IF Baiano, Professora K\u00e1tia de F\u00e1tima Vilela, representando o Magn\u00edfico Reitor do Instituto, A\u00e9cio Jos\u00e9 Ara\u00fajo Passos Duarte, al\u00e9m de toda a equipe gestora, Coordenadores dos Cursos, Patronos e Paraninfos de cada curso, homenageados pelos formandos e um p\u00fablico de mais de 150 pessoas, entre comunidade acad\u00eamica, familiares e amigos dos formandos que puderam prestigiar momentos de grande emo\u00e7\u00e3o e de realiza\u00e7\u00e3o.<\/p>\n\n\n\n<p>Procedeu-se a fala da Diretora-Geral, Professora Genilda Lima que, ap\u00f3s dar as boas-vindas a todas as pessoas presentes declarou aberta a sess\u00e3o solene de outorga e ratifica\u00e7\u00e3o de grau do Curso Superior de Licenciatura em Ci\u00eancias Biol\u00f3gicas e de outorga de grau dos Cursos Superiores de Licenciatura em Geografia e Bacharelado em Zootecnia e, ap\u00f3s a realiza\u00e7\u00e3o do juramento pelos formandos, efetivou a Outorga de Grau. <\/p>\n\n\n\n<figure class=\"wp-block-gallery has-nested-images columns-default is-cropped wp-block-gallery-3 is-layout-flex\">\n<figure class=\"wp-block-image size-full\"><a href=\"https:\/\/www.ifbaiano.edu.br\/unidades\/santaines\/files\/2024\/09\/format.png\"><img decoding=\"async\" loading=\"lazy\" width=\"4080\" height=\"1884\" data-id=\"22459\"  src=\"https:\/\/www.ifbaiano.edu.br\/unidades\/santaines\/files\/2024\/09\/format.png\" alt=\"\" class=\"wp-image-22459\" \/><\/a><\/figure>\n\n\n\n<figure class=\"wp-block-image size-large\"><a href=\"https:\/\/www.ifbaiano.edu.br\/unidades\/santaines\/files\/2024\/09\/FFormat.png\"><img decoding=\"async\" loading=\"lazy\" width=\"4000\" height=\"1848\" data-id=\"22453\"  src=\"https:\/\/www.ifbaiano.edu.br\/unidades\/santaines\/files\/2024\/09\/FFormat.png\" alt=\"\" class=\"wp-image-22453\" \/><\/a><\/figure>\n\n\n\n<figure class=\"wp-block-image size-large\"><a href=\"https:\/\/www.ifbaiano.edu.br\/unidades\/santaines\/files\/2024\/09\/Forma_.png\"><img decoding=\"async\" loading=\"lazy\" width=\"4000\" height=\"1848\" data-id=\"22457\"  src=\"https:\/\/www.ifbaiano.edu.br\/unidades\/santaines\/files\/2024\/09\/Forma_.png\" alt=\"\" class=\"wp-image-22457\" \/><\/a><\/figure>\n<\/figure>\n\n\n\n<p>Nesse momento t\u00e3o solene, familiares e amigos compareceram para prestigiar, n\u00e3o apenas os estudantes formandos, mas tamb\u00e9m aqueles que vieram ratificar seu grau. Em fun\u00e7\u00e3o da pandemia de SARS COV 19, ocorrida de 2020 a 2021 e seus reflexos de 2022 a 2023, foi oportunizado os estudantes que colaram grau em gabinete, ratificar seu grau em cerim\u00f4nia oficial. Desse modo estiveram presentes, para ratifica\u00e7\u00e3o de grau, concluintes do curso de Licenciatura em Ci\u00eancias Biol\u00f3gicas dos semestres 2019.1, 2021.1, 2021.2 e 2022.2.<\/p>\n\n\n\n<p>Ap\u00f3s o momento t\u00e3o esperado de outorga e ratifica\u00e7\u00e3o da outorga de grau, outro momento emocionante aconteceu, que foram os discursos. Todos os presentes tiveram a oportunidade de ouvir as falas de agradecimento e homenagens dos representantes dos tr\u00eas cursos (oradores), de um dos patronos representando os demais e, na sequ\u00eancia, a fala dos tr\u00eas paraninfos e da Pr\u00f3-reitora de Ensino.<\/p>\n\n\n\n<p>Agradecimento, foi a palavra que predominou e marcou os discursos proferidos durante a cerim\u00f4nia. Os estudantes relembraram sua trajet\u00f3ria no IF Baiano, todos os momentos marcantes da suas vidas acad\u00eamicas e agradeceram a todos aqueles que tiveram participa\u00e7\u00e3o nessa conquista, pais, docentes, t\u00e9cnico-administrativos, terceirizados, amigos e at\u00e9 mesmo aqueles que j\u00e1 se foram.<\/p>\n\n\n\n<p>Outros presentes que se pronunciaram, agradeceram por participar do momento e tiveram falas de reconhecimento da determina\u00e7\u00e3o e o esfor\u00e7o em cada passo dado dos formandos, demonstraram a&nbsp; alegria e orgulho de estarem participando do momento e registram seu votos&nbsp; de sucesso na jornada que se inicia.<\/p>\n\n\n\n<p>&nbsp;O pronunciamento de encerramento, foi realizado pela Diretora Geral, professora Genilda Lima, que fez quest\u00e3o de proferir suas palavras inicias, expressando a honra e alegria de poder representar o Instituto Federal de Educa\u00e7\u00e3o Ci\u00eancia e Tecnologia IF Baiano como Diretora-Geral do Campus Santa In\u00eas neste momento t\u00e3o especial para a institui\u00e7\u00e3o. Em uma parte de seu discurso a Diretora falou diretamente para os formandos, relembrando dos desafios enfrentados por eles durante a trajet\u00f3ria no IF Baiano, bem como todas as oportunidades de aprendizado e conhecimento que tiveram ao longo do percurso. <\/p>\n\n\n\n<p>A Professora Genilda destacou que sem esfor\u00e7o n\u00e3o se vai a lugar algum, que o que eles alcan\u00e7aram at\u00e9 este momento \u00e9 uma pequena parte do que poder\u00e3o alcan\u00e7ar. E que este \u00e9 o fruto do esfor\u00e7o de deles, da fam\u00edlia e amigos e tamb\u00e9m \u00e9 o fruto de todo um trabalho institucional. A Diretora-Geral fez quest\u00e3o de proferir agradecimentos a todos os presentes e refor\u00e7ou os agradecimentos a todos que comp\u00f5em a comunidade acad\u00eamica \u201cA &nbsp;formatura \u00e9 uma conquista intelectual coletiva, pois para se chegar a este momento, houve a contribui\u00e7\u00e3o de muitos. Dos docentes, de toda equipe pedag\u00f3gica, diretores, coordenadores, de todos os servidores do IF Baiano. E \u00e9 por isso que estamos muito orgulhosos de voc\u00eas, tendo a certeza que fizemos o nosso melhor e desejamos que colham todos os frutos de nosso trabalho, com sucesso, garra e perseveran\u00e7a\u201d. Por fim a professora Genilda, em nome do Instituto Federal Baiano \u2013 campus Santa In\u00eas, declarou encerrada a sess\u00e3o solene de formatura.<\/p>\n\n\n\n<figure class=\"wp-block-gallery has-nested-images columns-default is-cropped wp-block-gallery-5 is-layout-flex\">\n<figure class=\"wp-block-image size-large\"><a href=\"https:\/\/www.ifbaiano.edu.br\/unidades\/santaines\/files\/2024\/09\/Formatur.png\"><img decoding=\"async\" loading=\"lazy\" width=\"4000\" height=\"1848\" data-id=\"22463\"  src=\"https:\/\/www.ifbaiano.edu.br\/unidades\/santaines\/files\/2024\/09\/Formatur.png\" alt=\"\" class=\"wp-image-22463\" \/><\/a><\/figure>\n\n\n\n<figure class=\"wp-block-image size-large\"><a href=\"https:\/\/www.ifbaiano.edu.br\/unidades\/santaines\/files\/2024\/09\/Format_.png\"><img decoding=\"async\" loading=\"lazy\" width=\"4000\" height=\"1848\" data-id=\"22460\"  src=\"https:\/\/www.ifbaiano.edu.br\/unidades\/santaines\/files\/2024\/09\/Format_.png\" alt=\"\" class=\"wp-image-22460\" \/><\/a><\/figure>\n\n\n\n<figure class=\"wp-block-image size-large\"><a href=\"https:\/\/www.ifbaiano.edu.br\/unidades\/santaines\/files\/2024\/09\/forma.png\"><img decoding=\"async\" loading=\"lazy\" width=\"4000\" height=\"1848\" data-id=\"22456\"  src=\"https:\/\/www.ifbaiano.edu.br\/unidades\/santaines\/files\/2024\/09\/forma.png\" alt=\"\" class=\"wp-image-22456\" \/><\/a><\/figure>\n\n\n\n<figure class=\"wp-block-image size-large\"><a href=\"https:\/\/www.ifbaiano.edu.br\/unidades\/santaines\/files\/2024\/09\/Form.png\"><img decoding=\"async\" loading=\"lazy\" width=\"4000\" height=\"1848\" data-id=\"22455\"  src=\"https:\/\/www.ifbaiano.edu.br\/unidades\/santaines\/files\/2024\/09\/Form.png\" alt=\"\" class=\"wp-image-22455\" \/><\/a><\/figure>\n\n\n\n<figure class=\"wp-block-image size-large\"><a href=\"https:\/\/www.ifbaiano.edu.br\/unidades\/santaines\/files\/2024\/09\/For.png\"><img decoding=\"async\" loading=\"lazy\" width=\"4000\" height=\"1848\" data-id=\"22454\"  src=\"https:\/\/www.ifbaiano.edu.br\/unidades\/santaines\/files\/2024\/09\/For.png\" alt=\"\" class=\"wp-image-22454\" \/><\/a><\/figure>\n\n\n\n<figure class=\"wp-block-image size-large\"><a href=\"https:\/\/www.ifbaiano.edu.br\/unidades\/santaines\/files\/2024\/09\/formatu.png\"><img decoding=\"async\" loading=\"lazy\" width=\"1280\" height=\"591\" data-id=\"22461\"  src=\"https:\/\/www.ifbaiano.edu.br\/unidades\/santaines\/files\/2024\/09\/formatu.png\" alt=\"\" class=\"wp-image-22461\" \/><\/a><\/figure>\n<\/figure>\n\n\n\n<p><strong>DEPOIMENTOS<\/strong><\/p>\n\n\n\n<p>O momento foi muito especial para os Licenciados em Ci\u00eancias Biol\u00f3gicas, Roseane Matos Oliveira, resumiu: \u201cAinda estou em \u00eaxtase. Fiquei t\u00e3o feliz que quase n\u00e3o estava sentindo minhas pernas (risos)\u201d, j\u00e1 Eliton Dias Moreira (turma 2019), descreveu: \u201cUma sensa\u00e7\u00e3o de muita FELICIDADE, uma sensa\u00e7\u00e3o de dever comprido e uma esperan\u00e7a de abertura de novas portas. Estou muito orgulhoso em ter participado desse ato cerimonial. Quero agradecer a Deus por tudo e ao IF Baiano, Campus Santa In\u00eas em nome de todos os professores, coordenadores Diretores e demais servidores.\u201d<\/p>\n\n\n\n<p>Para a Bacharela em Zootecnia, Renata Natiele Silva da Hora, &#8220;a formatura foi um sonho que esperei, criei expectativas, me esfriei v\u00e1rias vezes, criei expectativas de novo\u2026 enfim saiu dos planos e do papel e foi maravilhoso!\u201d<\/p>\n\n\n\n<p>J\u00e1 para o Licenciado em Geografia Magno Souza Mendes: \u201cA sensa\u00e7\u00e3o \u00e9 mista. N\u00e3o d\u00e1 pra descrever, s\u00f3 sei que \u00e9 uma emo\u00e7\u00e3o imensa. Muito feliz por tudo e grato. Gratid\u00e3o por tudo que vivi, que passei, pelas alegrias e pelos perrengues tamb\u00e9m. Mas venci, agrade\u00e7o primeiramente a Deus e a todos voc\u00eas que direta e indiretamente me ajudaram a alcan\u00e7ar esse objetivo e realizar esse sonho. Gratid\u00e3o\u201d<\/p>\n\n\n\n<hr class=\"wp-block-separator has-alpha-channel-opacity\" \/>\n\n\n\n<p><\/p>\n","protected":false},"excerpt":{"rendered":"<p>Na noite do dia 21 de setembro, na quadra poliesportiva do Instituto Federal Baiano &#8211;&nbsp;Campus&nbsp;Santa In\u00eas, foi realizada a sess\u00e3o solene de formatura e ratifica\u00e7\u00e3o de grau de 14 graduandos dos cursos de Licenciatura em Ci\u00eancias Biol\u00f3gicas, Licenciatura em Geografia e Bacharelado em Zootecnia A &nbsp;sess\u00e3o solene, foi presidida pela Diretora-Geral do Campus,&nbsp; Professora Genilda [&hellip;]<\/p>\n","protected":false},"author":86,"featured_media":22459,"comment_status":"closed","ping_status":"closed","sticky":false,"template":"","format":"standard","meta":[],"categories":[4,5,57],"tags":[],"_links":{"self":[{"href":"https:\/\/www.ifbaiano.edu.br\/unidades\/santaines\/wp-json\/wp\/v2\/posts\/22452"}],"collection":[{"href":"https:\/\/www.ifbaiano.edu.br\/unidades\/santaines\/wp-json\/wp\/v2\/posts"}],"about":[{"href":"https:\/\/www.ifbaiano.edu.br\/unidades\/santaines\/wp-json\/wp\/v2\/types\/post"}],"author":[{"embeddable":true,"href":"https:\/\/www.ifbaiano.edu.br\/unidades\/santaines\/wp-json\/wp\/v2\/users\/86"}],"replies":[{"embeddable":true,"href":"https:\/\/www.ifbaiano.edu.br\/unidades\/santaines\/wp-json\/wp\/v2\/comments?post=22452"}],"version-history":[{"count":3,"href":"https:\/\/www.ifbaiano.edu.br\/unidades\/santaines\/wp-json\/wp\/v2\/posts\/22452\/revisions"}],"predecessor-version":[{"id":22490,"href":"https:\/\/www.ifbaiano.edu.br\/unidades\/santaines\/wp-json\/wp\/v2\/posts\/22452\/revisions\/22490"}],"wp:featuredmedia":[{"embeddable":true,"href":"https:\/\/www.ifbaiano.edu.br\/unidades\/santaines\/wp-json\/wp\/v2\/media\/22459"}],"wp:attachment":[{"href":"https:\/\/www.ifbaiano.edu.br\/unidades\/santaines\/wp-json\/wp\/v2\/media?parent=22452"}],"wp:term":[{"taxonomy":"category","embeddable":true,"href":"https:\/\/www.ifbaiano.edu.br\/unidades\/santaines\/wp-json\/wp\/v2\/categories?post=22452"},{"taxonomy":"post_tag","embeddable":true,"href":"https:\/\/www.ifbaiano.edu.br\/unidades\/santaines\/wp-json\/wp\/v2\/tags?post=22452"}],"curies":[{"name":"wp","href":"https:\/\/api.w.org\/{rel}","templated":true}]}}