{"id":22467,"date":"2024-10-01T14:00:00","date_gmt":"2024-10-01T17:00:00","guid":{"rendered":"https:\/\/www.ifbaiano.edu.br\/unidades\/santaines\/?p=22467"},"modified":"2024-10-01T21:20:26","modified_gmt":"2024-10-02T00:20:26","slug":"dialogos-musicados-sobre-saude-mental-emociona-plateia-em-reuniao-de-pais-no-campus-santa-ines","status":"publish","type":"post","link":"https:\/\/www.ifbaiano.edu.br\/unidades\/santaines\/dialogos-musicados-sobre-saude-mental-emociona-plateia-em-reuniao-de-pais-no-campus-santa-ines\/","title":{"rendered":"Di\u00e1logos Musicados sobre Sa\u00fade Mental emociona plateia em reuni\u00e3o de pais no Campus Santa In\u00eas"},"content":{"rendered":"\n<figure class=\"wp-block-gallery has-nested-images columns-default is-cropped wp-block-gallery-1 is-layout-flex\">\n<figure class=\"wp-block-image size-large\"><a href=\"https:\/\/www.ifbaiano.edu.br\/unidades\/santaines\/files\/2024\/10\/6666.png\"><img decoding=\"async\" loading=\"lazy\" width=\"1280\" height=\"591\" data-id=\"22479\"  src=\"https:\/\/www.ifbaiano.edu.br\/unidades\/santaines\/files\/2024\/10\/6666.png\" alt=\"\" class=\"wp-image-22479\" \/><\/a><\/figure>\n<\/figure>\n\n\n\n<p>Na manh\u00e3 da \u00faltima sexta-feira, 27, na quadra poliesportiva do IF Baiano \u2013 Campus Santa In\u00eas aconteceu uma reuni\u00e3o com os pais e\/ou respons\u00e1veis dos estudantes dos cursos t\u00e9cnicos integrados para entrega dos boletins e di\u00e1logo com coordenadores de cursos e professores das disciplinas.<\/p>\n\n\n\n<p>Estiveram presentes na reuni\u00e3o, junto aos pais e estudantes, a Diretora-Geral, professora Genilda Lima; o Diretor Acad\u00eamico, professor Andr\u00e9 Leonardo; coordenadores de Cursos; a Equipe T\u00e9cnico-pedag\u00f3gica; o Coordenador de Assuntos Estudantis, \u00c2ngelo Francisco; a psic\u00f3loga Claudimeia Barreto, os docentes dos cursos integrados e outros membros da comunidade acad\u00eamica.<\/p>\n\n\n\n<figure class=\"wp-block-gallery has-nested-images columns-default is-cropped wp-block-gallery-3 is-layout-flex\">\n<figure class=\"wp-block-image size-large\"><a href=\"https:\/\/www.ifbaiano.edu.br\/unidades\/santaines\/files\/2024\/10\/222222.png\"><img decoding=\"async\" loading=\"lazy\" width=\"1280\" height=\"591\" data-id=\"22482\"  src=\"https:\/\/www.ifbaiano.edu.br\/unidades\/santaines\/files\/2024\/10\/222222.png\" alt=\"\" class=\"wp-image-22482\" \/><\/a><\/figure>\n\n\n\n<figure class=\"wp-block-image size-large\"><a href=\"https:\/\/www.ifbaiano.edu.br\/unidades\/santaines\/files\/2024\/10\/55555.png\"><img decoding=\"async\" loading=\"lazy\" width=\"1280\" height=\"591\" data-id=\"22480\"  src=\"https:\/\/www.ifbaiano.edu.br\/unidades\/santaines\/files\/2024\/10\/55555.png\" alt=\"\" class=\"wp-image-22480\" \/><\/a><\/figure>\n\n\n\n<figure class=\"wp-block-image size-large\"><a href=\"https:\/\/www.ifbaiano.edu.br\/unidades\/santaines\/files\/2024\/10\/7777.png\"><img decoding=\"async\" loading=\"lazy\" width=\"1280\" height=\"591\" data-id=\"22481\"  src=\"https:\/\/www.ifbaiano.edu.br\/unidades\/santaines\/files\/2024\/10\/7777.png\" alt=\"\" class=\"wp-image-22481\" \/><\/a><\/figure>\n<\/figure>\n\n\n\n<p>A Coordenadora de Ensino, professora Tharcilla Pessoa fez a abertura da reuni\u00e3o dando as boas-vindas aos presentes e convidando a Diretora-Geral, professora Genilda Lima que acolheu a todos e explicou sobre a import\u00e2ncia da tem\u00e1tica que seria discutida no primeiro momento da reuni\u00e3o: Sa\u00fade mental. &nbsp;\u201cQuando a gente discute a sa\u00fade mental a gente entende e compreende todas as a\u00e7\u00f5es que envolvem o nosso corpo, as nossas emo\u00e7\u00f5es, como a gente deve agir, cuidar da gente e cuidar do outro\u201d. Disse Genilda.<\/p>\n\n\n\n<p>Al\u00e9m de ressaltar a import\u00e2ncia desse momento de discuss\u00e3o e reflex\u00e3o, a professora Genilda tamb\u00e9m citou o momento delicado que aconteceu no in\u00edcio da semana, com o falecimento de uma estudante do Campus. \u201cNuma institui\u00e7\u00e3o de educa\u00e7\u00e3o, a gente precisa, realmente, ter esse momento de acolhimento com n\u00f3s mesmos, entender esse processo e acolhimento com o outro, principalmente em momento de luto\u201d Frisou a Diretora-Geral.<\/p>\n\n\n\n<figure class=\"wp-block-gallery has-nested-images columns-default is-cropped wp-block-gallery-5 is-layout-flex\">\n<figure class=\"wp-block-image size-large\"><a href=\"https:\/\/www.ifbaiano.edu.br\/unidades\/santaines\/files\/2024\/09\/Reun-p.png\"><img decoding=\"async\" loading=\"lazy\" width=\"1528\" height=\"1528\" data-id=\"22469\"  src=\"https:\/\/www.ifbaiano.edu.br\/unidades\/santaines\/files\/2024\/09\/Reun-p.png\" alt=\"\" class=\"wp-image-22469\" \/><\/a><\/figure>\n\n\n\n<figure class=\"wp-block-image size-large\"><a href=\"https:\/\/www.ifbaiano.edu.br\/unidades\/santaines\/files\/2024\/09\/Reuniao.png\"><img decoding=\"async\" loading=\"lazy\" width=\"1528\" height=\"1528\" data-id=\"22472\"  src=\"https:\/\/www.ifbaiano.edu.br\/unidades\/santaines\/files\/2024\/09\/Reuniao.png\" alt=\"\" class=\"wp-image-22472\" \/><\/a><\/figure>\n\n\n\n<figure class=\"wp-block-image size-large\"><a href=\"https:\/\/www.ifbaiano.edu.br\/unidades\/santaines\/files\/2024\/09\/RReuni-1.png\"><img decoding=\"async\" loading=\"lazy\" width=\"1528\" height=\"1528\" data-id=\"22475\"  src=\"https:\/\/www.ifbaiano.edu.br\/unidades\/santaines\/files\/2024\/09\/RReuni-1.png\" alt=\"\" class=\"wp-image-22475\" \/><\/a><\/figure>\n<\/figure>\n\n\n\n<p>A professora Genilda, informou que estava no planejamento institucional, discuss\u00f5es de tem\u00e1ticas necess\u00e1rias para humanizar a institui\u00e7\u00e3o, e assim, para &nbsp;discutir e refletir sobre a sa\u00fade mental, a mesma  apresentou o palestrante Valney Jos\u00e9: professor, m\u00fasico, psic\u00f3logo e idealizador do projeto \u201cDi\u00e1logos Musicados sobre Sa\u00fade Mental\u201d, que utiliza a musicalidade, para trabalhar e discutir e trazer profundas reflex\u00f5es sobre temas como sa\u00fade mental, acolhimento, autocuidado, cuidar do outro. Na sua apresenta\u00e7\u00e3o, Valney destacou: \u201cSou fruto da escola p\u00fablica, valorizo muito o ensino p\u00fablico e levanto a bandeira, como psic\u00f3logo tamb\u00e9m, da educa\u00e7\u00e3o s\u00f3cio-emocional das escolas de janeiro a janeiro. N\u00e3o s\u00f3 no \u2018Setembro Amarelo\u2019\u201d.<\/p>\n\n\n\n<p>Durante a apresenta\u00e7\u00e3o, foi poss\u00edvel ver a emo\u00e7\u00e3o tomar conta da plateia que, atenta, acompanhava cada palavra de Valney e cantava junto, cada m\u00fasica tocada por ele.<\/p>\n\n\n\n<figure class=\"wp-block-gallery has-nested-images columns-default is-cropped wp-block-gallery-7 is-layout-flex\">\n<figure class=\"wp-block-image size-large\"><a href=\"https:\/\/www.ifbaiano.edu.br\/unidades\/santaines\/files\/2024\/10\/444444.png\"><img decoding=\"async\" loading=\"lazy\" width=\"1280\" height=\"591\" data-id=\"22483\"  src=\"https:\/\/www.ifbaiano.edu.br\/unidades\/santaines\/files\/2024\/10\/444444.png\" alt=\"\" class=\"wp-image-22483\" \/><\/a><\/figure>\n\n\n\n<figure class=\"wp-block-image size-large\"><a href=\"https:\/\/www.ifbaiano.edu.br\/unidades\/santaines\/files\/2024\/10\/8888.png\"><img decoding=\"async\" loading=\"lazy\" width=\"1280\" height=\"591\" data-id=\"22485\"  src=\"https:\/\/www.ifbaiano.edu.br\/unidades\/santaines\/files\/2024\/10\/8888.png\" alt=\"\" class=\"wp-image-22485\" \/><\/a><\/figure>\n\n\n\n<figure class=\"wp-block-image size-large\"><a href=\"https:\/\/www.ifbaiano.edu.br\/unidades\/santaines\/files\/2024\/10\/888.png\"><img decoding=\"async\" loading=\"lazy\" width=\"1280\" height=\"591\" data-id=\"22486\"  src=\"https:\/\/www.ifbaiano.edu.br\/unidades\/santaines\/files\/2024\/10\/888.png\" alt=\"\" class=\"wp-image-22486\" \/><\/a><\/figure>\n<\/figure>\n\n\n\n<p>Adriana Santana, m\u00e3e do estudante Guilherme Santana, do Curso T\u00e9cnico em Inform\u00e1tica, relata que gostou muito da leveza e cuidado como foi abordado um assunto t\u00e3o importante, atrav\u00e9s da m\u00fasica. \u201cTive uma reflex\u00e3o sobre como lidar com emo\u00e7\u00f5es boas e negativas. Temos que estar atentos aos comportamentos das pessoas, escutar, observar, ajudar e acolher. Por mais reuni\u00f5es assim!\u201d conclui Adriana.<\/p>\n\n\n\n<p>O segundo momento da reuni\u00e3o foi reservado para a entrega dos boletins dos estudantes aos seus respectivos pais\/respons\u00e1veis e di\u00e1logo destes com os professores para tratar sobre o desempenho e desenvolvimento dos seus filhos nas disciplinas estudadas.<\/p>\n\n\n\n<p>Antes de encerrar a reuni\u00e3o a professora Genilda, fez um chamado a todos os presentes para divulgarem o processo seletivo de ingresso de estudantes dos cursos integrados, que est\u00e3o com inscri\u00e7\u00f5es abertas. A professora informou que tinham cartazes impressos e folders, caso os presentes quisessem levar para seus munic\u00edpios. Muitos pais e respons\u00e1veis, atenderam ao chamado da professora e fizeram quest\u00e3o de levar o material de divulga\u00e7\u00e3o para seus munic\u00edpios.<\/p>\n\n\n\n<figure class=\"wp-block-gallery has-nested-images columns-default is-cropped wp-block-gallery-9 is-layout-flex\">\n<figure class=\"wp-block-image size-large\"><a href=\"https:\/\/www.ifbaiano.edu.br\/unidades\/santaines\/files\/2024\/09\/RReuni.png\"><img decoding=\"async\" loading=\"lazy\" width=\"1528\" height=\"1528\" data-id=\"22474\"  src=\"https:\/\/www.ifbaiano.edu.br\/unidades\/santaines\/files\/2024\/09\/RReuni.png\" alt=\"\" class=\"wp-image-22474\" \/><\/a><\/figure>\n\n\n\n<figure class=\"wp-block-image size-large\"><a href=\"https:\/\/www.ifbaiano.edu.br\/unidades\/santaines\/files\/2024\/09\/Reuniao-P.png\"><img decoding=\"async\" loading=\"lazy\" width=\"1528\" height=\"1528\" data-id=\"22471\"  src=\"https:\/\/www.ifbaiano.edu.br\/unidades\/santaines\/files\/2024\/09\/Reuniao-P.png\" alt=\"\" class=\"wp-image-22471\" \/><\/a><\/figure>\n\n\n\n<figure class=\"wp-block-image size-large\"><a href=\"https:\/\/www.ifbaiano.edu.br\/unidades\/santaines\/files\/2024\/09\/Reun.png\"><img decoding=\"async\" loading=\"lazy\" width=\"1528\" height=\"1528\" data-id=\"22470\"  src=\"https:\/\/www.ifbaiano.edu.br\/unidades\/santaines\/files\/2024\/09\/Reun.png\" alt=\"\" class=\"wp-image-22470\" \/><\/a><\/figure>\n<\/figure>\n\n\n\n<hr class=\"wp-block-separator has-alpha-channel-opacity\" \/>\n\n\n\n<p><\/p>\n","protected":false},"excerpt":{"rendered":"<p>Na manh\u00e3 da \u00faltima sexta-feira, 27, na quadra poliesportiva do IF Baiano \u2013 Campus Santa In\u00eas aconteceu uma reuni\u00e3o com os pais e\/ou respons\u00e1veis dos estudantes dos cursos t\u00e9cnicos integrados para entrega dos boletins e di\u00e1logo com coordenadores de cursos e professores das disciplinas. Estiveram presentes na reuni\u00e3o, junto aos pais e estudantes, a Diretora-Geral, [&hellip;]<\/p>\n","protected":false},"author":86,"featured_media":22476,"comment_status":"closed","ping_status":"closed","sticky":false,"template":"","format":"standard","meta":[],"categories":[4,57],"tags":[],"_links":{"self":[{"href":"https:\/\/www.ifbaiano.edu.br\/unidades\/santaines\/wp-json\/wp\/v2\/posts\/22467"}],"collection":[{"href":"https:\/\/www.ifbaiano.edu.br\/unidades\/santaines\/wp-json\/wp\/v2\/posts"}],"about":[{"href":"https:\/\/www.ifbaiano.edu.br\/unidades\/santaines\/wp-json\/wp\/v2\/types\/post"}],"author":[{"embeddable":true,"href":"https:\/\/www.ifbaiano.edu.br\/unidades\/santaines\/wp-json\/wp\/v2\/users\/86"}],"replies":[{"embeddable":true,"href":"https:\/\/www.ifbaiano.edu.br\/unidades\/santaines\/wp-json\/wp\/v2\/comments?post=22467"}],"version-history":[{"count":3,"href":"https:\/\/www.ifbaiano.edu.br\/unidades\/santaines\/wp-json\/wp\/v2\/posts\/22467\/revisions"}],"predecessor-version":[{"id":22495,"href":"https:\/\/www.ifbaiano.edu.br\/unidades\/santaines\/wp-json\/wp\/v2\/posts\/22467\/revisions\/22495"}],"wp:featuredmedia":[{"embeddable":true,"href":"https:\/\/www.ifbaiano.edu.br\/unidades\/santaines\/wp-json\/wp\/v2\/media\/22476"}],"wp:attachment":[{"href":"https:\/\/www.ifbaiano.edu.br\/unidades\/santaines\/wp-json\/wp\/v2\/media?parent=22467"}],"wp:term":[{"taxonomy":"category","embeddable":true,"href":"https:\/\/www.ifbaiano.edu.br\/unidades\/santaines\/wp-json\/wp\/v2\/categories?post=22467"},{"taxonomy":"post_tag","embeddable":true,"href":"https:\/\/www.ifbaiano.edu.br\/unidades\/santaines\/wp-json\/wp\/v2\/tags?post=22467"}],"curies":[{"name":"wp","href":"https:\/\/api.w.org\/{rel}","templated":true}]}}