{"id":2251,"date":"2012-12-13T09:50:04","date_gmt":"2012-12-13T12:50:04","guid":{"rendered":"http:\/\/www.ifbaiano.edu.br\/unidades\/santaines\/?p=2251"},"modified":"2012-12-13T10:34:12","modified_gmt":"2012-12-13T13:34:12","slug":"inscricoes-para-o-processo-seletivo-de-estudantes-de-nivel-medio-integrado-e-subsequente","status":"publish","type":"post","link":"https:\/\/www.ifbaiano.edu.br\/unidades\/santaines\/inscricoes-para-o-processo-seletivo-de-estudantes-de-nivel-medio-integrado-e-subsequente\/","title":{"rendered":"IF Baiano reabre as inscri\u00e7\u00f5es do Processo Seletivo no dia 12 de novembro."},"content":{"rendered":"<p>As inscri\u00e7\u00f5es do Processo Seletivo 2013 para ingressos de estudantes do Instituto Federal Baiano \u2013 IF Baiano ser\u00e3o reabertas no dia 12 de novembro. Os interessados t\u00eam at\u00e9 o dia 30 de novembro para efetivar a inscri\u00e7\u00e3o.<\/p>\n<p>No dia 24 de outubro, o IF Baiano suspendeu temporariamente as inscri\u00e7\u00f5es para se adequar a *Lei n\u00ba 12.711, ao Decreto n\u00ba 7824 e \u00e0 Portaria Normativa n\u00ba 18, referentes \u00e0s Cotas.<\/p>\n<p>Os candidatos que se inscreveram antes da suspens\u00e3o tempor\u00e1ria dever\u00e3o fazer as altera\u00e7\u00f5es da sua inscri\u00e7\u00e3o a partir do dia 12 de novembro de 2012 pela p\u00e1gina <a href=\"concursos.ifbaiano.edu.br\" target=\"_blank\">concursos.ifbaiano.edu.br<\/a><\/p>\n<p>*A Lei n\u00ba 12.711, de 29 de agosto de 2012, disp\u00f5e sobre o ingresso nas universidades federais e nas institui\u00e7\u00f5es federais de ensino t\u00e9cnico de n\u00edvel m\u00e9dio; O Decreto n\u00ba 7824, de 11 de outubro de 2012, e a Instru\u00e7\u00e3o Normativa n\u00ba 18, de 11 de outubro de 2012, foram publicados no dia 15 de outubro de 2012.<\/p>\n<p>Para maiores informa\u00e7\u00f5es <a href=\"http:\/\/www.ifbaiano.edu.br\/reitoria\/?page_id=13941\" target=\"_blank\">clique aqui<\/a><\/p>\n<h5><em>Comiss\u00e3o Permanente para Elabora\u00e7\u00e3o, Acompanhamento, Execu\u00e7\u00e3o e Avalia\u00e7\u00e3o do Processo Seletivo para Ingresso de Estudantes 2013.1 e 2013.2\u00a0<\/em><\/h5>\n<pre>Acesse aqui para se inscrever ou consultar deferimento de isen\u00e7\u00e3o\r\n<a href=\"http:\/\/www.ifbaiano.edu.br\/concursos\/portal\/discente2013\/\" target=\"_blank\">http:\/\/www.ifbaiano.edu.br\/concursos\/portal\/discente2013\/<\/a><\/pre>\n<h5><em><br \/>\n<\/em><\/h5>\n","protected":false},"excerpt":{"rendered":"<p>O Campus Santa In\u00eas oferece 245 vagas para o ano letivo de 2013<\/p>\n","protected":false},"author":26,"featured_media":0,"comment_status":"closed","ping_status":"closed","sticky":false,"template":"","format":"standard","meta":[],"categories":[10],"tags":[],"_links":{"self":[{"href":"https:\/\/www.ifbaiano.edu.br\/unidades\/santaines\/wp-json\/wp\/v2\/posts\/2251"}],"collection":[{"href":"https:\/\/www.ifbaiano.edu.br\/unidades\/santaines\/wp-json\/wp\/v2\/posts"}],"about":[{"href":"https:\/\/www.ifbaiano.edu.br\/unidades\/santaines\/wp-json\/wp\/v2\/types\/post"}],"author":[{"embeddable":true,"href":"https:\/\/www.ifbaiano.edu.br\/unidades\/santaines\/wp-json\/wp\/v2\/users\/26"}],"replies":[{"embeddable":true,"href":"https:\/\/www.ifbaiano.edu.br\/unidades\/santaines\/wp-json\/wp\/v2\/comments?post=2251"}],"version-history":[{"count":22,"href":"https:\/\/www.ifbaiano.edu.br\/unidades\/santaines\/wp-json\/wp\/v2\/posts\/2251\/revisions"}],"predecessor-version":[{"id":2636,"href":"https:\/\/www.ifbaiano.edu.br\/unidades\/santaines\/wp-json\/wp\/v2\/posts\/2251\/revisions\/2636"}],"wp:attachment":[{"href":"https:\/\/www.ifbaiano.edu.br\/unidades\/santaines\/wp-json\/wp\/v2\/media?parent=2251"}],"wp:term":[{"taxonomy":"category","embeddable":true,"href":"https:\/\/www.ifbaiano.edu.br\/unidades\/santaines\/wp-json\/wp\/v2\/categories?post=2251"},{"taxonomy":"post_tag","embeddable":true,"href":"https:\/\/www.ifbaiano.edu.br\/unidades\/santaines\/wp-json\/wp\/v2\/tags?post=2251"}],"curies":[{"name":"wp","href":"https:\/\/api.w.org\/{rel}","templated":true}]}}