{"id":22565,"date":"2024-11-05T08:31:00","date_gmt":"2024-11-05T11:31:00","guid":{"rendered":"https:\/\/www.ifbaiano.edu.br\/unidades\/santaines\/?p=22565"},"modified":"2024-11-05T08:31:32","modified_gmt":"2024-11-05T11:31:32","slug":"chamada-publica-para-aquisicao-de-generos-alimenticios-da-agricultura-familiar-pnae-2024","status":"publish","type":"post","link":"https:\/\/www.ifbaiano.edu.br\/unidades\/santaines\/chamada-publica-para-aquisicao-de-generos-alimenticios-da-agricultura-familiar-pnae-2024\/","title":{"rendered":"Campus Santa In\u00eas abre chamada P\u00fablica para aquisi\u00e7\u00e3o de g\u00eaneros aliment\u00edcios da agricultura familiar"},"content":{"rendered":"\n<p>Foi publicada hoje, 18, pelo IF Baiano &#8211; Campus Santa In\u00eas a <strong><a href=\"https:\/\/www.ifbaiano.edu.br\/unidades\/santaines\/files\/2024\/10\/Edital-CHAMADA-PUBLICA-No-01_2024-e-anexos.pdf\">Chamada&nbsp;P\u00fablica&nbsp;n\u00ba 1\/2024<\/a><\/strong> para aquisi\u00e7\u00e3o de g\u00eaneros aliment\u00edcios provenientes da agricultura familiar para atendimento ao Programa Nacional de Alimenta\u00e7\u00e3o Escolar &#8211; PNAE, cuja sess\u00e3o&nbsp;p\u00fablica&nbsp;e abertura dos envelopes acontece no dia&nbsp;11 de novembro de 2024,&nbsp;\u00e0s 09h (hor\u00e1rio de Bras\u00edlia), na sede do Instituto Federal Baiano &#8211; Campus Santa In\u00eas.<\/p>\n\n\n\n<p>S\u00e3o vinte e nove itens pretendidos nesta Chamada P\u00fablica dentre os quais tem-se: cebola, condimento, Farinha, Feij\u00e3o, frutas, legumes e tub\u00e9rculos, todos especificados no edital.<\/p>\n\n\n\n<p><strong>Quem pode participar<\/strong>: Poder\u00e3o participar desta&nbsp;chamada P\u00fablica&nbsp;os agricultores familiares individuais, os organizados em grupos informais, e os&nbsp;organizados em grupos&nbsp;formais (cooperativas e associa\u00e7\u00f5es). <\/p>\n\n\n\n<p><strong>Procedimento<\/strong>: Os participantes devem enviar o envelope, contendo os documentos de habilita\u00e7\u00e3o e projeto de venda, at\u00e9 \u00e0s 09h&nbsp;(hor\u00e1rio de Bras\u00edlia)&nbsp;do dia&nbsp;11 de novembro de 2024, para a sala do N\u00facleo de Licita\u00e7\u00f5es do IF Baiano \u2013 Campus Santa In\u00eas, localizada no Km 2,5 \u2013 BR 420 \u2013 Rodovia Santa In\u00eas x Uba\u00edra, cidade de Santa In\u00eas \u2013 Bahia, ou encaminhar, via e-mail, para o endere\u00e7o: compras@si.ifbaiano.edu.br.<\/p>\n\n\n\n<p>O edital poder\u00e1 ser obtido <strong><a href=\"https:\/\/www.ifbaiano.edu.br\/unidades\/santaines\/files\/2024\/10\/Edital-CHAMADA-PUBLICA-No-01_2024-e-anexos.pdf\">AQUI<\/a><\/strong>,&nbsp;solicitado pelo&nbsp;e-mail&nbsp;compras@si.ifbaiano.edu.br,&nbsp;ou&nbsp;diretamente na sala do N\u00facleo de Licita\u00e7\u00f5es do IF Baiano \u2013 Campus Santa In\u00eas.<\/p>\n\n\n\n<hr class=\"wp-block-separator has-alpha-channel-opacity\" \/>\n\n\n\n<p><\/p>\n","protected":false},"excerpt":{"rendered":"<p>Itens pretendidos: Cebola, Condimento, Farinha, Feij\u00e3o, Frutas, Legumes e Tub\u00e9rculos<\/p>\n","protected":false},"author":86,"featured_media":22577,"comment_status":"closed","ping_status":"closed","sticky":false,"template":"","format":"standard","meta":[],"categories":[4,5,10,57],"tags":[],"_links":{"self":[{"href":"https:\/\/www.ifbaiano.edu.br\/unidades\/santaines\/wp-json\/wp\/v2\/posts\/22565"}],"collection":[{"href":"https:\/\/www.ifbaiano.edu.br\/unidades\/santaines\/wp-json\/wp\/v2\/posts"}],"about":[{"href":"https:\/\/www.ifbaiano.edu.br\/unidades\/santaines\/wp-json\/wp\/v2\/types\/post"}],"author":[{"embeddable":true,"href":"https:\/\/www.ifbaiano.edu.br\/unidades\/santaines\/wp-json\/wp\/v2\/users\/86"}],"replies":[{"embeddable":true,"href":"https:\/\/www.ifbaiano.edu.br\/unidades\/santaines\/wp-json\/wp\/v2\/comments?post=22565"}],"version-history":[{"count":8,"href":"https:\/\/www.ifbaiano.edu.br\/unidades\/santaines\/wp-json\/wp\/v2\/posts\/22565\/revisions"}],"predecessor-version":[{"id":22650,"href":"https:\/\/www.ifbaiano.edu.br\/unidades\/santaines\/wp-json\/wp\/v2\/posts\/22565\/revisions\/22650"}],"wp:featuredmedia":[{"embeddable":true,"href":"https:\/\/www.ifbaiano.edu.br\/unidades\/santaines\/wp-json\/wp\/v2\/media\/22577"}],"wp:attachment":[{"href":"https:\/\/www.ifbaiano.edu.br\/unidades\/santaines\/wp-json\/wp\/v2\/media?parent=22565"}],"wp:term":[{"taxonomy":"category","embeddable":true,"href":"https:\/\/www.ifbaiano.edu.br\/unidades\/santaines\/wp-json\/wp\/v2\/categories?post=22565"},{"taxonomy":"post_tag","embeddable":true,"href":"https:\/\/www.ifbaiano.edu.br\/unidades\/santaines\/wp-json\/wp\/v2\/tags?post=22565"}],"curies":[{"name":"wp","href":"https:\/\/api.w.org\/{rel}","templated":true}]}}