{"id":22590,"date":"2024-10-18T15:35:34","date_gmt":"2024-10-18T18:35:34","guid":{"rendered":"https:\/\/www.ifbaiano.edu.br\/unidades\/santaines\/?p=22590"},"modified":"2024-10-26T09:37:15","modified_gmt":"2024-10-26T12:37:15","slug":"if-baiano-seleciona-bolsistas-para-o-programa-institucional-de-bolsa-de-iniciacao-a-docencia-pibid","status":"publish","type":"post","link":"https:\/\/www.ifbaiano.edu.br\/unidades\/santaines\/if-baiano-seleciona-bolsistas-para-o-programa-institucional-de-bolsa-de-iniciacao-a-docencia-pibid\/","title":{"rendered":"IF Baiano seleciona bolsistas para o Programa Institucional de Bolsa de Inicia\u00e7\u00e3o \u00e0 Doc\u00eancia &#8211;  PIBID"},"content":{"rendered":"\n<p>O IF Baiano &#8211; Campus Santa In\u00eas est\u00e1 com vagas abertas para o Programa Institucional de Bolsa de Inicia\u00e7\u00e3o \u00e0 Doc\u00eancia (PIBID), que contemplar\u00e1 estudantes das licenciaturas em Ci\u00eancias Biol\u00f3gicas e Geografia (<em>Campus<\/em> Santa In\u00eas) e docentes da rede de educa\u00e7\u00e3o b\u00e1sica de escolas p\u00fablicas localizadas nos munic\u00edpios do entorno. As inscri\u00e7\u00f5es j\u00e1 est\u00e3o abertas e devem ser realizadas at\u00e9 o dia 28 de outubro, por meio de formul\u00e1rios pr\u00f3prios: <a href=\"https:\/\/forms.gle\/uvShVynuEfkeu1hV7\">Estudantes de Licenciatura<\/a> e <a href=\"https:\/\/forms.gle\/jrLjyH6bLPvCpH6C7\">Docentes da Educa\u00e7\u00e3o B\u00e1sica\/Supervisores(as)<\/a>.<\/p>\n\n\n\n<p>Est\u00e3o sendo disponibilizadas 96 bolsas (podendo chegar a 120) para estudantes das licenciaturas no valor de setecentos reais mensais e 12 vagas (podendo chegar a 15) para Docentes da Educa\u00e7\u00e3o B\u00e1sica\/Supervisores(as) no valor de um mil e cem reais mensais. A vig\u00eancia das bolsas \u00e9 de at\u00e9 24 meses e oferece a oportunidade de aperfei\u00e7oamento acad\u00eamico e profissional. <\/p>\n\n\n\n<p>Podem se inscrever Estudantes de licenciatura devidamente matriculados no curso de Licenciatura em Ci\u00eancias Biol\u00f3gicas ou Licenciatura em Geografia do IF Baiano &#8211; Campus Santa In\u00eas e Docentes da Educa\u00e7\u00e3o B\u00e1sica\/Supervisores(as) que tenham gradua\u00e7\u00e3o em Ci\u00eancias Biol\u00f3gicas\/Biologia ou Geografia, atuem na educa\u00e7\u00e3o b\u00e1sica da rede p\u00fablica, possuam experi\u00eancia m\u00ednima de 2 (dois) anos no magist\u00e9rio da educa\u00e7\u00e3o b\u00e1sica e seja docente \u2013 efetivo ou contratado(a)&nbsp;na Escola Parceira em que ser\u00e1 desenvolvido o projeto.<\/p>\n\n\n\n<p>Os(As) estudantes das Licenciaturas atuar\u00e3o 10h semanais, diretamente nas escolas de educa\u00e7\u00e3o b\u00e1sica, desenvolvendo e aplicando projetos pedag\u00f3gicos, sob orienta\u00e7\u00e3o dos(as) docentes supervisores(as). J\u00e1 os(as) &nbsp;docentes da educa\u00e7\u00e3o b\u00e1sica\/supervisores(as) ser\u00e3o respons\u00e1veis por acompanhar e orientar os(as) estudantes nas atividades pr\u00e1ticas, desenvolvendo projetos, colaborando na cria\u00e7\u00e3o de estrat\u00e9gias did\u00e1ticas e fomentando a troca de experi\u00eancias entre a escola e o IF Baiano.<\/p>\n\n\n\n<p><strong>Sobre o Programa Institucional de Bolsas de Inicia\u00e7\u00e3o \u00e0 Doc\u00eancia &#8211; PIBID\/CAPES<\/strong><\/p>\n\n\n\n<p>O Programa Institucional de Bolsa de Inicia\u00e7\u00e3o \u00e0 Doc\u00eancia (PIBID) \u00e9 um programa da Coordena\u00e7\u00e3o de Aperfei\u00e7oamento de Pessoal de N\u00edvel Superior (Capes) que, por meio de sua Diretoria de Forma\u00e7\u00e3o de Professores da Educa\u00e7\u00e3o B\u00e1sica (DEB), fomenta a inicia\u00e7\u00e3o \u00e0 doc\u00eancia nos cursos de licenciatura, em regime de colabora\u00e7\u00e3o com as redes de ensino.<\/p>\n\n\n\n<p>Confira os editais e documentos referentes a cada Processo Seletivo de <a href=\"https:\/\/concurso.ifbaiano.edu.br\/portal\/selecao-docente-bolsista-supervisor-pibid-outubro-2024\/\">Bolsistas Supervisores(as) professores(as) de Educa\u00e7\u00e3o B\u00e1sica<\/a> e <a href=\"https:\/\/concurso.ifbaiano.edu.br\/portal\/selecao-discente-licenciatura-bolsista-pibid-outubro-2024\/\">Bolsistas discentes de Inicia\u00e7\u00e3o \u00e0 Doc\u00eancia<\/a>.<\/p>\n\n\n\n<hr class=\"wp-block-separator has-alpha-channel-opacity\" \/>\n","protected":false},"excerpt":{"rendered":"<p>O IF Baiano &#8211; Campus Santa In\u00eas est\u00e1 com vagas abertas para o Programa Institucional de Bolsa de Inicia\u00e7\u00e3o \u00e0 Doc\u00eancia (PIBID), que contemplar\u00e1 estudantes das licenciaturas em Ci\u00eancias Biol\u00f3gicas e Geografia (Campus Santa In\u00eas) e docentes da rede de educa\u00e7\u00e3o b\u00e1sica de escolas p\u00fablicas localizadas nos munic\u00edpios do entorno. As inscri\u00e7\u00f5es j\u00e1 est\u00e3o abertas [&hellip;]<\/p>\n","protected":false},"author":86,"featured_media":9774,"comment_status":"closed","ping_status":"closed","sticky":false,"template":"","format":"standard","meta":[],"categories":[4,12,5,57],"tags":[],"_links":{"self":[{"href":"https:\/\/www.ifbaiano.edu.br\/unidades\/santaines\/wp-json\/wp\/v2\/posts\/22590"}],"collection":[{"href":"https:\/\/www.ifbaiano.edu.br\/unidades\/santaines\/wp-json\/wp\/v2\/posts"}],"about":[{"href":"https:\/\/www.ifbaiano.edu.br\/unidades\/santaines\/wp-json\/wp\/v2\/types\/post"}],"author":[{"embeddable":true,"href":"https:\/\/www.ifbaiano.edu.br\/unidades\/santaines\/wp-json\/wp\/v2\/users\/86"}],"replies":[{"embeddable":true,"href":"https:\/\/www.ifbaiano.edu.br\/unidades\/santaines\/wp-json\/wp\/v2\/comments?post=22590"}],"version-history":[{"count":5,"href":"https:\/\/www.ifbaiano.edu.br\/unidades\/santaines\/wp-json\/wp\/v2\/posts\/22590\/revisions"}],"predecessor-version":[{"id":22644,"href":"https:\/\/www.ifbaiano.edu.br\/unidades\/santaines\/wp-json\/wp\/v2\/posts\/22590\/revisions\/22644"}],"wp:featuredmedia":[{"embeddable":true,"href":"https:\/\/www.ifbaiano.edu.br\/unidades\/santaines\/wp-json\/wp\/v2\/media\/9774"}],"wp:attachment":[{"href":"https:\/\/www.ifbaiano.edu.br\/unidades\/santaines\/wp-json\/wp\/v2\/media?parent=22590"}],"wp:term":[{"taxonomy":"category","embeddable":true,"href":"https:\/\/www.ifbaiano.edu.br\/unidades\/santaines\/wp-json\/wp\/v2\/categories?post=22590"},{"taxonomy":"post_tag","embeddable":true,"href":"https:\/\/www.ifbaiano.edu.br\/unidades\/santaines\/wp-json\/wp\/v2\/tags?post=22590"}],"curies":[{"name":"wp","href":"https:\/\/api.w.org\/{rel}","templated":true}]}}