{"id":22645,"date":"2024-10-30T17:50:28","date_gmt":"2024-10-30T20:50:28","guid":{"rendered":"https:\/\/www.ifbaiano.edu.br\/unidades\/santaines\/?p=22645"},"modified":"2024-10-31T07:37:53","modified_gmt":"2024-10-31T10:37:53","slug":"novembro-negro-2024-vozes-negras-e-combate-ao-racismo-movimentam-o-campus-santa-ines","status":"publish","type":"post","link":"https:\/\/www.ifbaiano.edu.br\/unidades\/santaines\/novembro-negro-2024-vozes-negras-e-combate-ao-racismo-movimentam-o-campus-santa-ines\/","title":{"rendered":"Novembro Negro 2024: Campus Santa In\u00eas realiza programa\u00e7\u00e3o voltada \u00e0 Consci\u00eancia e Cultura Afro-brasileira"},"content":{"rendered":"\n<p>O Insituto Federal Baiano (IF Baiano) Campus Santa In\u00eas, por meio do N\u00facleo de Estudos Afro-brasileiros e Ind\u00edgenas (NEABI) e em colabora\u00e7\u00e3o com o Gr\u00eamio Estudantil Carlos Lamarca (GECL), promove o Novembro Negro 2024. Com o tema \u201cNegras Narrativas: vamos ecoar nossas vozes e combater o racismo!\u201d, o evento, que ocorre entre 30 de outubro e 19 de novembro, busca proporcionar espa\u00e7os de reflex\u00e3o sobre a identidade afro-brasileira e o combate ao racismo, al\u00e9m de celebrar a cultura negra com atividades educativas e art\u00edsticas.<\/p>\n\n\n\n<p>As a\u00e7\u00f5es do Novembro Negro ocorreram em torno do Dia da Consci\u00eancia Negra, realizado em 20 de novembro, que homenageia Zumbi dos Palmares, uma das principais lideran\u00e7as da resist\u00eancia negra no per\u00edodo colonial brasileiro. Para Elivaldo Souza, Prof. de Hist\u00f3ria e Coordenador do NEABI, o evento visa enfatizar a relev\u00e2ncia da contribui\u00e7\u00e3o afro-brasileira na forma\u00e7\u00e3o cultural do pa\u00eds e a import\u00e2ncia da conscientiza\u00e7\u00e3o sobre os desafios ainda enfrentados pela popula\u00e7\u00e3o negra.<\/p>\n\n\n\n<p>\u201cO Novembro Negro amplia a celebra\u00e7\u00e3o do 20 de novembro, sendo um m\u00eas dedicado \u00e0 reflex\u00e3o e celebrando \u00e0 import\u00e2ncia do povo negro e da cultura afro-brasileira para a constru\u00e7\u00e3o identit\u00e1ria do Brasil. Al\u00e9m disso, \u00e9 nele que se evidenciam as discuss\u00f5es e as a\u00e7\u00f5es para combater o racismo e a desigualdade social no pa\u00eds, bem como s\u00e3o avaliados os avan\u00e7os na luta do povo e do movimento negro. \u00c9 um m\u00eas para chamar a aten\u00e7\u00e3o da nossa sociedade sobre como o racismo atravessa, de modo violento, as experi\u00eancias de vida do povo negro e ao mesmo tempo lembrar\/inspirar a luta e a resist\u00eancia desse mesmo povo na busca incessante de um horizonte mais livre, mais justo, menos desigual e mais humano\u201d, explica.<\/p>\n\n\n\n<p>O evento se encerrar\u00e1 em 19 de novembro com atividades e apresenta\u00e7\u00f5es culturais que v\u00e3o desde dan\u00e7a e poesia a exposi\u00e7\u00f5es de artes visuais, onde estudantes e servidores s\u00e3o incentivados a participar. As inscri\u00e7\u00f5es para as apresenta\u00e7\u00f5es art\u00edsticas est\u00e3o abertas at\u00e9 3 de novembro e podem ser feitas pelo link: <a href=\"https:\/\/forms.gle\/MHVNbNoUPNANMTDx8\">https :\/\/forms .gle \/MHVNbNoUPNANMTDx8<\/a> .<\/p>\n\n\n\n<p><strong>Confira a programa\u00e7\u00e3o completa:<\/strong><\/p>\n\n\n\n<h3 class=\"wp-block-heading\"><a><\/a><strong>Abertura Oficial<\/strong><\/h3>\n\n\n\n<ul>\n<li><strong>Data:<\/strong> 30 de outubro (quarta-feira)<\/li>\n\n\n\n<li><strong>Hor\u00e1rio:<\/strong> 19h30<\/li>\n\n\n\n<li><strong>Local:<\/strong> Audit\u00f3rio do IF Baiano Campus Santa In\u00eas<\/li>\n\n\n\n<li><strong>Atividades:<\/strong><ul><li><strong>Abertura com Xir\u00ea e Pad\u00ea para Es\u00f9<\/strong><\/li><\/ul><ul><li><strong>Mesa \u2013 Masculinidades Negras:<\/strong> Com o Prof. Dr. Daniel dos Santos e Eduardo Souza, mediada pelo Prof. Hildon Carade<\/li><\/ul>\n<ul>\n<li><strong>Poesia Preta:<\/strong> Com Michael Nascimento.<\/li>\n<\/ul>\n<\/li>\n<\/ul>\n\n\n\n<h3 class=\"wp-block-heading\"><a><\/a><strong>Hora de Literatura Preta<\/strong><\/h3>\n\n\n\n<ul>\n<li><strong>Data:<\/strong> 11 de novembro (segunda-feira)<\/li>\n\n\n\n<li><strong>Hor\u00e1rio:<\/strong> 7h30<\/li>\n\n\n\n<li><strong>Local:<\/strong> Audit\u00f3rio do IF Baiano Campus Santa In\u00eas<\/li>\n\n\n\n<li><strong>Atividade:<\/strong>\n<ul>\n<li><strong>Versos Negros: Literatura e Identidade Racial:<\/strong> Estudantes do 1\u00ba Ano C e D do curso T\u00e9cnico em Zootecnia sob orienta\u00e7\u00e3o da Profa. Dra. Marline Ara\u00fajo.<\/li>\n<\/ul>\n<\/li>\n<\/ul>\n\n\n\n<h3 class=\"wp-block-heading\"><a><\/a><strong>I Baile Preto do Campus Santa In\u00eas<\/strong><\/h3>\n\n\n\n<ul>\n<li><strong>Data:<\/strong> 12 de novembro (ter\u00e7a-feira)<\/li>\n\n\n\n<li><strong>Hor\u00e1rio:<\/strong> 18h30<\/li>\n\n\n\n<li><strong>Local:<\/strong> Quadra do IF Baiano Campus Santa In\u00eas<\/li>\n<\/ul>\n\n\n\n<h3 class=\"wp-block-heading\"><a><\/a><strong>Dia da Consci\u00eancia Negra<\/strong><\/h3>\n\n\n\n<h3 class=\"wp-block-heading\"><a><\/a><strong>Data<\/strong><strong>:<\/strong> 19 de novembro (ter\u00e7a-feira)<\/h3>\n\n\n\n<ul>\n<li><strong>Hor\u00e1rio:<\/strong> A partir das 13h30<\/li>\n\n\n\n<li><strong>Local:<\/strong> Quadra do IF Baiano Campus Santa In\u00eas<\/li>\n<\/ul>\n\n\n\n<h4 class=\"wp-block-heading\"><a><\/a><strong>Atividades:<\/strong><\/h4>\n\n\n\n<ul>\n<li><strong>Oralidade e ancestralidade po\u00e9tica:<\/strong> Ato literomusical de reflex\u00e3o antirracista, conduzido pelo poeta Radi Oliveira.<\/li>\n\n\n\n<li><strong>Palestra \u2013 Potencialidades negras e enfrentamento ao racismo:<\/strong> Com a Profa. Ma. Arlene Malta.<\/li>\n\n\n\n<li><strong>Dan\u00e7a Afro \u2013 \u201cRa\u00e7a Negra\u201d:<\/strong> Apresenta\u00e7\u00e3o do grupo Afrorescendo, coordenado pela Profa. Gabriela Alves.<\/li>\n\n\n\n<li><strong>Roda de Capoeira e Batizado:<\/strong> Conduzida pelo grupo Ginga Baiana, com participa\u00e7\u00e3o de Anderson Oliveira e Profa. Dolores Assaritti.<\/li>\n\n\n\n<li><strong>Apresenta\u00e7\u00f5es Culturais:<\/strong> Participa\u00e7\u00e3o de estudantes e servidores do Campus em categorias como dan\u00e7a, m\u00fasica, poesia, performances e artes pl\u00e1sticas.<\/li>\n<\/ul>\n\n\n\n<h4 class=\"wp-block-heading\"><a><\/a><strong>Estandes:<\/strong><\/h4>\n\n\n\n<ul>\n<li><strong>NEABI:<\/strong> Estande do N\u00facleo de Estudos Afro-brasileiros e Ind\u00edgenas.<\/li>\n\n\n\n<li><strong>Tran\u00e7as Afro: <\/strong>Da resist\u00eancia ao empoderamento<\/li>\n<\/ul>\n\n\n\n<p><strong>Presen\u00e7as Confirmadas<\/strong><\/p>\n\n\n\n<ul>\n<li><strong>Arlene Malta:<\/strong> Pedagoga, Mestra em Educa\u00e7\u00e3o, Educadora Popular e Militante da Educa\u00e7\u00e3o de Jovens e Adultos (EJA).<\/li>\n\n\n\n<li><strong>Daniel dos Santos:<\/strong> Doutor em Estudos Interdisciplinares sobre Mulheres, G\u00eanero e Feminismo (UFBA), Mestre em Cultura e Sociedade (UFBA), Especialista em Ensino de Hist\u00f3ria e Cultura Afro-brasileira e Ind\u00edgena (UERN) e Licenciando em Hist\u00f3ria (UNEB).<\/li>\n\n\n\n<li><strong>Radi Oliveira:<\/strong> Formada em Pedagogia. Educadora Social: Mediadora de Leitura; Poeta\/compositora; Co Fundadora do Sarau FlorA\u00e7\u00e3o do Verso e do grupo Narradores de Ant\u00f4nio em Santo Ant\u00f4nio de Jesus, onde trabalha como volunt\u00e1ria no programa Educa+Bahia; Coordenadora Educacional do ILLER (Instituto L\u00edtero-cultural de Leitura e Escrita do Rec\u00f4ncavo) e do Projeto POESIA OUVIDA. Integrante do QUILOMBO AMERICANO de LITERATURA em comitiva e atua\u00e7\u00e3o liter\u00e1ria entre Brasil Col\u00f4mbia e Cuba. Coordenadora educacional do Caruru SetePoetas\/Cachoeira.<\/li>\n<\/ul>\n\n\n\n<hr class=\"wp-block-separator has-alpha-channel-opacity\" \/>\n\n\n\n<p><\/p>\n","protected":false},"excerpt":{"rendered":"<p>O Insituto Federal Baiano (IF Baiano) Campus Santa In\u00eas, por meio do N\u00facleo de Estudos Afro-brasileiros e Ind\u00edgenas (NEABI) e em colabora\u00e7\u00e3o com o Gr\u00eamio Estudantil Carlos Lamarca (GECL), promove o Novembro Negro 2024. Com o tema \u201cNegras Narrativas: vamos ecoar nossas vozes e combater o racismo!\u201d, o evento, que ocorre entre 30 de outubro [&hellip;]<\/p>\n","protected":false},"author":86,"featured_media":22647,"comment_status":"closed","ping_status":"closed","sticky":false,"template":"","format":"standard","meta":[],"categories":[4,5,23,57],"tags":[],"_links":{"self":[{"href":"https:\/\/www.ifbaiano.edu.br\/unidades\/santaines\/wp-json\/wp\/v2\/posts\/22645"}],"collection":[{"href":"https:\/\/www.ifbaiano.edu.br\/unidades\/santaines\/wp-json\/wp\/v2\/posts"}],"about":[{"href":"https:\/\/www.ifbaiano.edu.br\/unidades\/santaines\/wp-json\/wp\/v2\/types\/post"}],"author":[{"embeddable":true,"href":"https:\/\/www.ifbaiano.edu.br\/unidades\/santaines\/wp-json\/wp\/v2\/users\/86"}],"replies":[{"embeddable":true,"href":"https:\/\/www.ifbaiano.edu.br\/unidades\/santaines\/wp-json\/wp\/v2\/comments?post=22645"}],"version-history":[{"count":2,"href":"https:\/\/www.ifbaiano.edu.br\/unidades\/santaines\/wp-json\/wp\/v2\/posts\/22645\/revisions"}],"predecessor-version":[{"id":22652,"href":"https:\/\/www.ifbaiano.edu.br\/unidades\/santaines\/wp-json\/wp\/v2\/posts\/22645\/revisions\/22652"}],"wp:featuredmedia":[{"embeddable":true,"href":"https:\/\/www.ifbaiano.edu.br\/unidades\/santaines\/wp-json\/wp\/v2\/media\/22647"}],"wp:attachment":[{"href":"https:\/\/www.ifbaiano.edu.br\/unidades\/santaines\/wp-json\/wp\/v2\/media?parent=22645"}],"wp:term":[{"taxonomy":"category","embeddable":true,"href":"https:\/\/www.ifbaiano.edu.br\/unidades\/santaines\/wp-json\/wp\/v2\/categories?post=22645"},{"taxonomy":"post_tag","embeddable":true,"href":"https:\/\/www.ifbaiano.edu.br\/unidades\/santaines\/wp-json\/wp\/v2\/tags?post=22645"}],"curies":[{"name":"wp","href":"https:\/\/api.w.org\/{rel}","templated":true}]}}