{"id":2265,"date":"2012-09-11T07:46:56","date_gmt":"2012-09-11T10:46:56","guid":{"rendered":"http:\/\/www.ifbaiano.edu.br\/unidades\/santaines\/?p=2265"},"modified":"2012-09-11T13:54:25","modified_gmt":"2012-09-11T16:54:25","slug":"grupo-de-trabalho-apresenta-regimento-geral","status":"publish","type":"post","link":"https:\/\/www.ifbaiano.edu.br\/unidades\/santaines\/grupo-de-trabalho-apresenta-regimento-geral\/","title":{"rendered":"Grupo de Trabalho apresenta Regimento Geral"},"content":{"rendered":"<p>O Grupo de Trabalho para estrutura\u00e7\u00e3o do Regimento Geral do IF Baiano apresenta a Minuta do Regimento Reestruturada.<\/p>\n<p>Para maiores esclarecimentos, est\u00e3o dispon\u00edveis na p\u00e1gina eletr\u00f4nica <a href=\"http:\/\/www.ifbaiano.edu.br\/aplicacoes\/sis\">http:\/\/www.ifbaiano.edu.br\/aplicacoes\/sis<\/a> as orienta\u00e7\u00f5es para a referida etapa, assim como o parecer sobre as contribui\u00e7\u00f5es da comunidade, realizadas na primeira Etapa e a Proposta Reestruturada do Regimento Geral.<\/p>\n<p>&nbsp;<\/p>\n<p><a href=\"http:\/\/www.ifbaiano.edu.br\/unidades\/santaines\/files\/2012\/09\/Minuta-Regimento-Geral-Reestruturada.pdf\">Minuta Regimento Geral Reestruturada<\/a><\/p>\n<p><a href=\"http:\/\/www.ifbaiano.edu.br\/unidades\/santaines\/files\/2012\/09\/OfIcio-circular-n-01-Regimento-Geral.pdf\">Of\u00edcio circular n\u00famero 01 do Regimento Geral<\/a><\/p>\n","protected":false},"excerpt":{"rendered":"<p>O Grupo de Trabalho para estrutura\u00e7\u00e3o do Regimento Geral do IF Baiano apresenta a Minuta do Regimento Reestruturada. Para maiores esclarecimentos, est\u00e3o dispon\u00edveis na p\u00e1gina eletr\u00f4nica http:\/\/www.ifbaiano.edu.br\/aplicacoes\/sis as orienta\u00e7\u00f5es para a referida etapa, assim como o parecer sobre as contribui\u00e7\u00f5es da comunidade, realizadas na primeira Etapa e a Proposta Reestruturada do Regimento Geral. &nbsp; Minuta [&hellip;]<\/p>\n","protected":false},"author":29,"featured_media":0,"comment_status":"closed","ping_status":"closed","sticky":false,"template":"","format":"standard","meta":[],"categories":[10],"tags":[],"_links":{"self":[{"href":"https:\/\/www.ifbaiano.edu.br\/unidades\/santaines\/wp-json\/wp\/v2\/posts\/2265"}],"collection":[{"href":"https:\/\/www.ifbaiano.edu.br\/unidades\/santaines\/wp-json\/wp\/v2\/posts"}],"about":[{"href":"https:\/\/www.ifbaiano.edu.br\/unidades\/santaines\/wp-json\/wp\/v2\/types\/post"}],"author":[{"embeddable":true,"href":"https:\/\/www.ifbaiano.edu.br\/unidades\/santaines\/wp-json\/wp\/v2\/users\/29"}],"replies":[{"embeddable":true,"href":"https:\/\/www.ifbaiano.edu.br\/unidades\/santaines\/wp-json\/wp\/v2\/comments?post=2265"}],"version-history":[{"count":4,"href":"https:\/\/www.ifbaiano.edu.br\/unidades\/santaines\/wp-json\/wp\/v2\/posts\/2265\/revisions"}],"predecessor-version":[{"id":2270,"href":"https:\/\/www.ifbaiano.edu.br\/unidades\/santaines\/wp-json\/wp\/v2\/posts\/2265\/revisions\/2270"}],"wp:attachment":[{"href":"https:\/\/www.ifbaiano.edu.br\/unidades\/santaines\/wp-json\/wp\/v2\/media?parent=2265"}],"wp:term":[{"taxonomy":"category","embeddable":true,"href":"https:\/\/www.ifbaiano.edu.br\/unidades\/santaines\/wp-json\/wp\/v2\/categories?post=2265"},{"taxonomy":"post_tag","embeddable":true,"href":"https:\/\/www.ifbaiano.edu.br\/unidades\/santaines\/wp-json\/wp\/v2\/tags?post=2265"}],"curies":[{"name":"wp","href":"https:\/\/api.w.org\/{rel}","templated":true}]}}