{"id":22655,"date":"2024-11-01T13:47:20","date_gmt":"2024-11-01T16:47:20","guid":{"rendered":"https:\/\/www.ifbaiano.edu.br\/unidades\/santaines\/?p=22655"},"modified":"2024-11-01T14:15:41","modified_gmt":"2024-11-01T17:15:41","slug":"mais-de-mil-estudantes-visitaram-o-campus-santa-ines-durante-iii-edicao-do-programa-if-de-portas-abertas","status":"publish","type":"post","link":"https:\/\/www.ifbaiano.edu.br\/unidades\/santaines\/mais-de-mil-estudantes-visitaram-o-campus-santa-ines-durante-iii-edicao-do-programa-if-de-portas-abertas\/","title":{"rendered":"Mais de mil estudantes visitaram o Campus Santa In\u00eas durante III Edi\u00e7\u00e3o do Programa IF de Portas Abertas"},"content":{"rendered":"\n<p>A terceira edi\u00e7\u00e3o do Programa &#8220;IF de Portas Abertas&#8221; do Campus Santa In\u00eas finalizou suas atividades ap\u00f3s receber, neste m\u00eas de outubro, mais de mil estudantes que cursam o 9\u00ba ano do Ensino Fundamental em diferentes escolas e munic\u00edpios do Territ\u00f3rio de Identidade do Vale de Jiquiri\u00e7\u00e1. A programa\u00e7\u00e3o foi idealizada para este m\u00eas de outubro, no per\u00edodo de 02 a 23 de outubro.<\/p>\n\n\n\n<figure class=\"wp-block-gallery has-nested-images columns-default is-cropped wp-block-gallery-1 is-layout-flex\">\n<figure class=\"wp-block-image size-large\"><a href=\"https:\/\/www.ifbaiano.edu.br\/unidades\/santaines\/files\/2024\/11\/IFPA29.jpg\"><img decoding=\"async\" loading=\"lazy\" width=\"3264\" height=\"1836\" data-id=\"22663\"  src=\"https:\/\/www.ifbaiano.edu.br\/unidades\/santaines\/files\/2024\/11\/IFPA29.jpg\" alt=\"\" class=\"wp-image-22663\" \/><\/a><\/figure>\n\n\n\n<figure class=\"wp-block-image size-large\"><a href=\"https:\/\/www.ifbaiano.edu.br\/unidades\/santaines\/files\/2024\/11\/IFPA7.jpg\"><img decoding=\"async\" loading=\"lazy\" width=\"1920\" height=\"1080\" data-id=\"22660\"  src=\"https:\/\/www.ifbaiano.edu.br\/unidades\/santaines\/files\/2024\/11\/IFPA7.jpg\" alt=\"\" class=\"wp-image-22660\" \/><\/a><\/figure>\n\n\n\n<figure class=\"wp-block-image size-large\"><a href=\"https:\/\/www.ifbaiano.edu.br\/unidades\/santaines\/files\/2024\/11\/IFPA27.jpg\"><img decoding=\"async\" loading=\"lazy\" width=\"1920\" height=\"1080\" data-id=\"22662\"  src=\"https:\/\/www.ifbaiano.edu.br\/unidades\/santaines\/files\/2024\/11\/IFPA27.jpg\" alt=\"\" class=\"wp-image-22662\" \/><\/a><\/figure>\n<\/figure>\n\n\n\n<p>O \u201cIF de Portas Abertas\u201d \u00e9 uma oportunidade para alunos do territ\u00f3rio, de diferentes realidades, conhecerem e vivenciarem, <em>in loco<\/em>, tanto a estrutura f\u00edsica do campus (salas de aulas, laborat\u00f3rios, setores de produ\u00e7\u00e3o), quanto a rotina di\u00e1ria dos estudantes dos cursos t\u00e9cnicos integrados ofertados (agropecu\u00e1ria, alimentos, inform\u00e1tica e zootecnia) e, ainda, participarem das atividades desenvolvidas pelos estudantes da institui\u00e7\u00e3o nos diversos setores (agroind\u00fastria, laborat\u00f3rios, Unidades Educativas de Campo, grupos de estudos e projetos de ensino, pesquisa e extens\u00e3o).<\/p>\n\n\n\n<p>Com in\u00edcio desta edi\u00e7\u00e3o 2024 do programa IF de Portas Abertas, o campus recebeu, em 05 dias de atividades, mais de 20 escolas dos diferentes munic\u00edpios. No dia 02 de outubro, as primeiras visita\u00e7\u00f5es de estudantes de uma escola do munic\u00edpio de Cravol\u00e2ndia e duas do munic\u00edpio de Santo Ant\u00f4nio de Jesus. Na sequ\u00eancia das visitas, foram recebidos, tamb\u00e9m, estudantes de v\u00e1rias escolas aqui do munic\u00edpio de Santa In\u00eas, Jaguaquara, Nova Itarana, Brej\u00f5es, Laje, Uba\u00edra, Jiquiri\u00e7\u00e1 e Lajedo do Tabocal.<\/p>\n\n\n\n<p>Para a Diretora-geral, professora Genilda Lima, as atividades do \u201cIF de Portas Abertas\u201d foram pensadas de forma a permitir que os visitantes tivessem uma vis\u00e3o completa das muitas oportunidades ofertadas pelo IF Baiano Campus Santa In\u00eas aos seus alunos. \u201cNossos visitantes tiveram a oportunidade de conhecer n\u00e3o apenas o perfil dos cursos t\u00e9cnicos integrados que ofertamos, mas tamb\u00e9m, os projetos de ensino, pesquisa e extens\u00e3o desenvolvidos, al\u00e9m de vivenciar, na pr\u00e1tica, as rotinas dos estudantes do campus, participando das atividades desenvolvidas atrav\u00e9s de oficinas e exposi\u00e7\u00f5es\u201d. Explica a diretora.<\/p>\n\n\n\n<p>Genilda tamb\u00e9m enfatizou a import\u00e2ncia da colabora\u00e7\u00e3o dos servidores, colaboradores, estudantes monitores e alunos membros dos grupos de estudos que desempenharam um papel fundamental garantindo, assim, que o programa tivesse sucesso. \u201cCerca de 100 pessoas estiveram diretamente ajudando na mobiliza\u00e7\u00e3o deste evento, desde o planejamento das a\u00e7\u00f5es, montagem e organiza\u00e7\u00e3o dos stands at\u00e9 a participa\u00e7\u00e3o ativa durante as oficinas, explana\u00e7\u00f5es e exposi\u00e7\u00f5es\u201d.<\/p>\n\n\n\n<figure class=\"wp-block-gallery has-nested-images columns-default is-cropped wp-block-gallery-3 is-layout-flex\">\n<figure class=\"wp-block-image size-large\"><a href=\"https:\/\/www.ifbaiano.edu.br\/unidades\/santaines\/files\/2024\/11\/41-1.jpg\"><img decoding=\"async\" loading=\"lazy\" width=\"1920\" height=\"1080\" data-id=\"22668\"  src=\"https:\/\/www.ifbaiano.edu.br\/unidades\/santaines\/files\/2024\/11\/41-1.jpg\" alt=\"\" class=\"wp-image-22668\" \/><\/a><\/figure>\n\n\n\n<figure class=\"wp-block-image size-large\"><a href=\"https:\/\/www.ifbaiano.edu.br\/unidades\/santaines\/files\/2024\/11\/IFPA1.jpg\"><img decoding=\"async\" loading=\"lazy\" width=\"1920\" height=\"1080\" data-id=\"22665\"  src=\"https:\/\/www.ifbaiano.edu.br\/unidades\/santaines\/files\/2024\/11\/IFPA1.jpg\" alt=\"\" class=\"wp-image-22665\" \/><\/a><\/figure>\n\n\n\n<figure class=\"wp-block-image size-large\"><a href=\"https:\/\/www.ifbaiano.edu.br\/unidades\/santaines\/files\/2024\/11\/IFPA5-1.jpg\"><img decoding=\"async\" loading=\"lazy\" width=\"1920\" height=\"1080\" data-id=\"22666\"  src=\"https:\/\/www.ifbaiano.edu.br\/unidades\/santaines\/files\/2024\/11\/IFPA5-1.jpg\" alt=\"\" class=\"wp-image-22666\" \/><\/a><\/figure>\n\n\n\n<figure class=\"wp-block-image size-large\"><a href=\"https:\/\/www.ifbaiano.edu.br\/unidades\/santaines\/files\/2024\/11\/IFPA6.jpg\"><img decoding=\"async\" loading=\"lazy\" width=\"1920\" height=\"1080\" data-id=\"22664\"  src=\"https:\/\/www.ifbaiano.edu.br\/unidades\/santaines\/files\/2024\/11\/IFPA6.jpg\" alt=\"\" class=\"wp-image-22664\" \/><\/a><\/figure>\n\n\n\n<figure class=\"wp-block-image size-large\"><a href=\"https:\/\/www.ifbaiano.edu.br\/unidades\/santaines\/files\/2024\/11\/IFPA10.jpg\"><img decoding=\"async\" loading=\"lazy\" width=\"4000\" height=\"2250\" data-id=\"22671\"  src=\"https:\/\/www.ifbaiano.edu.br\/unidades\/santaines\/files\/2024\/11\/IFPA10.jpg\" alt=\"\" class=\"wp-image-22671\" \/><\/a><\/figure>\n\n\n\n<figure class=\"wp-block-image size-large\"><a href=\"https:\/\/www.ifbaiano.edu.br\/unidades\/santaines\/files\/2024\/11\/IFPA12.jpg\"><img decoding=\"async\" loading=\"lazy\" width=\"1920\" height=\"1080\" data-id=\"22667\"  src=\"https:\/\/www.ifbaiano.edu.br\/unidades\/santaines\/files\/2024\/11\/IFPA12.jpg\" alt=\"\" class=\"wp-image-22667\" \/><\/a><\/figure>\n<\/figure>\n\n\n\n<p>Para o Diretor Acad\u00eamico, professor Andr\u00e9 Leonardo, \u201co Programa proporciona que a comunidade (estudantes e professores externos) tenha uma vis\u00e3o mais ampla do ambiente educacional e tecnol\u00f3gico, que faz parte do cotidiano do IF Baiano campus Santa In\u00eas, tamb\u00e9m estreita as rela\u00e7\u00f5es com a comunidade externa e exp\u00f5e a riqueza de oportunidades oferecidas pela institui\u00e7\u00e3o, caracter\u00edstica \u00fanica em nosso Territ\u00f3rio. Explica o diretor.<\/p>\n\n\n\n<p>Para a Coordenadora de Extens\u00e3o do Campus, professora Alexandra Santos, o Programa IF de Portas Abertas atingiu seu objetivo de mostrar para o p\u00fablico externo o que \u00e9 o Campus Santa In\u00eas e o trabalho desenvolvido em rela\u00e7\u00e3o ao trip\u00e9: ensino, pesquisa e extens\u00e3o. \u201cTivemos um retorno muito positivo dos visitantes, o que s\u00f3 confirmou nossa impress\u00e3o durante a visita, ao perceber que muitos dos estudantes n\u00e3o tinham no\u00e7\u00e3o do tamanho nem das in\u00fameras atividades desenvolvidas no campus\u201d.<\/p>\n\n\n\n<p>Para a professora Tharcilla Pess\u00f4a, Coordenadora de Ensino, \u201co Programa n\u00e3o apenas apresenta o nosso potencial quanto \u00e0 infraestrutura, mas o potencial dos nossos estudantes que atuaram como monitores, guiando os alunos visitantes e apresentando nossa escola. Potencial dos nossos alunos que participam dos projetos de ensino, pesquisa e extens\u00e3o que estiveram durante todos os dias apresentando seus projetos. E os depoimentos espont\u00e2neo dos nossos estudantes, bem como, dos professores e alunos visitantes corroboram o sucesso do IF de Portas Abertas\u201d. \u00a0Refor\u00e7ou a Coordenadora.<\/p>\n\n\n\n<figure class=\"wp-block-gallery has-nested-images columns-default is-cropped wp-block-gallery-5 is-layout-flex\">\n<figure class=\"wp-block-image size-large\"><a href=\"https:\/\/www.ifbaiano.edu.br\/unidades\/santaines\/files\/2024\/11\/IMG_20241004_090340.jpg\"><img decoding=\"async\" loading=\"lazy\" width=\"1920\" height=\"1080\" data-id=\"22674\"  src=\"https:\/\/www.ifbaiano.edu.br\/unidades\/santaines\/files\/2024\/11\/IMG_20241004_090340.jpg\" alt=\"\" class=\"wp-image-22674\" \/><\/a><\/figure>\n\n\n\n<figure class=\"wp-block-image size-large\"><a href=\"https:\/\/www.ifbaiano.edu.br\/unidades\/santaines\/files\/2024\/11\/IMG_20241009_153550.jpg\"><img decoding=\"async\" loading=\"lazy\" width=\"1920\" height=\"1080\" data-id=\"22681\"  src=\"https:\/\/www.ifbaiano.edu.br\/unidades\/santaines\/files\/2024\/11\/IMG_20241009_153550.jpg\" alt=\"\" class=\"wp-image-22681\" \/><\/a><\/figure>\n\n\n\n<figure class=\"wp-block-image size-full\"><a href=\"https:\/\/www.ifbaiano.edu.br\/unidades\/santaines\/files\/2024\/11\/IFPA111.png\"><img decoding=\"async\" loading=\"lazy\" width=\"1528\" height=\"938\" data-id=\"22699\"  src=\"https:\/\/www.ifbaiano.edu.br\/unidades\/santaines\/files\/2024\/11\/IFPA111.png\" alt=\"\" class=\"wp-image-22699\" \/><\/a><\/figure>\n\n\n\n<figure class=\"wp-block-image size-large\"><a href=\"https:\/\/www.ifbaiano.edu.br\/unidades\/santaines\/files\/2024\/11\/IMG_20241009_153813.jpg\"><img decoding=\"async\" loading=\"lazy\" width=\"1920\" height=\"1080\" data-id=\"22685\"  src=\"https:\/\/www.ifbaiano.edu.br\/unidades\/santaines\/files\/2024\/11\/IMG_20241009_153813.jpg\" alt=\"\" class=\"wp-image-22685\" \/><\/a><\/figure>\n\n\n\n<figure class=\"wp-block-image size-large\"><a href=\"https:\/\/www.ifbaiano.edu.br\/unidades\/santaines\/files\/2024\/11\/IMG_20241023_095713.jpg\"><img decoding=\"async\" loading=\"lazy\" width=\"1920\" height=\"1080\" data-id=\"22678\"  src=\"https:\/\/www.ifbaiano.edu.br\/unidades\/santaines\/files\/2024\/11\/IMG_20241023_095713.jpg\" alt=\"\" class=\"wp-image-22678\" \/><\/a><\/figure>\n\n\n\n<figure class=\"wp-block-image size-large\"><a href=\"https:\/\/www.ifbaiano.edu.br\/unidades\/santaines\/files\/2024\/11\/IMG_20241023_100959.jpg\"><img decoding=\"async\" loading=\"lazy\" width=\"1920\" height=\"1080\" data-id=\"22682\"  src=\"https:\/\/www.ifbaiano.edu.br\/unidades\/santaines\/files\/2024\/11\/IMG_20241023_100959.jpg\" alt=\"\" class=\"wp-image-22682\" \/><\/a><\/figure>\n\n\n\n<figure class=\"wp-block-image size-large\"><a href=\"https:\/\/www.ifbaiano.edu.br\/unidades\/santaines\/files\/2024\/11\/IMG_20241023_102558.jpg\"><img decoding=\"async\" loading=\"lazy\" width=\"1920\" height=\"1080\" data-id=\"22687\"  src=\"https:\/\/www.ifbaiano.edu.br\/unidades\/santaines\/files\/2024\/11\/IMG_20241023_102558.jpg\" alt=\"\" class=\"wp-image-22687\" \/><\/a><\/figure>\n\n\n\n<figure class=\"wp-block-image size-large\"><a href=\"https:\/\/www.ifbaiano.edu.br\/unidades\/santaines\/files\/2024\/11\/IMG_20241023_103058.jpg\"><img decoding=\"async\" loading=\"lazy\" width=\"1920\" height=\"1080\" data-id=\"22683\"  src=\"https:\/\/www.ifbaiano.edu.br\/unidades\/santaines\/files\/2024\/11\/IMG_20241023_103058.jpg\" alt=\"\" class=\"wp-image-22683\" \/><\/a><\/figure>\n\n\n\n<figure class=\"wp-block-image size-large\"><a href=\"https:\/\/www.ifbaiano.edu.br\/unidades\/santaines\/files\/2024\/11\/IMG_20241023_104823.jpg\"><img decoding=\"async\" loading=\"lazy\" width=\"1920\" height=\"1080\" data-id=\"22689\"  src=\"https:\/\/www.ifbaiano.edu.br\/unidades\/santaines\/files\/2024\/11\/IMG_20241023_104823.jpg\" alt=\"\" class=\"wp-image-22689\" \/><\/a><\/figure>\n\n\n\n<figure class=\"wp-block-image size-large\"><a href=\"https:\/\/www.ifbaiano.edu.br\/unidades\/santaines\/files\/2024\/11\/IMG_20241023_142138.jpg\"><img decoding=\"async\" loading=\"lazy\" width=\"1920\" height=\"1080\" data-id=\"22677\"  src=\"https:\/\/www.ifbaiano.edu.br\/unidades\/santaines\/files\/2024\/11\/IMG_20241023_142138.jpg\" alt=\"\" class=\"wp-image-22677\" \/><\/a><\/figure>\n\n\n\n<figure class=\"wp-block-image size-large\"><a href=\"https:\/\/www.ifbaiano.edu.br\/unidades\/santaines\/files\/2024\/11\/IMG_20241023_142539.jpg\"><img decoding=\"async\" loading=\"lazy\" width=\"1920\" height=\"1080\" data-id=\"22686\"  src=\"https:\/\/www.ifbaiano.edu.br\/unidades\/santaines\/files\/2024\/11\/IMG_20241023_142539.jpg\" alt=\"\" class=\"wp-image-22686\" \/><\/a><\/figure>\n\n\n\n<figure class=\"wp-block-image size-large\"><a href=\"https:\/\/www.ifbaiano.edu.br\/unidades\/santaines\/files\/2024\/11\/IMG_20241023_144130.jpg\"><img decoding=\"async\" loading=\"lazy\" width=\"1920\" height=\"1080\" data-id=\"22691\"  src=\"https:\/\/www.ifbaiano.edu.br\/unidades\/santaines\/files\/2024\/11\/IMG_20241023_144130.jpg\" alt=\"\" class=\"wp-image-22691\" \/><\/a><\/figure>\n\n\n\n<figure class=\"wp-block-image size-full\"><a href=\"https:\/\/www.ifbaiano.edu.br\/unidades\/santaines\/files\/2024\/11\/IMG_20241023_101602.jpg\"><img decoding=\"async\" loading=\"lazy\" width=\"1920\" height=\"1080\" data-id=\"22704\"  src=\"https:\/\/www.ifbaiano.edu.br\/unidades\/santaines\/files\/2024\/11\/IMG_20241023_101602.jpg\" alt=\"\" class=\"wp-image-22704\" \/><\/a><\/figure>\n\n\n\n<figure class=\"wp-block-image size-large\"><a href=\"https:\/\/www.ifbaiano.edu.br\/unidades\/santaines\/files\/2024\/11\/IMG_20241023_150340.jpg\"><img decoding=\"async\" loading=\"lazy\" width=\"1920\" height=\"1080\" data-id=\"22692\"  src=\"https:\/\/www.ifbaiano.edu.br\/unidades\/santaines\/files\/2024\/11\/IMG_20241023_150340.jpg\" alt=\"\" class=\"wp-image-22692\" \/><\/a><\/figure>\n\n\n\n<figure class=\"wp-block-image size-large\"><a href=\"https:\/\/www.ifbaiano.edu.br\/unidades\/santaines\/files\/2024\/11\/IMG_20241023_150959.jpg\"><img decoding=\"async\" loading=\"lazy\" width=\"1920\" height=\"1080\" data-id=\"22676\"  src=\"https:\/\/www.ifbaiano.edu.br\/unidades\/santaines\/files\/2024\/11\/IMG_20241023_150959.jpg\" alt=\"\" class=\"wp-image-22676\" \/><\/a><\/figure>\n<\/figure>\n\n\n\n<p>A Professora Patr\u00edcia Neves destaca um importante trabalho desenvolvido pelas turmas de 1\u00aa s\u00e9rie do Curso T\u00e9cnico Integrado em Zootecnia, no \u00faltimo dia de visitas (23 de outubro), onde ocorreu a culmin\u00e2ncia do projeto integrador. \u201cOs estudantes fizeram uma excelente apresenta\u00e7\u00e3o dos setores de produ\u00e7\u00e3o animal. Foi um trabalho realizado de forma interdisciplinar, onde nossos estudantes desenvolveram habilidades como trabalho em equipe, autoconfian\u00e7a e criatividade. Nossos alunos fazem um trabalho brilhante em nossa escola!\u201d. Afirma Patr\u00edcia.<\/p>\n\n\n\n<p>Essa afirmativa \u00e9 poss\u00edvel constatar na fala da estudante Thain\u00e1 Duarte, do 1\u00ba ano D, \u201cFoi um projeto muito trabalhoso, mas tamb\u00e9m muito gratificante. Olhar tudo e ver o quanto somos capazes \u00e9 incr\u00edvel! Agrade\u00e7o por todo o apoio, ajuda e aten\u00e7\u00e3o. No final do trabalho, s\u00f3 sentimos felicidade por termos superado nossos medos. Al\u00e9m de tudo, o principal foi enriquecer nosso conhecimento e aprender o que \u00e9 trabalho em equipe\u201d.<\/p>\n\n\n\n<p>Os visitantes Leonardo Andrade e Denise&#8230;, estudantes do 9\u00ba ano da Escola Maria Juvenice Farias Maia, do munic\u00edpio de Jiquiri\u00e7\u00e1, se dizem encantados com tudo que viram durante o <em>tour<\/em> guiado pelo campus. \u201cAchei o m\u00e1ximo a visita ao campus de Santa In\u00eas, tanto que eu irei estudar aqui, na \u00e1rea de inform\u00e1tica\/rob\u00f3tica. Superou minhas expectativas. Super surpreso! Super ajudou na decis\u00e3o! [de fazer a inscri\u00e7\u00e3o]\u201d. Diz Leonardo. Da mesma forma, Denise relata \u201cEu simplesmente amei conhecer o IF Baiano \u2013 Campus Santa In\u00eas. Eu fiquei surpresa com diversas coisas. Pude apreciar coisas que s\u00f3 via pelo virtual e tive o privil\u00e9gio de ver ao vivo no IF Santa In\u00eas. Enfim&#8230; eu amei conhecer o IF Baiano de Santa In\u00eas!\u201d.<\/p>\n\n\n\n<p>Diante da conclus\u00e3o das tr\u00eas edi\u00e7\u00f5es j\u00e1 realizada (2022, 2023 e 2024) do IF de Portas Abertas, a equipe gestora tem como pretens\u00e3o dar continuidade ao programa em 2025, verificando a possibilidade de implementar novas estrat\u00e9gias que possam difundir todo potencial que IF Baiano Campus Santa In\u00eas tem para oferecer. Aliado a esta a\u00e7\u00e3o de difus\u00e3o, tem-se o Ci\u00eancia Itinerante, que consiste em atividades alinhadas por servidores e estudantes que se deslocam para os diferentes munic\u00edpios, com o objetivo de mostrar para o p\u00fablico, atrav\u00e9s de experimentos did\u00e1ticos, os diferentes conte\u00fados, de forma l\u00fadica e interativa.<\/p>\n\n\n\n<figure class=\"wp-block-gallery has-nested-images columns-default is-cropped wp-block-gallery-7 is-layout-flex\">\n<figure class=\"wp-block-image size-large\"><a href=\"https:\/\/www.ifbaiano.edu.br\/unidades\/santaines\/files\/2024\/11\/IMG_20241002_094133.jpg\"><img decoding=\"async\" loading=\"lazy\" width=\"4000\" height=\"2250\" data-id=\"22698\"  src=\"https:\/\/www.ifbaiano.edu.br\/unidades\/santaines\/files\/2024\/11\/IMG_20241002_094133.jpg\" alt=\"\" class=\"wp-image-22698\" \/><\/a><\/figure>\n\n\n\n<figure class=\"wp-block-image size-large\"><a href=\"https:\/\/www.ifbaiano.edu.br\/unidades\/santaines\/files\/2024\/11\/IMG_20241009_135709.jpg\"><img decoding=\"async\" loading=\"lazy\" width=\"1920\" height=\"1080\" data-id=\"22694\"  src=\"https:\/\/www.ifbaiano.edu.br\/unidades\/santaines\/files\/2024\/11\/IMG_20241009_135709.jpg\" alt=\"\" class=\"wp-image-22694\" \/><\/a><\/figure>\n\n\n\n<figure class=\"wp-block-image size-large\"><a href=\"https:\/\/www.ifbaiano.edu.br\/unidades\/santaines\/files\/2024\/11\/IMG_20241009_144826.jpg\"><img decoding=\"async\" loading=\"lazy\" width=\"1920\" height=\"1080\" data-id=\"22696\"  src=\"https:\/\/www.ifbaiano.edu.br\/unidades\/santaines\/files\/2024\/11\/IMG_20241009_144826.jpg\" alt=\"\" class=\"wp-image-22696\" \/><\/a><\/figure>\n\n\n\n<figure class=\"wp-block-image size-large\"><a href=\"https:\/\/www.ifbaiano.edu.br\/unidades\/santaines\/files\/2024\/11\/IFPA12.jpg\"><img decoding=\"async\" loading=\"lazy\" width=\"1920\" height=\"1080\" data-id=\"22667\"  src=\"https:\/\/www.ifbaiano.edu.br\/unidades\/santaines\/files\/2024\/11\/IFPA12.jpg\" alt=\"\" class=\"wp-image-22667\" \/><\/a><\/figure>\n\n\n\n<figure class=\"wp-block-image size-large\"><a href=\"https:\/\/www.ifbaiano.edu.br\/unidades\/santaines\/files\/2024\/11\/IFPA4.jpg\"><img decoding=\"async\" loading=\"lazy\" width=\"1920\" height=\"1080\" data-id=\"22669\"  src=\"https:\/\/www.ifbaiano.edu.br\/unidades\/santaines\/files\/2024\/11\/IFPA4.jpg\" alt=\"\" class=\"wp-image-22669\" \/><\/a><\/figure>\n\n\n\n<figure class=\"wp-block-image size-large\"><a href=\"https:\/\/www.ifbaiano.edu.br\/unidades\/santaines\/files\/2024\/11\/IMG_20241023_101329.jpg\"><img decoding=\"async\" loading=\"lazy\" width=\"1920\" height=\"1080\" data-id=\"22705\"  src=\"https:\/\/www.ifbaiano.edu.br\/unidades\/santaines\/files\/2024\/11\/IMG_20241023_101329.jpg\" alt=\"\" class=\"wp-image-22705\" \/><\/a><\/figure>\n<\/figure>\n\n\n\n<hr class=\"wp-block-separator has-alpha-channel-opacity\" \/>\n","protected":false},"excerpt":{"rendered":"<p>A terceira edi\u00e7\u00e3o do Programa &#8220;IF de Portas Abertas&#8221; do Campus Santa In\u00eas finalizou suas atividades ap\u00f3s receber, neste m\u00eas de outubro, mais de mil estudantes que cursam o 9\u00ba ano do Ensino Fundamental em diferentes escolas e munic\u00edpios do Territ\u00f3rio de Identidade do Vale de Jiquiri\u00e7\u00e1. A programa\u00e7\u00e3o foi idealizada para este m\u00eas de [&hellip;]<\/p>\n","protected":false},"author":86,"featured_media":22656,"comment_status":"closed","ping_status":"closed","sticky":false,"template":"","format":"standard","meta":[],"categories":[4,5,7,57],"tags":[],"_links":{"self":[{"href":"https:\/\/www.ifbaiano.edu.br\/unidades\/santaines\/wp-json\/wp\/v2\/posts\/22655"}],"collection":[{"href":"https:\/\/www.ifbaiano.edu.br\/unidades\/santaines\/wp-json\/wp\/v2\/posts"}],"about":[{"href":"https:\/\/www.ifbaiano.edu.br\/unidades\/santaines\/wp-json\/wp\/v2\/types\/post"}],"author":[{"embeddable":true,"href":"https:\/\/www.ifbaiano.edu.br\/unidades\/santaines\/wp-json\/wp\/v2\/users\/86"}],"replies":[{"embeddable":true,"href":"https:\/\/www.ifbaiano.edu.br\/unidades\/santaines\/wp-json\/wp\/v2\/comments?post=22655"}],"version-history":[{"count":2,"href":"https:\/\/www.ifbaiano.edu.br\/unidades\/santaines\/wp-json\/wp\/v2\/posts\/22655\/revisions"}],"predecessor-version":[{"id":22711,"href":"https:\/\/www.ifbaiano.edu.br\/unidades\/santaines\/wp-json\/wp\/v2\/posts\/22655\/revisions\/22711"}],"wp:featuredmedia":[{"embeddable":true,"href":"https:\/\/www.ifbaiano.edu.br\/unidades\/santaines\/wp-json\/wp\/v2\/media\/22656"}],"wp:attachment":[{"href":"https:\/\/www.ifbaiano.edu.br\/unidades\/santaines\/wp-json\/wp\/v2\/media?parent=22655"}],"wp:term":[{"taxonomy":"category","embeddable":true,"href":"https:\/\/www.ifbaiano.edu.br\/unidades\/santaines\/wp-json\/wp\/v2\/categories?post=22655"},{"taxonomy":"post_tag","embeddable":true,"href":"https:\/\/www.ifbaiano.edu.br\/unidades\/santaines\/wp-json\/wp\/v2\/tags?post=22655"}],"curies":[{"name":"wp","href":"https:\/\/api.w.org\/{rel}","templated":true}]}}