{"id":2271,"date":"2012-09-11T09:34:18","date_gmt":"2012-09-11T12:34:18","guid":{"rendered":"http:\/\/www.ifbaiano.edu.br\/unidades\/santaines\/?p=2271"},"modified":"2012-10-08T09:28:27","modified_gmt":"2012-10-08T12:28:27","slug":"retorno-as-aulas-movimentado-no-campus-santa-ines","status":"publish","type":"post","link":"https:\/\/www.ifbaiano.edu.br\/unidades\/santaines\/retorno-as-aulas-movimentado-no-campus-santa-ines\/","title":{"rendered":"Retorno \u00e0s aulas movimentado no Campus Santa In\u00eas"},"content":{"rendered":"<p>O primeiro dia de aula teve bastante atividade nesta segunda-feira, 10 de setembro.\u00a0 Pela Manh\u00e3, o Diretor Geral, Nelson Filho, conjuntamente com os coordenadores Sebasti\u00e3o Oliveira (CGE), Andr\u00e9 Leonardo (DDE) e Edney Concei\u00e7\u00e3o (CGAE), receberam os representantes dos T\u00e9cnico-Administrativos e Estudantes. Esta comiss\u00e3o teve como objetivo reivindicar a carga hor\u00e1ria de 30 horas, cujo foi uma das pautas da greve. Foi decidido criar uma comiss\u00e3o respons\u00e1vel por implantar e analisar a viabilidade desta carga hor\u00e1ria de uma forma que n\u00e3o prejudique nem aos t\u00e9cnicos e nem ao atendimento ao p\u00fablico.<\/p>\n<div id=\"attachment_2285\" style=\"width: 160px\" class=\"wp-caption alignleft\"><a href=\"http:\/\/www.ifbaiano.edu.br\/unidades\/santaines\/files\/2012\/09\/representacao-de-estudante-e-tecnicos2.jpg\"><img aria-describedby=\"caption-attachment-2285\" decoding=\"async\" loading=\"lazy\" class=\"size-thumbnail wp-image-2285\" src=\"http:\/\/www.ifbaiano.edu.br\/unidades\/santaines\/files\/2012\/09\/representacao-de-estudante-e-tecnicos2-150x150.jpg\" alt=\"\" width=\"150\" height=\"150\" \/><\/a><p id=\"caption-attachment-2285\" class=\"wp-caption-text\">Representa\u00e7\u00e3o de estudante e T\u00e9cnicos<\/p><\/div>\n<p>No turno da tarde teve oficialmente a aula inaugural, que contou com a presen\u00e7a do Diretor Geral, \u00a0dos coordenadores anteriormente citados, al\u00e9m da presen\u00e7a do professor Wilson F\u00e1bio (F\u00edsica), que conduziu a aula conjuntamente com o professor Andr\u00e9 Leonardo. Foram tiradas d\u00favidas dos alunos e pais presentes, referentes ao calend\u00e1rio letivo, e tamb\u00e9m foram esclarecidas quest\u00f5es referentes \u00e0 greve dos servidores federais da Educa\u00e7\u00e3o. Tamb\u00e9m foi criada uma comiss\u00e3o composta por estudantes e docentes, 2 representantes de cada, \u00a0encarregada de organizar o calend\u00e1rio letivo do ano de 2012 e 2013.<\/p>\n<div id=\"attachment_2286\" style=\"width: 160px\" class=\"wp-caption alignright\"><a href=\"http:\/\/www.ifbaiano.edu.br\/unidades\/santaines\/files\/2012\/09\/wilson1.jpg\"><img aria-describedby=\"caption-attachment-2286\" decoding=\"async\" loading=\"lazy\" class=\"size-thumbnail wp-image-2286\" src=\"http:\/\/www.ifbaiano.edu.br\/unidades\/santaines\/files\/2012\/09\/wilson1-150x150.jpg\" alt=\"\" width=\"150\" height=\"150\" \/><\/a><p id=\"caption-attachment-2286\" class=\"wp-caption-text\">Professores Wilson e Andr\u00e9 conduzem a aula<\/p><\/div>\n","protected":false},"excerpt":{"rendered":"<p>O dia foi marcado pelas reivindica\u00e7\u00f5es de t\u00e9cnicos e alunos do campus.<\/p>\n","protected":false},"author":29,"featured_media":0,"comment_status":"closed","ping_status":"closed","sticky":false,"template":"","format":"standard","meta":[],"categories":[10],"tags":[],"_links":{"self":[{"href":"https:\/\/www.ifbaiano.edu.br\/unidades\/santaines\/wp-json\/wp\/v2\/posts\/2271"}],"collection":[{"href":"https:\/\/www.ifbaiano.edu.br\/unidades\/santaines\/wp-json\/wp\/v2\/posts"}],"about":[{"href":"https:\/\/www.ifbaiano.edu.br\/unidades\/santaines\/wp-json\/wp\/v2\/types\/post"}],"author":[{"embeddable":true,"href":"https:\/\/www.ifbaiano.edu.br\/unidades\/santaines\/wp-json\/wp\/v2\/users\/29"}],"replies":[{"embeddable":true,"href":"https:\/\/www.ifbaiano.edu.br\/unidades\/santaines\/wp-json\/wp\/v2\/comments?post=2271"}],"version-history":[{"count":13,"href":"https:\/\/www.ifbaiano.edu.br\/unidades\/santaines\/wp-json\/wp\/v2\/posts\/2271\/revisions"}],"predecessor-version":[{"id":2289,"href":"https:\/\/www.ifbaiano.edu.br\/unidades\/santaines\/wp-json\/wp\/v2\/posts\/2271\/revisions\/2289"}],"wp:attachment":[{"href":"https:\/\/www.ifbaiano.edu.br\/unidades\/santaines\/wp-json\/wp\/v2\/media?parent=2271"}],"wp:term":[{"taxonomy":"category","embeddable":true,"href":"https:\/\/www.ifbaiano.edu.br\/unidades\/santaines\/wp-json\/wp\/v2\/categories?post=2271"},{"taxonomy":"post_tag","embeddable":true,"href":"https:\/\/www.ifbaiano.edu.br\/unidades\/santaines\/wp-json\/wp\/v2\/tags?post=2271"}],"curies":[{"name":"wp","href":"https:\/\/api.w.org\/{rel}","templated":true}]}}