{"id":22815,"date":"2024-11-26T13:17:27","date_gmt":"2024-11-26T16:17:27","guid":{"rendered":"https:\/\/www.ifbaiano.edu.br\/unidades\/santaines\/?p=22815"},"modified":"2024-11-26T13:37:39","modified_gmt":"2024-11-26T16:37:39","slug":"if-baiano-leva-ciencia-para-a-comunidade-de-itaquara-em-mais-uma-exposicao","status":"publish","type":"post","link":"https:\/\/www.ifbaiano.edu.br\/unidades\/santaines\/if-baiano-leva-ciencia-para-a-comunidade-de-itaquara-em-mais-uma-exposicao\/","title":{"rendered":"IF Baiano leva Ci\u00eancia para a comunidade de Itaquara em mais uma exposi\u00e7\u00e3o"},"content":{"rendered":"\n<figure class=\"wp-block-gallery has-nested-images columns-default is-cropped wp-block-gallery-1 is-layout-flex\">\n<figure class=\"wp-block-image size-large\"><a href=\"https:\/\/www.ifbaiano.edu.br\/unidades\/santaines\/files\/2024\/11\/9ed0f394-8f89-4661-ac22-c22c725da8c6.jpg\"><img decoding=\"async\" loading=\"lazy\" width=\"1600\" height=\"900\" data-id=\"22830\"  src=\"https:\/\/www.ifbaiano.edu.br\/unidades\/santaines\/files\/2024\/11\/9ed0f394-8f89-4661-ac22-c22c725da8c6.jpg\" alt=\"\" class=\"wp-image-22830\" \/><\/a><\/figure>\n<\/figure>\n\n\n\n<p>Na manh\u00e3 do \u00faltimo s\u00e1bado (23), a comunidade de Itaquara teve a oportunidade de vivenciar a ci\u00eancia de perto com mais uma edi\u00e7\u00e3o do projeto &#8220;Ci\u00eancia na Feira&#8221;, do Instituto Federal de Educa\u00e7\u00e3o, Ci\u00eancia e Tecnologia Baiano (IF Baiano) &#8211; Campus Santa In\u00eas. A iniciativa, que faz parte da III Edi\u00e7\u00e3o do projeto, levou experimentos e demonstra\u00e7\u00f5es cient\u00edficas para a feira livre da cidade, aproximando a popula\u00e7\u00e3o do conhecimento produzido no campus.<\/p>\n\n\n\n<p><a><\/a>Coordenado pela professora Rom\u00e1ria Ara\u00fajo, o projeto &#8220;Ci\u00eancia na Feira&#8221; tem como objetivo principal democratizar o acesso \u00e0 ci\u00eancia, levando-a para al\u00e9m dos muros da academia. Mais uma vez, estudantes do Campus, dos cursos de Licenciatura em Ci\u00eancias Biol\u00f3gicas e Bacharelado em Zootecnia atuaram como monitores, conduzindo diversas atividades interativas, como a demonstra\u00e7\u00e3o do funcionamento de um microsc\u00f3pio \u2013 equipamento de dif\u00edcil acesso para muitas pessoas -, a apresenta\u00e7\u00e3o de um modelo do corpo humano, experimentos sobre agrot\u00f3xicos e at\u00e9 mesmo a extra\u00e7\u00e3o de DNA.<\/p>\n\n\n\n<figure class=\"wp-block-gallery has-nested-images columns-default is-cropped wp-block-gallery-3 is-layout-flex\">\n<figure class=\"wp-block-image size-large\"><a href=\"https:\/\/www.ifbaiano.edu.br\/unidades\/santaines\/files\/2024\/11\/CNF9.png\"><img decoding=\"async\" loading=\"lazy\" width=\"960\" height=\"1280\" data-id=\"22844\"  src=\"https:\/\/www.ifbaiano.edu.br\/unidades\/santaines\/files\/2024\/11\/CNF9.png\" alt=\"\" class=\"wp-image-22844\" \/><\/a><\/figure>\n\n\n\n<figure class=\"wp-block-image size-large\"><a href=\"https:\/\/www.ifbaiano.edu.br\/unidades\/santaines\/files\/2024\/11\/CNF8.png\"><img decoding=\"async\" loading=\"lazy\" width=\"4080\" height=\"3060\" data-id=\"22843\"  src=\"https:\/\/www.ifbaiano.edu.br\/unidades\/santaines\/files\/2024\/11\/CNF8.png\" alt=\"\" class=\"wp-image-22843\" \/><\/a><\/figure>\n<\/figure>\n\n\n\n<p>Tamb\u00e9m houve a participa\u00e7\u00e3o do &#8220;Projeto Stand da Qu\u00edmica&#8221;, associado ao Grupo de Estudos de Qu\u00edmica (GEQUIM) e coordenado pelo professor Jeferson Ros\u00e1rio. Ele, juntamente com estudantes monitores do m\u00e9dio integrado dos cursos de inform\u00e1tica e alimentos, apresentaram experimentos de qu\u00edmica de maneira l\u00fadica. O experimento chamado de produ\u00e7\u00e3o de hidrog\u00eanio, que retrata a rea\u00e7\u00e3o do papel aluminio com a soda ca\u00fastica (hidr\u00f3xido de s\u00f3dio), fez muito sucesso entre os visitantes, como relatou o professor Jeferson.&nbsp;<\/p>\n\n\n\n<p>Al\u00e9m do p\u00fablico das diferentes faixas et\u00e1rias da comunidade local, o evento contou ainda com a participa\u00e7\u00e3o de estudantes do Programa Nacional de Forma\u00e7\u00e3o de Professores da Educa\u00e7\u00e3o B\u00e1sica (Parfor\/Uefs) de Itaquara, que se engajaram nas atividades e contribu\u00edram para o sucesso da iniciativa. A a\u00e7\u00e3o refor\u00e7a o compromisso do IF Baiano em disseminar o conhecimento cient\u00edfico e promover a inclus\u00e3o social por meio da educa\u00e7\u00e3o.<\/p>\n\n\n\n<figure class=\"wp-block-gallery has-nested-images columns-default is-cropped wp-block-gallery-5 is-layout-flex\">\n<figure class=\"wp-block-image size-large\"><a href=\"https:\/\/www.ifbaiano.edu.br\/unidades\/santaines\/files\/2024\/11\/CNF16.png\"><img decoding=\"async\" loading=\"lazy\" width=\"576\" height=\"1280\" data-id=\"22852\"  src=\"https:\/\/www.ifbaiano.edu.br\/unidades\/santaines\/files\/2024\/11\/CNF16.png\" alt=\"\" class=\"wp-image-22852\" \/><\/a><\/figure>\n\n\n\n<figure class=\"wp-block-image size-large\"><a href=\"https:\/\/www.ifbaiano.edu.br\/unidades\/santaines\/files\/2024\/11\/CNF6.png\"><img decoding=\"async\" loading=\"lazy\" width=\"3060\" height=\"4080\" data-id=\"22841\"  src=\"https:\/\/www.ifbaiano.edu.br\/unidades\/santaines\/files\/2024\/11\/CNF6.png\" alt=\"\" class=\"wp-image-22841\" \/><\/a><\/figure>\n\n\n\n<figure class=\"wp-block-image size-large\"><a href=\"https:\/\/www.ifbaiano.edu.br\/unidades\/santaines\/files\/2024\/11\/CNF15.png\"><img decoding=\"async\" loading=\"lazy\" width=\"1200\" height=\"1600\" data-id=\"22850\"  src=\"https:\/\/www.ifbaiano.edu.br\/unidades\/santaines\/files\/2024\/11\/CNF15.png\" alt=\"\" class=\"wp-image-22850\" \/><\/a><\/figure>\n\n\n\n<figure class=\"wp-block-image size-large\"><a href=\"https:\/\/www.ifbaiano.edu.br\/unidades\/santaines\/files\/2024\/11\/ffab44ad-2b70-4c26-94f3-ff68c07aefdd.jpg\"><img decoding=\"async\" loading=\"lazy\" width=\"900\" height=\"1600\" data-id=\"22823\"  src=\"https:\/\/www.ifbaiano.edu.br\/unidades\/santaines\/files\/2024\/11\/ffab44ad-2b70-4c26-94f3-ff68c07aefdd.jpg\" alt=\"\" class=\"wp-image-22823\" \/><\/a><\/figure>\n\n\n\n<figure class=\"wp-block-image size-large\"><a href=\"https:\/\/www.ifbaiano.edu.br\/unidades\/santaines\/files\/2024\/11\/CNF13.png\"><img decoding=\"async\" loading=\"lazy\" width=\"1600\" height=\"1200\" data-id=\"22848\"  src=\"https:\/\/www.ifbaiano.edu.br\/unidades\/santaines\/files\/2024\/11\/CNF13.png\" alt=\"\" class=\"wp-image-22848\" \/><\/a><\/figure>\n\n\n\n<figure class=\"wp-block-image size-large\"><a href=\"https:\/\/www.ifbaiano.edu.br\/unidades\/santaines\/files\/2024\/11\/f8c7a136-1bd1-45cf-98b9-645e0ec76233.jpg\"><img decoding=\"async\" loading=\"lazy\" width=\"1280\" height=\"720\" data-id=\"22829\"  src=\"https:\/\/www.ifbaiano.edu.br\/unidades\/santaines\/files\/2024\/11\/f8c7a136-1bd1-45cf-98b9-645e0ec76233.jpg\" alt=\"\" class=\"wp-image-22829\" \/><\/a><\/figure>\n\n\n\n<figure class=\"wp-block-image size-large\"><a href=\"https:\/\/www.ifbaiano.edu.br\/unidades\/santaines\/files\/2024\/11\/CNF7.png\"><img decoding=\"async\" loading=\"lazy\" width=\"3060\" height=\"4080\" data-id=\"22842\"  src=\"https:\/\/www.ifbaiano.edu.br\/unidades\/santaines\/files\/2024\/11\/CNF7.png\" alt=\"\" class=\"wp-image-22842\" \/><\/a><\/figure>\n\n\n\n<figure class=\"wp-block-image size-large\"><a href=\"https:\/\/www.ifbaiano.edu.br\/unidades\/santaines\/files\/2024\/11\/ffa3db7a-85c9-4b82-b569-c9ca706f1655.jpg\"><img decoding=\"async\" loading=\"lazy\" width=\"720\" height=\"1280\" data-id=\"22831\"  src=\"https:\/\/www.ifbaiano.edu.br\/unidades\/santaines\/files\/2024\/11\/ffa3db7a-85c9-4b82-b569-c9ca706f1655.jpg\" alt=\"\" class=\"wp-image-22831\" \/><\/a><\/figure>\n\n\n\n<figure class=\"wp-block-image size-large\"><a href=\"https:\/\/www.ifbaiano.edu.br\/unidades\/santaines\/files\/2024\/11\/CNF1.png\"><img decoding=\"async\" loading=\"lazy\" width=\"899\" height=\"1599\" data-id=\"22836\"  src=\"https:\/\/www.ifbaiano.edu.br\/unidades\/santaines\/files\/2024\/11\/CNF1.png\" alt=\"\" class=\"wp-image-22836\" \/><\/a><\/figure>\n\n\n\n<figure class=\"wp-block-image size-large\"><a href=\"https:\/\/www.ifbaiano.edu.br\/unidades\/santaines\/files\/2024\/11\/CAPA.png\"><img decoding=\"async\" loading=\"lazy\" width=\"1280\" height=\"576\" data-id=\"22851\"  src=\"https:\/\/www.ifbaiano.edu.br\/unidades\/santaines\/files\/2024\/11\/CAPA.png\" alt=\"\" class=\"wp-image-22851\" \/><\/a><\/figure>\n<\/figure>\n\n\n\n<hr class=\"wp-block-separator has-alpha-channel-opacity\" \/>\n","protected":false},"excerpt":{"rendered":"<p>Na manh\u00e3 do \u00faltimo s\u00e1bado (23), a comunidade de Itaquara teve a oportunidade de vivenciar a ci\u00eancia de perto com mais uma edi\u00e7\u00e3o do projeto &#8220;Ci\u00eancia na Feira&#8221;, do Instituto Federal de Educa\u00e7\u00e3o, Ci\u00eancia e Tecnologia Baiano (IF Baiano) &#8211; Campus Santa In\u00eas. A iniciativa, que faz parte da III Edi\u00e7\u00e3o do projeto, levou experimentos [&hellip;]<\/p>\n","protected":false},"author":86,"featured_media":22819,"comment_status":"closed","ping_status":"closed","sticky":false,"template":"","format":"standard","meta":[],"categories":[4,5,57],"tags":[],"_links":{"self":[{"href":"https:\/\/www.ifbaiano.edu.br\/unidades\/santaines\/wp-json\/wp\/v2\/posts\/22815"}],"collection":[{"href":"https:\/\/www.ifbaiano.edu.br\/unidades\/santaines\/wp-json\/wp\/v2\/posts"}],"about":[{"href":"https:\/\/www.ifbaiano.edu.br\/unidades\/santaines\/wp-json\/wp\/v2\/types\/post"}],"author":[{"embeddable":true,"href":"https:\/\/www.ifbaiano.edu.br\/unidades\/santaines\/wp-json\/wp\/v2\/users\/86"}],"replies":[{"embeddable":true,"href":"https:\/\/www.ifbaiano.edu.br\/unidades\/santaines\/wp-json\/wp\/v2\/comments?post=22815"}],"version-history":[{"count":3,"href":"https:\/\/www.ifbaiano.edu.br\/unidades\/santaines\/wp-json\/wp\/v2\/posts\/22815\/revisions"}],"predecessor-version":[{"id":22855,"href":"https:\/\/www.ifbaiano.edu.br\/unidades\/santaines\/wp-json\/wp\/v2\/posts\/22815\/revisions\/22855"}],"wp:featuredmedia":[{"embeddable":true,"href":"https:\/\/www.ifbaiano.edu.br\/unidades\/santaines\/wp-json\/wp\/v2\/media\/22819"}],"wp:attachment":[{"href":"https:\/\/www.ifbaiano.edu.br\/unidades\/santaines\/wp-json\/wp\/v2\/media?parent=22815"}],"wp:term":[{"taxonomy":"category","embeddable":true,"href":"https:\/\/www.ifbaiano.edu.br\/unidades\/santaines\/wp-json\/wp\/v2\/categories?post=22815"},{"taxonomy":"post_tag","embeddable":true,"href":"https:\/\/www.ifbaiano.edu.br\/unidades\/santaines\/wp-json\/wp\/v2\/tags?post=22815"}],"curies":[{"name":"wp","href":"https:\/\/api.w.org\/{rel}","templated":true}]}}