{"id":22858,"date":"2024-11-28T13:09:52","date_gmt":"2024-11-28T16:09:52","guid":{"rendered":"https:\/\/www.ifbaiano.edu.br\/unidades\/santaines\/?p=22858"},"modified":"2024-12-11T16:30:10","modified_gmt":"2024-12-11T19:30:10","slug":"campus-santa-ines-realiza-processo-seletivo-com-disponibilizacao-de-sete-bolsas-de-monitoria","status":"publish","type":"post","link":"https:\/\/www.ifbaiano.edu.br\/unidades\/santaines\/campus-santa-ines-realiza-processo-seletivo-com-disponibilizacao-de-sete-bolsas-de-monitoria\/","title":{"rendered":"Campus Santa In\u00eas realiza Processo Seletivo para bolsas de Monitoria"},"content":{"rendered":"\n<p>O IF Baiano &#8211; Campus Santa In\u00eas realizou processo seletivo para concess\u00e3o de bolsas de monitoria para os Cursos T\u00e9cnicos Integrados e Subsequente, e para os Cursos Superiores. As inscri\u00e7\u00f5es foram realizadas at\u00e9 o dia 01 de dezembro de 2024, atrav\u00e9s de <a href=\"\/\/forms.gle\/2CtahjVLdQkkTWVN9\">formul\u00e1rio eletr\u00f4nico<\/a>.<\/p>\n\n\n\n<p>A sele\u00e7\u00e3o aconteceu atrav\u00e9s de an\u00e1lise do hist\u00f3rico escolar e an\u00e1lise da carta de inten\u00e7\u00e3o. A nota final atribu\u00edda ao(a) candidato(a) foi a m\u00e9dia simples da pontua\u00e7\u00e3o obtida na an\u00e1lise do hist\u00f3rico<br>escolar e da pontua\u00e7\u00e3o obtida na entrevista<\/p>\n\n\n\n<p>Somente se candidataram \u00e0 vaga no Programa de Monitoria, os estudantes regularmente<br>matriculados nos cursos e que tinham sido aprovados no componente curricular que caracteriza a \u00e1rea da monitoria pretendida; tinham compatibilidade entre os hor\u00e1rios de suas atividades acad\u00eamicas e os propostos para o desenvolvimento da monitoria; n\u00e3o tinham desistido da atividade de monitoria anteriormente; e n\u00e3o estavam respondendo a Processo Disciplinar Discente, conforme previa o edital.<\/p>\n\n\n\n<p>Para se inscrever, o discente precisava preencher, devidamente, a <a href=\"https:\/\/forms.gle\/2CtahjVLdQkkTWVN9\">Ficha de inscri\u00e7\u00e3o online<\/a>, apresentar c\u00f3pia do Hist\u00f3rico Escolar SUAP, c\u00f3pia de documento oficial com foto ( frente e verso) e CPF. Foram disponibilizadas um total de 7 (sete) bolsas para monitores, no valor fixo de R$ 300,00 (trezentos reais) mensal, com vig\u00eancia de dezembro de 2024 at\u00e9 outubro de 2025, distribu\u00eddas da seguinte forma:<\/p>\n\n\n\n<ul>\n<li>Bacharelado em Zootecnia &#8211; 02 bolsas; <\/li>\n\n\n\n<li>Licenciatura em Ci\u00eancias Biol\u00f3gicas &#8211; 01 bolsa;<\/li>\n\n\n\n<li>Licenciatura em Geografia &#8211; 01 bolsa;<\/li>\n\n\n\n<li>Cursos T\u00e9cnicos Integrados em Agropecu\u00e1ria, Alimentos, Inform\u00e1tica e Zootecnia &#8211; 03 bolsas.<\/li>\n<\/ul>\n\n\n\n<p>O edital prev\u00ea que discentes classificados(as), mas n\u00e3o contemplados(as) com a bolsa, poder\u00e3o realizar a monitoria volunt\u00e1ria, caso seja de comum acordo com o(a) docente orientador(a) essa modalidade de oferta.<\/p>\n\n\n\n<p>Para mais informa\u00e7\u00f5es o discente deve consultar o <a rel=\"noreferrer noopener\" href=\"https:\/\/concurso.ifbaiano.edu.br\/portal\/bolsa-monitoria-santa-ines-novembro-2024\/wp-content\/uploads\/sites\/1105\/2024\/11\/Edital-n-40.pdf\" target=\"_blank\">Edital<\/a> e, em caso de d\u00favidas, deve encaminhar e-mail para selecaomonitoria@si.ifbaiano.edu.br.<\/p>\n\n\n\n<p><strong>Sobre o Programa de Monitoria<\/strong> <\/p>\n\n\n\n<p>O Programa de Monitoria \u00e9 compreendido como uma atividade acad\u00eamica para a melhoria do ensino dos cursos t\u00e9cnicos de n\u00edvel m\u00e9dio e dos cursos de gradua\u00e7\u00e3o, atrav\u00e9s do estabelecimento de novas pr\u00e1ticas e experi\u00eancias educacionais, a articula\u00e7\u00e3o entre teoria e pr\u00e1tica, bem como a integra\u00e7\u00e3o curricular em seus diferentes aspectos. Destina-se a estudantes, regularmente matriculados, nos Cursos T\u00e9cnicos de N\u00edvel M\u00e9dio, Subsequente e em Cursos de Gradua\u00e7\u00e3o.<\/p>\n\n\n\n<hr class=\"wp-block-separator has-alpha-channel-opacity\" \/>\n\n\n\n<p><strong>Documentos\/Etapas do Processo Seletivo:<\/strong><\/p>\n\n\n\n<ul>\n<li><a rel=\"noreferrer noopener\" href=\"https:\/\/concurso.ifbaiano.edu.br\/portal\/bolsa-monitoria-santa-ines-novembro-2024\/wp-content\/uploads\/sites\/1105\/2024\/11\/Edital-n-40.pdf\" target=\"_blank\">Edital<\/a><\/li>\n\n\n\n<li><a rel=\"noreferrer noopener\" href=\"https:\/\/concurso.ifbaiano.edu.br\/portal\/bolsa-monitoria-santa-ines-novembro-2024\/wp-content\/uploads\/sites\/1105\/2024\/12\/Inscricoes-homologadas.pdf\" target=\"_blank\">Inscri\u00e7\u00f5es homologadas<\/a><\/li>\n\n\n\n<li><a rel=\"noreferrer noopener\" href=\"https:\/\/concurso.ifbaiano.edu.br\/portal\/bolsa-monitoria-santa-ines-novembro-2024\/wp-content\/uploads\/sites\/1105\/2024\/12\/Inscricoes-homologadas-Pos-Recurso.pdf\" target=\"_blank\">Inscri\u00e7\u00f5es homologadas \u2013 P\u00f3s Recurso<\/a><\/li>\n\n\n\n<li><a rel=\"noreferrer noopener\" href=\"https:\/\/concurso.ifbaiano.edu.br\/portal\/bolsa-monitoria-santa-ines-novembro-2024\/wp-content\/uploads\/sites\/1105\/2024\/12\/Resultado-preliminar.pdf\" target=\"_blank\">Resultado preliminar<\/a><\/li>\n\n\n\n<li><a rel=\"noreferrer noopener\" href=\"https:\/\/concurso.ifbaiano.edu.br\/portal\/bolsa-monitoria-santa-ines-novembro-2024\/wp-content\/uploads\/sites\/1105\/2024\/12\/Resultado-final.pdf\" target=\"_blank\">Resultado Final<\/a><\/li>\n<\/ul>\n","protected":false},"excerpt":{"rendered":"<p>O IF Baiano &#8211; Campus Santa In\u00eas realizou processo seletivo para concess\u00e3o de bolsas de monitoria para os Cursos T\u00e9cnicos Integrados e Subsequente, e para os Cursos Superiores. As inscri\u00e7\u00f5es foram realizadas at\u00e9 o dia 01 de dezembro de 2024, atrav\u00e9s de formul\u00e1rio eletr\u00f4nico. A sele\u00e7\u00e3o aconteceu atrav\u00e9s de an\u00e1lise do hist\u00f3rico escolar e an\u00e1lise [&hellip;]<\/p>\n","protected":false},"author":86,"featured_media":21795,"comment_status":"closed","ping_status":"closed","sticky":false,"template":"","format":"standard","meta":[],"categories":[4,38,5,8,57],"tags":[],"_links":{"self":[{"href":"https:\/\/www.ifbaiano.edu.br\/unidades\/santaines\/wp-json\/wp\/v2\/posts\/22858"}],"collection":[{"href":"https:\/\/www.ifbaiano.edu.br\/unidades\/santaines\/wp-json\/wp\/v2\/posts"}],"about":[{"href":"https:\/\/www.ifbaiano.edu.br\/unidades\/santaines\/wp-json\/wp\/v2\/types\/post"}],"author":[{"embeddable":true,"href":"https:\/\/www.ifbaiano.edu.br\/unidades\/santaines\/wp-json\/wp\/v2\/users\/86"}],"replies":[{"embeddable":true,"href":"https:\/\/www.ifbaiano.edu.br\/unidades\/santaines\/wp-json\/wp\/v2\/comments?post=22858"}],"version-history":[{"count":14,"href":"https:\/\/www.ifbaiano.edu.br\/unidades\/santaines\/wp-json\/wp\/v2\/posts\/22858\/revisions"}],"predecessor-version":[{"id":22933,"href":"https:\/\/www.ifbaiano.edu.br\/unidades\/santaines\/wp-json\/wp\/v2\/posts\/22858\/revisions\/22933"}],"wp:featuredmedia":[{"embeddable":true,"href":"https:\/\/www.ifbaiano.edu.br\/unidades\/santaines\/wp-json\/wp\/v2\/media\/21795"}],"wp:attachment":[{"href":"https:\/\/www.ifbaiano.edu.br\/unidades\/santaines\/wp-json\/wp\/v2\/media?parent=22858"}],"wp:term":[{"taxonomy":"category","embeddable":true,"href":"https:\/\/www.ifbaiano.edu.br\/unidades\/santaines\/wp-json\/wp\/v2\/categories?post=22858"},{"taxonomy":"post_tag","embeddable":true,"href":"https:\/\/www.ifbaiano.edu.br\/unidades\/santaines\/wp-json\/wp\/v2\/tags?post=22858"}],"curies":[{"name":"wp","href":"https:\/\/api.w.org\/{rel}","templated":true}]}}