{"id":22866,"date":"2024-12-02T09:05:15","date_gmt":"2024-12-02T12:05:15","guid":{"rendered":"https:\/\/www.ifbaiano.edu.br\/unidades\/santaines\/?p=22866"},"modified":"2024-12-06T08:51:29","modified_gmt":"2024-12-06T11:51:29","slug":"contribua-com-a-autoavaliacao-institucional-ate-13-de-dezembro","status":"publish","type":"post","link":"https:\/\/www.ifbaiano.edu.br\/unidades\/santaines\/contribua-com-a-autoavaliacao-institucional-ate-13-de-dezembro\/","title":{"rendered":"Contribua com a autoavalia\u00e7\u00e3o institucional at\u00e9 13 de dezembro"},"content":{"rendered":"\n<p>A Comiss\u00e3o Pr\u00f3pria de Avalia\u00e7\u00e3o (CPA) do IF Baiano &#8211; Campus Santa In\u00eas convida a comunidade acad\u00eamica, especialmente docentes, discentes dos cursos de gradua\u00e7\u00e3o e t\u00e9cnicos-administrativos do Campus, a participar do processo de autoavalia\u00e7\u00e3o institucional, que teve in\u00edcio no dia 27 de novembro e vai at\u00e9 o dia 13 de dezembro de 2024.<\/p>\n\n\n\n<p>Nessa etapa ser\u00e3o avaliados os eixos &#8220;Planejamento e avalia\u00e7\u00e3o institucional&#8221; e &#8220;Desenvolvimento institucional&#8221;. A autoavalia\u00e7\u00e3o ocorre por meio de um <a href=\"https:\/\/bit.ly\/4FOL56Q\">question\u00e1rio <em>online<\/em><\/a>.<\/p>\n\n\n\n<p>A participa\u00e7\u00e3o de todos \u00e9 fundamental para o desenvolvimento e o fortalecimento das a\u00e7\u00f5es institucionais do Campus Santa In\u00eas e do Instituto Federal Baiano.<\/p>\n\n\n\n<p>A Comiss\u00e3o Pr\u00f3pria de Avalia\u00e7\u00e3o, institu\u00edda pelo Sistema Nacional de Avalia\u00e7\u00e3o da Educa\u00e7\u00e3o Superior \u2013 SINAES (10861\/2004), \u00e9 um \u00f3rg\u00e3o colegiado de natureza consultiva, deliberativa e normativa que promove implanta\u00e7\u00e3o e o desenvolvimento de processos de avalia\u00e7\u00e3o institucional, atendendo \u00e0s metas do Plano de Desenvolvimento Institucional (PDI) do IF Baiano, em rela\u00e7\u00e3o aos n\u00edveis e modalidades de ensino.<\/p>\n\n\n\n<hr class=\"wp-block-separator has-alpha-channel-opacity\" \/>\n\n\n\n<p><\/p>\n\n\n\n<p><\/p>\n\n\n\n<p><\/p>\n\n\n\n<p><\/p>\n\n\n\n<p><\/p>\n\n\n\n<p><\/p>\n\n\n\n<p><br><\/p>\n","protected":false},"excerpt":{"rendered":"<p>A Comiss\u00e3o Pr\u00f3pria de Avalia\u00e7\u00e3o (CPA) do IF Baiano &#8211; Campus Santa In\u00eas convida a comunidade acad\u00eamica, especialmente docentes, discentes dos cursos de gradua\u00e7\u00e3o e t\u00e9cnicos-administrativos do Campus, a participar do processo de autoavalia\u00e7\u00e3o institucional, que teve in\u00edcio no dia 27 de novembro e vai at\u00e9 o dia 13 de dezembro de 2024. Nessa etapa [&hellip;]<\/p>\n","protected":false},"author":86,"featured_media":22870,"comment_status":"closed","ping_status":"closed","sticky":false,"template":"","format":"standard","meta":[],"categories":[4,38],"tags":[],"_links":{"self":[{"href":"https:\/\/www.ifbaiano.edu.br\/unidades\/santaines\/wp-json\/wp\/v2\/posts\/22866"}],"collection":[{"href":"https:\/\/www.ifbaiano.edu.br\/unidades\/santaines\/wp-json\/wp\/v2\/posts"}],"about":[{"href":"https:\/\/www.ifbaiano.edu.br\/unidades\/santaines\/wp-json\/wp\/v2\/types\/post"}],"author":[{"embeddable":true,"href":"https:\/\/www.ifbaiano.edu.br\/unidades\/santaines\/wp-json\/wp\/v2\/users\/86"}],"replies":[{"embeddable":true,"href":"https:\/\/www.ifbaiano.edu.br\/unidades\/santaines\/wp-json\/wp\/v2\/comments?post=22866"}],"version-history":[{"count":2,"href":"https:\/\/www.ifbaiano.edu.br\/unidades\/santaines\/wp-json\/wp\/v2\/posts\/22866\/revisions"}],"predecessor-version":[{"id":22868,"href":"https:\/\/www.ifbaiano.edu.br\/unidades\/santaines\/wp-json\/wp\/v2\/posts\/22866\/revisions\/22868"}],"wp:featuredmedia":[{"embeddable":true,"href":"https:\/\/www.ifbaiano.edu.br\/unidades\/santaines\/wp-json\/wp\/v2\/media\/22870"}],"wp:attachment":[{"href":"https:\/\/www.ifbaiano.edu.br\/unidades\/santaines\/wp-json\/wp\/v2\/media?parent=22866"}],"wp:term":[{"taxonomy":"category","embeddable":true,"href":"https:\/\/www.ifbaiano.edu.br\/unidades\/santaines\/wp-json\/wp\/v2\/categories?post=22866"},{"taxonomy":"post_tag","embeddable":true,"href":"https:\/\/www.ifbaiano.edu.br\/unidades\/santaines\/wp-json\/wp\/v2\/tags?post=22866"}],"curies":[{"name":"wp","href":"https:\/\/api.w.org\/{rel}","templated":true}]}}