{"id":2290,"date":"2012-09-11T09:41:01","date_gmt":"2012-09-11T12:41:01","guid":{"rendered":"http:\/\/www.ifbaiano.edu.br\/unidades\/santaines\/?p=2290"},"modified":"2012-10-08T09:26:43","modified_gmt":"2012-10-08T12:26:43","slug":"edital-de-assistencia-estudantil-n-222012-novo-cronograma-de-entrevista","status":"publish","type":"post","link":"https:\/\/www.ifbaiano.edu.br\/unidades\/santaines\/edital-de-assistencia-estudantil-n-222012-novo-cronograma-de-entrevista\/","title":{"rendered":"Edital de Assist\u00eancia Estudantil n\u00ba 22\/2012 &#8211; novo cronograma de entrevista"},"content":{"rendered":"<p>A entrevista de car\u00e1ter obrigat\u00f3rio para o processo de sele\u00e7\u00e3o de estudantes, com finalidade da participa\u00e7\u00e3o\u00a0das a\u00e7\u00f5es do Programa de Assist\u00eancia e Inclus\u00e3o Social do Estudante \u2013 PAISE,\u00a0para o per\u00edodo letivo de 2012\u00a0ser\u00e1 realizada conforme cronograma abaixo.<\/p>\n<p><strong>Os estudantes menores de 18 anos de idade que participar\u00e3o da entrevista ter\u00e3o a obrigatoriedade de vir acompanhados dos pais ou respons\u00e1veis.<\/strong><\/p>\n<p>.<\/p>\n<p>&nbsp;<\/p>\n<table border=\"1\" cellspacing=\"0\" cellpadding=\"0\">\n<tbody>\n<tr>\n<td valign=\"top\" width=\"211\"><strong>PAISE<\/strong><\/td>\n<td valign=\"top\" width=\"177\"><strong>DATA<\/strong><\/td>\n<td valign=\"top\" width=\"194\"><strong>TURNO<\/strong><\/td>\n<\/tr>\n<tr>\n<td valign=\"top\" width=\"211\">Aux\u00edlio Transporte<\/td>\n<td valign=\"top\" width=\"177\">17\/09\/2012<\/td>\n<td valign=\"top\" width=\"194\">07:30H \u00e0s 12:00H 13:00H \u00e0s 18:00H<\/td>\n<\/tr>\n<tr>\n<td valign=\"top\" width=\"211\">Aux\u00edlio Transporte<\/td>\n<td valign=\"top\" width=\"177\">18\/09\/2012<\/td>\n<td valign=\"top\" width=\"194\">07:30H \u00e0s 12:00H 13:00H \u00e0s 18:00H<\/td>\n<\/tr>\n<tr>\n<td valign=\"top\" width=\"211\">Aux\u00edlio Moradia<\/td>\n<td valign=\"top\" width=\"177\">19\/09\/2012<\/td>\n<td valign=\"top\" width=\"194\">07:30H \u00e0s 12:00H\u00a013:00H \u00e0s 18:00H<\/td>\n<\/tr>\n<tr>\n<td valign=\"top\" width=\"211\">Aux\u00edlio Alimenta\u00e7\u00e3o<\/td>\n<td valign=\"top\" width=\"177\">20\/09\/2012<\/td>\n<td valign=\"top\" width=\"194\">07:30H \u00e0s 12:00H\u00a013:00H \u00e0s 17:00H<\/td>\n<\/tr>\n<tr>\n<td valign=\"top\" width=\"211\">Aux\u00edlio C\u00f3pia e Impress\u00e3o e Uniforme<\/td>\n<td valign=\"top\" width=\"177\">20\/09\/2012<\/td>\n<td valign=\"top\" width=\"194\">07:30H \u00e0s 12:00H\u00a013:00H \u00e0s 17:00H<\/td>\n<\/tr>\n<tr>\n<td valign=\"top\" width=\"211\">Alimenta\u00e7\u00e3o Estudantil<\/td>\n<td valign=\"top\" width=\"177\">21\/09\/2012<\/td>\n<td valign=\"top\" width=\"194\">07:30H \u00e0s 12:00H<\/td>\n<\/tr>\n<\/tbody>\n<\/table>\n<p>&nbsp;<\/p>\n<p>Obs.: Consultar lista dos aux\u00edlios em anexo para verificar datas da entrevista por nome do aluno inscrito.<\/p>\n<p><strong>RELA\u00c7\u00c3O DOS ALUNOS PARA ENTREVISTA DA POL\u00cdTICA DE ASSIST\u00caNCIA ESTUDANTIL<\/strong><\/p>\n<p>&nbsp;<\/p>\n<p align=\"center\"><strong>AUXILIO TRANSPORTES\u00a0\u00a0\u00a0\u00a0\u00a0\u00a0\u00a0 \u00a0\u00a0\u00a0\u00a0\u00a0\u00a0\u00a0\u00a0\u00a0\u00a0\u00a0\u00a0\u00a0\u00a0\u00a0ENTREVISTA DIA: 17\/09\/2012<\/strong><\/p>\n<p align=\"center\"><strong>\u00a0\u00a0\u00a0\u00a0\u00a0\u00a0\u00a0\u00a0\u00a0\u00a0\u00a0\u00a0\u00a0\u00a0\u00a0\u00a0\u00a0\u00a0\u00a0\u00a0\u00a0\u00a0\u00a0\u00a0 \u00a0\u00a0\u00a0\u00a0\u00a0\u00a0\u00a0\u00a0\u00a0\u00a0\u00a0\u00a0\u00a0\u00a0\u00a0\u00a0\u00a0\u00a0HOR\u00c1RIO: 07:30<\/strong><\/p>\n<p>&nbsp;<\/p>\n<div align=\"center\">\n<table border=\"1\" cellspacing=\"0\" cellpadding=\"0\">\n<tbody>\n<tr>\n<td valign=\"top\">\n<ol>\n<li>ALEX SAMPAIO DA FONSECA<\/li>\n<li>ALEFY SAMPAIO DA FONSECA<\/li>\n<li>ALEX PEREIRA SANTOS COSTA<\/li>\n<li>CAL\u00daDIA TEXEIRA DE JESUS<\/li>\n<li>DANIEL SANTANA MENEZES<\/li>\n<li>DIOGO CERQUEIRA ARA\u00daJO DE CARVALHO<\/li>\n<li>DJANE TAMIRIS A. DOS SANTOS<\/li>\n<li>GABRIEL NASCIMENTO SILVA<\/li>\n<li>GLA\u00daCIA M\u00cdRIAN PASSOS DE JESUS SANTOS<\/li>\n<\/ol>\n<\/td>\n<\/tr>\n<tr>\n<td valign=\"top\"><\/td>\n<\/tr>\n<tr>\n<td valign=\"top\"><\/td>\n<\/tr>\n<tr>\n<td valign=\"top\"><\/td>\n<\/tr>\n<tr>\n<td valign=\"top\"><\/td>\n<\/tr>\n<tr>\n<td valign=\"top\"><\/td>\n<\/tr>\n<tr>\n<td valign=\"top\"><\/td>\n<\/tr>\n<tr>\n<td valign=\"top\"><\/td>\n<\/tr>\n<tr>\n<td valign=\"top\"><\/td>\n<\/tr>\n<tr>\n<td valign=\"top\">10. JER\u00d4NIMO DOS SANTOS SOUZA<\/td>\n<\/tr>\n<tr>\n<td valign=\"top\">11. JOSILANE JESUS SILVA<\/td>\n<\/tr>\n<tr>\n<td valign=\"top\">12. KAILAN SANTOS COSTA<\/td>\n<\/tr>\n<tr>\n<td valign=\"top\"><strong>13. <\/strong><strong>KAROLAINE FIGUEREDO DE SOUZA \u00a0<\/strong><\/td>\n<\/tr>\n<tr>\n<td valign=\"top\">14. LA\u00cdS CAIRE ALVES ANDRADE<\/td>\n<\/tr>\n<tr>\n<td valign=\"top\">15. LUANA PIRES NOVAES<\/td>\n<\/tr>\n<tr>\n<td valign=\"top\">16. LUARA PIRES NOVAES<\/td>\n<\/tr>\n<tr>\n<td valign=\"top\">17. LUCIANO SANTOS BASTOS<\/td>\n<\/tr>\n<tr>\n<td valign=\"top\">18. LUIZ FELIPE DA SILVA BARROS<\/td>\n<\/tr>\n<tr>\n<td valign=\"top\">19. MARCOS ANT\u00d4NIO ANDRADE DOS SANTOS<\/td>\n<\/tr>\n<tr>\n<td valign=\"top\">20. MARILIA DE JESUS ANDRADE<\/td>\n<\/tr>\n<tr>\n<td valign=\"top\">21. MICHAELLE BARBOSA D. SANTOS<\/td>\n<\/tr>\n<tr>\n<td valign=\"top\">22. MOABE MOURA GALV\u00c3O<\/td>\n<\/tr>\n<tr>\n<td valign=\"top\">23. RAILAN BRITO DE ALMEIDA<\/td>\n<\/tr>\n<tr>\n<td valign=\"top\">24. SIDIANNE SANTOS DE JESUS<\/td>\n<\/tr>\n<tr>\n<td valign=\"top\">25. TAIN\u00c1 ALVES DOS SANTOS<\/td>\n<\/tr>\n<tr>\n<td valign=\"top\">26. THA\u00cdNY DE JESUS SODR\u00c9 DOS SANTOS<\/td>\n<\/tr>\n<tr>\n<td valign=\"top\">27. THA\u00cdSE DA SILVA MARTINS<\/td>\n<\/tr>\n<tr>\n<td valign=\"top\">28. VALTER DOS SANTOS COSTA<\/td>\n<\/tr>\n<tr>\n<td valign=\"top\">29. VANESSA ALMEIDA CARDOSO SILVA<\/td>\n<\/tr>\n<tr>\n<td valign=\"top\">30. VICTOR BASTOS GON\u00c7ALVES MOURA<\/td>\n<\/tr>\n<tr>\n<td valign=\"top\">31. YOHANA LAGO GOMES<\/td>\n<\/tr>\n<tr>\n<td valign=\"top\">32. UILMA DE JESUS SANTOS<\/td>\n<\/tr>\n<tr>\n<td valign=\"top\">33. JO\u00c3O GABRIEL SILVA GOMES<\/td>\n<\/tr>\n<\/tbody>\n<\/table>\n<\/div>\n<p><strong>Os estudantes menores de 18 anos de idade que participar\u00e3o da entrevista ter\u00e3o a obrigatoriedade de vir acompanhados dos pais ou respons\u00e1veis.<\/strong><\/p>\n<p>&nbsp;<\/p>\n<p>&nbsp;<\/p>\n<p>&nbsp;<\/p>\n<p align=\"center\"><strong>RELA\u00c7\u00c3O DOS ALUNOS PARA ENTREVISTA DA POL\u00cdTICA DE ASSIST\u00caNCIA ESTUDANTIL<\/strong><\/p>\n<p>&nbsp;<\/p>\n<p align=\"center\"><strong>AUXILIO TRANSPORTES\u00a0\u00a0\u00a0\u00a0\u00a0\u00a0\u00a0 \u00a0\u00a0\u00a0\u00a0\u00a0\u00a0\u00a0\u00a0\u00a0\u00a0\u00a0\u00a0\u00a0\u00a0\u00a0ENTREVISTA DIA: 17\/09\/2012<\/strong><\/p>\n<p align=\"center\"><strong>\u00a0\u00a0\u00a0\u00a0\u00a0\u00a0\u00a0\u00a0\u00a0\u00a0\u00a0\u00a0\u00a0\u00a0\u00a0\u00a0\u00a0\u00a0\u00a0\u00a0\u00a0\u00a0\u00a0\u00a0\u00a0\u00a0\u00a0\u00a0\u00a0\u00a0\u00a0\u00a0\u00a0\u00a0\u00a0\u00a0\u00a0\u00a0\u00a0\u00a0\u00a0\u00a0 HOR\u00c1RIO: 13:00H<\/strong><\/p>\n<p>&nbsp;<\/p>\n<p>&nbsp;<\/p>\n<p>&nbsp;<\/p>\n<div align=\"center\">\n<table border=\"1\" cellspacing=\"0\" cellpadding=\"0\">\n<tbody>\n<tr>\n<td valign=\"top\" width=\"415\">\n<ol>\n<li>ADEMAR J\u00daNIOR NOVAIS DE OLIVEIRA<\/li>\n<li>ANDR\u00c9 LUIZ DOS SANTOS ROCHA<\/li>\n<li>BIANCA PEREIRA R. CAETANO<\/li>\n<li>CRISTIANO OLIVEIRA SANTOS<\/li>\n<li>ELESSON OLIVEIRA COSTA<\/li>\n<li>EMERSON ALVES LAGO<\/li>\n<li>EMILLY FRANCIENE BORGES DOS SANTOS<\/li>\n<li>\u00c9RICA SAMPAIO DO NASCIMENTO<\/li>\n<li>EVELIN REIS ELESB\u00c3O<\/li>\n<li>G\u00c9SSICA SILVA DOS SANTOS<\/li>\n<li>HIGOR SANTOS DE JESUS<\/li>\n<li>IN\u00caS COSTA DOS SANTOS<\/li>\n<li>JAIRO DA SILVA BONFIM<\/li>\n<li>JAMILE DE JESUS SANTOS<\/li>\n<li>JANAILDA SANTANA DOS SANTOS<\/li>\n<li>JO\u00c3O MARCOS MOTA SILVA<\/li>\n<li>JOS\u00c9 CARLOS DOS SANTOS BRITO<\/li>\n<li>JUSCINARA QAUADROS SANTOS PEREIRA<\/li>\n<li>LAIANE BARBOSA DE OLIVEIRA<\/li>\n<li>L\u00c9IA SANTOS DE SOUZA<\/li>\n<li>LUANA GRACIA DOS SANTOS<\/li>\n<li>LUCAS DA SILVA NASCIMENTO<\/li>\n<li>NIEDSON ALMEIDA SANTOS<\/li>\n<li>RAFAEL QUEIROZ BARRETO<\/li>\n<li>RAQUELICE JESUS CARDOSO DOS SANTOS<\/li>\n<li>RICARDO QUEIROZ BARRETO<\/li>\n<li>ROQUILENE COSTA SANTOS<\/li>\n<li>TAIANE DOS SANTOS SERRA<\/li>\n<li>TAIN\u00c1 DOS SANTOS DIAS<\/li>\n<li>VANESSA DOS SANTOS SARDINHA<\/li>\n<li>VANESSA SANTOS BITENCOURT<\/li>\n<li>VICENTE FERREIRA SOUZA J\u00daNIOR<\/li>\n<\/ol>\n<\/td>\n<\/tr>\n<tr>\n<td valign=\"top\" width=\"415\"><\/td>\n<\/tr>\n<tr>\n<td valign=\"top\" width=\"415\"><\/td>\n<\/tr>\n<tr>\n<td valign=\"top\" width=\"415\"><\/td>\n<\/tr>\n<tr>\n<td valign=\"top\" width=\"415\"><\/td>\n<\/tr>\n<tr>\n<td valign=\"top\" width=\"415\"><\/td>\n<\/tr>\n<tr>\n<td valign=\"top\" width=\"415\"><\/td>\n<\/tr>\n<tr>\n<td valign=\"top\" width=\"415\"><\/td>\n<\/tr>\n<tr>\n<td valign=\"top\" width=\"415\"><\/td>\n<\/tr>\n<tr>\n<td valign=\"top\" width=\"415\"><\/td>\n<\/tr>\n<tr>\n<td valign=\"top\" width=\"415\"><\/td>\n<\/tr>\n<tr>\n<td valign=\"top\" width=\"415\"><\/td>\n<\/tr>\n<tr>\n<td valign=\"top\" width=\"415\"><\/td>\n<\/tr>\n<tr>\n<td valign=\"top\" width=\"415\"><\/td>\n<\/tr>\n<tr>\n<td valign=\"top\" width=\"415\"><\/td>\n<\/tr>\n<tr>\n<td valign=\"top\" width=\"415\"><\/td>\n<\/tr>\n<tr>\n<td valign=\"top\" width=\"415\"><\/td>\n<\/tr>\n<tr>\n<td valign=\"top\" width=\"415\"><\/td>\n<\/tr>\n<tr>\n<td valign=\"top\" width=\"415\"><\/td>\n<\/tr>\n<tr>\n<td valign=\"top\" width=\"415\"><\/td>\n<\/tr>\n<tr>\n<td valign=\"top\" width=\"415\"><\/td>\n<\/tr>\n<tr>\n<td valign=\"top\" width=\"415\"><\/td>\n<\/tr>\n<tr>\n<td valign=\"top\" width=\"415\"><\/td>\n<\/tr>\n<tr>\n<td valign=\"top\" width=\"415\"><\/td>\n<\/tr>\n<tr>\n<td valign=\"top\" width=\"415\"><\/td>\n<\/tr>\n<tr>\n<td valign=\"top\" width=\"415\"><\/td>\n<\/tr>\n<tr>\n<td valign=\"top\" width=\"415\"><\/td>\n<\/tr>\n<tr>\n<td valign=\"top\" width=\"415\"><\/td>\n<\/tr>\n<tr>\n<td valign=\"top\" width=\"415\"><\/td>\n<\/tr>\n<tr>\n<td valign=\"top\" width=\"415\"><\/td>\n<\/tr>\n<tr>\n<td valign=\"top\" width=\"415\"><\/td>\n<\/tr>\n<tr>\n<td valign=\"top\" width=\"415\"><\/td>\n<\/tr>\n<\/tbody>\n<\/table>\n<\/div>\n<p><strong>Os estudantes menores de 18 anos de idade que participar\u00e3o da entrevista ter\u00e3o a obrigatoriedade de vir acompanhados dos pais ou respons\u00e1veis.<\/strong><\/p>\n<p>&nbsp;<\/p>\n<p align=\"center\"><strong>RELA\u00c7\u00c3O DOS ALUNOS PARA ENTREVISTA DA POL\u00cdTICA DE ASSIST\u00caNCIA ESTUDANTIL<\/strong><\/p>\n<p>&nbsp;<\/p>\n<p align=\"center\"><strong>AUXILIO TRANSPORTES\u00a0\u00a0\u00a0\u00a0\u00a0\u00a0\u00a0 \u00a0\u00a0\u00a0\u00a0\u00a0\u00a0\u00a0\u00a0\u00a0\u00a0\u00a0\u00a0\u00a0\u00a0\u00a0ENTREVISTA DIA: 18\/09\/2012<\/strong><\/p>\n<p align=\"center\"><strong>\u00a0\u00a0\u00a0\u00a0\u00a0\u00a0\u00a0\u00a0\u00a0\u00a0\u00a0\u00a0\u00a0\u00a0\u00a0\u00a0\u00a0\u00a0\u00a0\u00a0\u00a0\u00a0\u00a0 \u00a0\u00a0\u00a0\u00a0\u00a0\u00a0\u00a0\u00a0\u00a0\u00a0\u00a0\u00a0\u00a0\u00a0\u00a0\u00a0\u00a0\u00a0\u00a0\u00a0\u00a0HOR\u00c1RIO: 07:30H<\/strong><\/p>\n<p>&nbsp;<\/p>\n<p>&nbsp;<\/p>\n<div align=\"center\">\n<table border=\"1\" cellspacing=\"0\" cellpadding=\"0\">\n<tbody>\n<tr>\n<td valign=\"top\" width=\"355\">\n<ol>\n<li>GEOVALDO BARRETO CORREIA J\u00daNIOR<\/li>\n<li>N\u00daBIA DAMASCENO SILVA<\/li>\n<li>TAILANE QUERCIA DE JESUS SANTOS<\/li>\n<li>SIDNEI CLEMENTE DOS SANTOS<\/li>\n<li>GABRIELA MORAIS ALVES DOS SANTOS<\/li>\n<li>LUAN PORTELA FERNANDES<\/li>\n<li>BARB\u00c1RA DA SILVA RIBEIRO<\/li>\n<li>CARLOS ANTONIO SILVA DE SOUZA<\/li>\n<li>ADILSON DOS SANTOS P. J\u00daNIOR<\/li>\n<li>LOIANE SANTOS DA SILVA<\/li>\n<li>TAMILES SOARES VIEIRA<\/li>\n<li>INGRID NASCIMENTO VIEIRA<\/li>\n<li>ANDERSON ROSA DOS SANTOS<\/li>\n<li>ANANDA DOS SANTOS NEVES<\/li>\n<li>WESLEI SOUZA MIRANDA<\/li>\n<li>ESGLI SOUZA MIRANDA<\/li>\n<li>WILLIAM FIDEL DE QUADROS SANTOS<\/li>\n<li>SAMUEL DE JESUS OLIVEIRA<\/li>\n<li>LU SENHORINHA DE ALMEIDA ANDRADE<\/li>\n<li>M\u00c1RCIO MONTEIRO NASCIMENTO<\/li>\n<li>VALDERLANE CARDOSO DE JESUS<\/li>\n<li>ADRIELE SILVA E SILVA<\/li>\n<li>ANA FL\u00c1VIA DOS SANTOS SILVA<\/li>\n<li>BRENDA FERREIRA V. DOS SANTOS<\/li>\n<li>LA\u00cdSE DE ARRUDA SANTOS<\/li>\n<li>JEAN PEREIRA ANUNCIA\u00c7\u00c3O<\/li>\n<li>RAMON BURITI MOTA DA SILVA<\/li>\n<li>WANDERSOSN SANTANA SANTOS<\/li>\n<li>RODRIGO GOMES DOS SANTOS<\/li>\n<li>UISALANE SILVA PEIXOTO<\/li>\n<li>MARIANA REIS RIBEIRO<\/li>\n<\/ol>\n<\/td>\n<\/tr>\n<tr>\n<td valign=\"top\" width=\"355\"><\/td>\n<\/tr>\n<tr>\n<td valign=\"top\" width=\"355\"><\/td>\n<\/tr>\n<tr>\n<td valign=\"top\" width=\"355\"><\/td>\n<\/tr>\n<tr>\n<td valign=\"top\" width=\"355\"><\/td>\n<\/tr>\n<tr>\n<td valign=\"top\" width=\"355\"><\/td>\n<\/tr>\n<tr>\n<td valign=\"top\" width=\"355\"><\/td>\n<\/tr>\n<tr>\n<td valign=\"top\" width=\"355\"><\/td>\n<\/tr>\n<tr>\n<td valign=\"top\" width=\"355\"><\/td>\n<\/tr>\n<tr>\n<td valign=\"top\" width=\"355\"><\/td>\n<\/tr>\n<tr>\n<td valign=\"top\" width=\"355\"><\/td>\n<\/tr>\n<tr>\n<td valign=\"top\" width=\"355\"><\/td>\n<\/tr>\n<tr>\n<td valign=\"top\" width=\"355\"><\/td>\n<\/tr>\n<tr>\n<td valign=\"top\" width=\"355\"><\/td>\n<\/tr>\n<tr>\n<td valign=\"top\" width=\"355\"><\/td>\n<\/tr>\n<tr>\n<td valign=\"top\" width=\"355\"><\/td>\n<\/tr>\n<tr>\n<td valign=\"top\" width=\"355\"><\/td>\n<\/tr>\n<tr>\n<td valign=\"top\" width=\"355\"><\/td>\n<\/tr>\n<tr>\n<td valign=\"top\" width=\"355\"><\/td>\n<\/tr>\n<tr>\n<td valign=\"top\" width=\"355\"><\/td>\n<\/tr>\n<tr>\n<td valign=\"top\" width=\"355\"><\/td>\n<\/tr>\n<tr>\n<td valign=\"top\" width=\"355\"><\/td>\n<\/tr>\n<tr>\n<td valign=\"top\" width=\"355\"><\/td>\n<\/tr>\n<tr>\n<td valign=\"top\" width=\"355\"><\/td>\n<\/tr>\n<tr>\n<td valign=\"top\" width=\"355\"><\/td>\n<\/tr>\n<tr>\n<td valign=\"top\" width=\"355\"><\/td>\n<\/tr>\n<tr>\n<td valign=\"top\" width=\"355\"><\/td>\n<\/tr>\n<tr>\n<td valign=\"top\" width=\"355\"><\/td>\n<\/tr>\n<tr>\n<td valign=\"top\" width=\"355\"><\/td>\n<\/tr>\n<tr>\n<td valign=\"top\" width=\"355\"><\/td>\n<\/tr>\n<tr>\n<td valign=\"top\" width=\"355\"><\/td>\n<\/tr>\n<\/tbody>\n<\/table>\n<\/div>\n<p>&nbsp;<\/p>\n<p><strong>Os estudantes menores de 18 anos de idade que participar\u00e3o da entrevista ter\u00e3o a obrigatoriedade de vir acompanhados dos pais ou respons\u00e1veis.<\/strong><\/p>\n<p>&nbsp;<\/p>\n<p>&nbsp;<\/p>\n<p><strong>RELA\u00c7\u00c3O DOS ALUNOS PARA ENTREVISTA DA POL\u00cdTICA DE ASSIST\u00caNCIA ESTUDANTIL<\/strong><\/p>\n<p>&nbsp;<\/p>\n<p align=\"center\"><strong>AUXILIO TRANSPORTES\u00a0\u00a0\u00a0\u00a0\u00a0\u00a0\u00a0 \u00a0\u00a0\u00a0\u00a0\u00a0\u00a0\u00a0\u00a0\u00a0\u00a0\u00a0\u00a0\u00a0\u00a0\u00a0ENTREVISTA DIA: 18\/09\/2012<\/strong><\/p>\n<p align=\"center\"><strong>\u00a0\u00a0\u00a0 \u00a0\u00a0\u00a0\u00a0\u00a0\u00a0\u00a0\u00a0\u00a0\u00a0\u00a0\u00a0\u00a0\u00a0\u00a0\u00a0\u00a0\u00a0\u00a0\u00a0\u00a0\u00a0\u00a0\u00a0\u00a0\u00a0\u00a0\u00a0\u00a0\u00a0\u00a0\u00a0\u00a0\u00a0\u00a0\u00a0\u00a0\u00a0\u00a0\u00a0\u00a0HOR\u00c1RIO: 13:00H<\/strong><\/p>\n<p>&nbsp;<\/p>\n<div align=\"center\">\n<table border=\"1\" cellspacing=\"0\" cellpadding=\"0\">\n<tbody>\n<tr>\n<td valign=\"top\" width=\"414\">\n<ol>\n<li>AMANDA GABRIELLY SANTANA SILVA<\/li>\n<li><strong>2.\u00a0\u00a0\u00a0 <\/strong><strong>ANGELO MARIO DA SILVA RABELO<\/strong><\/li>\n<li>CAMILLY THAYS DE SOUSA<\/li>\n<li>DAVI REIS RIBEIRO<\/li>\n<li>EDEILSON DE JESUS SANTOS<\/li>\n<li>ELIENE DE JEUSUS<\/li>\n<li>GENILSON FERREIRA C. SANTOS<\/li>\n<li>GILVANDO CONCEI\u00c7\u00c3O DA SILVA<\/li>\n<li>HELIO JUVENAL DOS SANTOS JUNIOR &#8211;<\/li>\n<li>IGOR ANDRADE OLIVEIRA<\/li>\n<li>INARA SALES COSTA<\/li>\n<li>INGREDY PITON BARRETO<\/li>\n<li>IVONEIDE DE JESUS SANTOS<\/li>\n<li>JEAN BATISTA SARAIVA<\/li>\n<li>JOCELMA MATOS SALES<\/li>\n<li>LARISSA GRASIELLE NORONHA OLIVEIRA<\/li>\n<li>LEIDIANA SILVA SANTOS<\/li>\n<li>MARCIO FERREIRA DA SILVA<\/li>\n<li>MARIA CRISTINA DA SILVA SANTOS<\/li>\n<li>MARIA ELIS\u00c2NGELA SANTOS DA SILVA<\/li>\n<li>MARIELE OLIVEIRA SANTANA<\/li>\n<li>MARISA CELEMENTINO SANTIAGO<\/li>\n<li>NEILANE SILVA DE SOUSA<\/li>\n<li>NOECIA MARINHO DA SILVA SANTOS<\/li>\n<li>REBECA LA\u00cdS ROCHA SUZART<\/li>\n<li>TAILANA ADRYELI FERREIRA ROCHA<\/li>\n<li>TAMILES SOUZA OLIVEIRA<\/li>\n<li>THAILANE SANTOS DA SILVA<\/li>\n<li>THAINAN SIPRIANO DOS SANTOS<\/li>\n<li>UBALDO NAILTON SANTOS RAMOS<\/li>\n<li>VANUSA DOS SANTOS PEIXOTO<\/li>\n<li>VIN\u00cdCIUS SANTOS DE SOUZA<\/li>\n<li>WIHNY PIVA NUNES<\/li>\n<li>W\u00caMIA SOUZA DE ALMEIDA<\/li>\n<li>GEOVANE DE JESUS SANTOS<\/li>\n<\/ol>\n<\/td>\n<\/tr>\n<tr>\n<td valign=\"top\" width=\"414\"><\/td>\n<\/tr>\n<tr>\n<td valign=\"top\" width=\"414\"><\/td>\n<\/tr>\n<tr>\n<td valign=\"top\" width=\"414\"><\/td>\n<\/tr>\n<tr>\n<td valign=\"top\" width=\"414\"><\/td>\n<\/tr>\n<tr>\n<td valign=\"top\" width=\"414\"><\/td>\n<\/tr>\n<tr>\n<td valign=\"top\" width=\"414\"><\/td>\n<\/tr>\n<tr>\n<td valign=\"top\" width=\"414\"><\/td>\n<\/tr>\n<tr>\n<td valign=\"top\" width=\"414\"><\/td>\n<\/tr>\n<tr>\n<td valign=\"top\" width=\"414\"><\/td>\n<\/tr>\n<tr>\n<td valign=\"top\" width=\"414\"><\/td>\n<\/tr>\n<tr>\n<td valign=\"top\" width=\"414\"><\/td>\n<\/tr>\n<tr>\n<td valign=\"top\" width=\"414\"><\/td>\n<\/tr>\n<tr>\n<td valign=\"top\" width=\"414\"><\/td>\n<\/tr>\n<tr>\n<td valign=\"top\" width=\"414\"><\/td>\n<\/tr>\n<tr>\n<td valign=\"top\" width=\"414\"><\/td>\n<\/tr>\n<tr>\n<td valign=\"top\" width=\"414\"><\/td>\n<\/tr>\n<tr>\n<td valign=\"top\" width=\"414\"><\/td>\n<\/tr>\n<tr>\n<td valign=\"top\" width=\"414\"><\/td>\n<\/tr>\n<tr>\n<td valign=\"top\" width=\"414\"><\/td>\n<\/tr>\n<tr>\n<td valign=\"top\" width=\"414\"><\/td>\n<\/tr>\n<tr>\n<td valign=\"top\" width=\"414\"><\/td>\n<\/tr>\n<tr>\n<td valign=\"top\" width=\"414\"><\/td>\n<\/tr>\n<tr>\n<td valign=\"top\" width=\"414\"><\/td>\n<\/tr>\n<tr>\n<td valign=\"top\" width=\"414\"><\/td>\n<\/tr>\n<tr>\n<td valign=\"top\" width=\"414\"><\/td>\n<\/tr>\n<tr>\n<td valign=\"top\" width=\"414\"><\/td>\n<\/tr>\n<tr>\n<td valign=\"top\" width=\"414\"><\/td>\n<\/tr>\n<tr>\n<td valign=\"top\" width=\"414\"><\/td>\n<\/tr>\n<tr>\n<td valign=\"top\" width=\"414\"><\/td>\n<\/tr>\n<tr>\n<td valign=\"top\" width=\"414\"><\/td>\n<\/tr>\n<tr>\n<td valign=\"top\" width=\"414\"><\/td>\n<\/tr>\n<tr>\n<td valign=\"top\" width=\"414\"><\/td>\n<\/tr>\n<tr>\n<td valign=\"top\" width=\"414\"><\/td>\n<\/tr>\n<tr>\n<td valign=\"top\" width=\"414\"><\/td>\n<\/tr>\n<\/tbody>\n<\/table>\n<\/div>\n<p><strong>\u00a0<\/strong><\/p>\n<p><strong>Os estudantes menores de 18 anos de idade que participar\u00e3o da entrevista ter\u00e3o a obrigatoriedade de vir acompanhados dos pais ou respons\u00e1veis.<\/strong><strong><br \/>\n<\/strong><\/p>\n<p align=\"center\"><strong>RELA\u00c7\u00c3O DOS ALUNOS PARA ENTREVISTA DA POL\u00cdTICA DE ASSIST\u00caNCIA ESTUDANTIL<\/strong><\/p>\n<p>&nbsp;<\/p>\n<p align=\"center\"><strong>AUXILIO MORADIA\u00a0\u00a0\u00a0\u00a0\u00a0\u00a0\u00a0\u00a0 \u00a0\u00a0\u00a0\u00a0\u00a0\u00a0\u00a0\u00a0\u00a0\u00a0\u00a0\u00a0\u00a0\u00a0ENTREVISTA DIA: 19\/09\/2012<\/strong><\/p>\n<p align=\"center\"><strong>\u00a0\u00a0\u00a0\u00a0\u00a0\u00a0\u00a0\u00a0\u00a0\u00a0\u00a0\u00a0\u00a0\u00a0\u00a0\u00a0\u00a0\u00a0\u00a0\u00a0 \u00a0\u00a0\u00a0\u00a0\u00a0\u00a0\u00a0\u00a0\u00a0\u00a0\u00a0\u00a0\u00a0\u00a0\u00a0\u00a0\u00a0\u00a0\u00a0\u00a0\u00a0HOR\u00c1RIO: 07:30<\/strong><\/p>\n<p><strong>\u00a0<\/strong><\/p>\n<p>&nbsp;<\/p>\n<div align=\"center\">\n<table border=\"1\" cellspacing=\"0\" cellpadding=\"0\">\n<tbody>\n<tr>\n<td valign=\"top\" width=\"372\">\n<ol>\n<li>CAIO FELIPE FERREIRA SILVA<\/li>\n<li>CAIO FRAN\u00c7A DOS SANTOS<\/li>\n<li>CAROLINE ARAG\u00c3O DE OLIVEIRA<\/li>\n<li>CAROLINE LAGO BRAND\u00c3O<\/li>\n<li>CRISL\u00c2NDIA SANTOS MONTEIRO<\/li>\n<li>DANIELA DOS SANTOS SOUZA<\/li>\n<li>DEICYLENE DA SILVA NUNES<\/li>\n<li>ELISM\u00d4NICA SEIXAS DOURADO FALC\u00c3O<\/li>\n<li>GIVANILDO DE JESUS DOS SANTOS<\/li>\n<li>JONATAS RAMOS DOS SANTOS E SANTOS<\/li>\n<li>KAIQUE NOVAES DE SOUZA<\/li>\n<li>KAROL DOS SANTOS NOVAES<\/li>\n<li>KAROLINE CARDOSO SANTANA<\/li>\n<li>KRYCIA RAIANE DOS SANTOS<\/li>\n<li>LA\u00cdSE ABADE DE ALMEIDA<\/li>\n<li>LETICIA BATISTA LIBERATO<\/li>\n<li>L\u00cdS LORENA MEL\u00daCIO GUEDES<\/li>\n<li>LUARA PORTELA FERNANDES<\/li>\n<li>MARILIA LIMA DE SOUZA<\/li>\n<li>MAYANA NARDE SOUZA<\/li>\n<li>MOARA MOURA GALV\u00c3O<\/li>\n<li>NORTHON DUARTE DA SILVA<\/li>\n<li>PALOMA SANTOS DA HORA<\/li>\n<li>PATRYCK HUED MATOS BRITTO<\/li>\n<li>RAQUEL DA PAIX\u00c3O COSTA<\/li>\n<li>SANDRO ROSALVO MIRANDA OLIVEIRA<\/li>\n<li>STEPHANY ALVES DOS SANTOS<\/li>\n<li>THAIANE GORDIANO DIAS<\/li>\n<li>VANIELLE PEREIRA PAIX\u00c3O<\/li>\n<li>WANDERSON AMORIM DOS SANTOS<\/li>\n<\/ol>\n<\/td>\n<\/tr>\n<tr>\n<td valign=\"top\" width=\"372\"><\/td>\n<\/tr>\n<tr>\n<td valign=\"top\" width=\"372\"><\/td>\n<\/tr>\n<tr>\n<td valign=\"top\" width=\"372\"><\/td>\n<\/tr>\n<tr>\n<td valign=\"top\" width=\"372\"><\/td>\n<\/tr>\n<tr>\n<td valign=\"top\" width=\"372\"><\/td>\n<\/tr>\n<tr>\n<td valign=\"top\" width=\"372\"><\/td>\n<\/tr>\n<tr>\n<td valign=\"top\" width=\"372\"><\/td>\n<\/tr>\n<tr>\n<td valign=\"top\" width=\"372\"><\/td>\n<\/tr>\n<tr>\n<td valign=\"top\" width=\"372\"><\/td>\n<\/tr>\n<tr>\n<td valign=\"top\" width=\"372\"><\/td>\n<\/tr>\n<tr>\n<td valign=\"top\" width=\"372\"><\/td>\n<\/tr>\n<tr>\n<td valign=\"top\" width=\"372\"><\/td>\n<\/tr>\n<tr>\n<td valign=\"top\" width=\"372\"><\/td>\n<\/tr>\n<tr>\n<td valign=\"top\" width=\"372\"><\/td>\n<\/tr>\n<tr>\n<td valign=\"top\" width=\"372\"><\/td>\n<\/tr>\n<tr>\n<td valign=\"top\" width=\"372\"><\/td>\n<\/tr>\n<tr>\n<td valign=\"top\" width=\"372\"><\/td>\n<\/tr>\n<tr>\n<td valign=\"top\" width=\"372\"><\/td>\n<\/tr>\n<tr>\n<td valign=\"top\" width=\"372\"><\/td>\n<\/tr>\n<tr>\n<td valign=\"top\" width=\"372\"><\/td>\n<\/tr>\n<tr>\n<td valign=\"top\" width=\"372\"><\/td>\n<\/tr>\n<tr>\n<td valign=\"top\" width=\"372\"><\/td>\n<\/tr>\n<tr>\n<td valign=\"top\" width=\"372\"><\/td>\n<\/tr>\n<tr>\n<td valign=\"top\" width=\"372\"><\/td>\n<\/tr>\n<tr>\n<td valign=\"top\" width=\"372\"><\/td>\n<\/tr>\n<tr>\n<td valign=\"top\" width=\"372\"><\/td>\n<\/tr>\n<tr>\n<td valign=\"top\" width=\"372\"><\/td>\n<\/tr>\n<tr>\n<td valign=\"top\" width=\"372\"><\/td>\n<\/tr>\n<tr>\n<td valign=\"top\" width=\"372\"><\/td>\n<\/tr>\n<\/tbody>\n<\/table>\n<\/div>\n<p>&nbsp;<\/p>\n<p><strong>Os estudantes menores de 18 anos de idade que participar\u00e3o da entrevista ter\u00e3o a obrigatoriedade de vir acompanhados dos pais ou respons\u00e1veis.<\/strong><\/p>\n<p><strong>\u00a0<\/strong><\/p>\n<p><strong>\u00a0<\/strong><\/p>\n<p align=\"center\"><strong>RELA\u00c7\u00c3O DOS ALUNOS PARA ENTREVISTA DA POL\u00cdTICA DE ASSIST\u00caNCIA ESTUDANTIL<\/strong><\/p>\n<p>&nbsp;<\/p>\n<p align=\"center\"><strong>AUXILIO MORADIA\u00a0\u00a0\u00a0\u00a0\u00a0\u00a0\u00a0\u00a0 \u00a0\u00a0\u00a0\u00a0\u00a0\u00a0\u00a0\u00a0\u00a0\u00a0\u00a0\u00a0\u00a0\u00a0ENTREVISTA DIA: 19\/09\/2012<\/strong><\/p>\n<p align=\"center\"><strong>\u00a0\u00a0\u00a0\u00a0\u00a0\u00a0\u00a0\u00a0\u00a0\u00a0\u00a0\u00a0\u00a0\u00a0\u00a0\u00a0\u00a0\u00a0\u00a0\u00a0\u00a0\u00a0\u00a0\u00a0\u00a0\u00a0\u00a0\u00a0\u00a0\u00a0\u00a0\u00a0 HOR\u00c1RIO: 13:00<\/strong><\/p>\n<p><strong>\u00a0<\/strong><\/p>\n<div align=\"center\">\n<table border=\"1\" cellspacing=\"0\" cellpadding=\"0\">\n<tbody>\n<tr>\n<td valign=\"top\" width=\"372\">\n<ol>\n<li>BENEDITO RIOS DE OLIVEIRA<\/li>\n<li>BRUNO ANDR\u00c9 LOPES BAHIA<\/li>\n<li>CAILA DE SOUZA SANTOS<\/li>\n<li>CARINE DOS SANTOS SOUZA<\/li>\n<li>DIANA DE JESUS COSTA<\/li>\n<li>EMANUELLE ROCHA DA PURIFICA\u00c7\u00c3O<\/li>\n<li>FAB\u00cdOLA SANTOS ALMEIDA<\/li>\n<li>FERNANDA GAMA CERQUEIRA<\/li>\n<li>HAILA SANTOS DOS ANJOS<\/li>\n<li>K\u00c9SIA SANTOS LEITE<\/li>\n<li>LARISSA DA CRUZ DOS SANTOS<\/li>\n<li>LINA BARB\u00c1RA SANTOS BRITO<\/li>\n<li>LUIZ FERNANDO SILVA SANTOS<\/li>\n<li>LUIZ M\u00c1RIO DA MOTA CO\u00caLHO<\/li>\n<li>MARIA APARECIDA MOTA DOS SANTOS<\/li>\n<li>MARTA TAINARA SOUZA DE ALMEIDA<\/li>\n<li>MONICA S. FONTES SANTOS<\/li>\n<li>NALBERT SILVA DOS SANTOS<\/li>\n<li>OSMAR SOUZA ALVES<\/li>\n<li>PRISCILLA CARVALHO MUNIZ<\/li>\n<li>ROSEANE DOS SANTOS GAMA<\/li>\n<li>S\u00c2NDILA BARBOSA ROCHA<\/li>\n<li>SIMONE PEREIRA DE SOUZA<\/li>\n<li>THAINARA FIDELIS DOS SANTOS<\/li>\n<li>UILMA SANTOS DE SOUZA<\/li>\n<li>J\u00c9SSICA MOURATO DA SILVA<\/li>\n<\/ol>\n<\/td>\n<\/tr>\n<tr>\n<td valign=\"top\" width=\"372\"><\/td>\n<\/tr>\n<tr>\n<td valign=\"top\" width=\"372\"><\/td>\n<\/tr>\n<tr>\n<td valign=\"top\" width=\"372\"><\/td>\n<\/tr>\n<tr>\n<td valign=\"top\" width=\"372\"><\/td>\n<\/tr>\n<tr>\n<td valign=\"top\" width=\"372\"><\/td>\n<\/tr>\n<tr>\n<td valign=\"top\" width=\"372\"><\/td>\n<\/tr>\n<tr>\n<td valign=\"top\" width=\"372\"><\/td>\n<\/tr>\n<tr>\n<td valign=\"top\" width=\"372\"><\/td>\n<\/tr>\n<tr>\n<td valign=\"top\" width=\"372\"><\/td>\n<\/tr>\n<tr>\n<td valign=\"top\" width=\"372\"><\/td>\n<\/tr>\n<tr>\n<td valign=\"top\" width=\"372\"><\/td>\n<\/tr>\n<tr>\n<td valign=\"top\" width=\"372\"><\/td>\n<\/tr>\n<tr>\n<td valign=\"top\" width=\"372\"><\/td>\n<\/tr>\n<tr>\n<td valign=\"top\" width=\"372\"><\/td>\n<\/tr>\n<tr>\n<td valign=\"top\" width=\"372\"><\/td>\n<\/tr>\n<tr>\n<td valign=\"top\" width=\"372\"><\/td>\n<\/tr>\n<tr>\n<td valign=\"top\" width=\"372\"><\/td>\n<\/tr>\n<tr>\n<td valign=\"top\" width=\"372\"><\/td>\n<\/tr>\n<tr>\n<td valign=\"top\" width=\"372\"><\/td>\n<\/tr>\n<tr>\n<td valign=\"top\" width=\"372\"><\/td>\n<\/tr>\n<tr>\n<td valign=\"top\" width=\"372\"><\/td>\n<\/tr>\n<tr>\n<td valign=\"top\" width=\"372\"><\/td>\n<\/tr>\n<tr>\n<td valign=\"top\" width=\"372\"><\/td>\n<\/tr>\n<tr>\n<td valign=\"top\" width=\"372\"><\/td>\n<\/tr>\n<tr>\n<td valign=\"top\" width=\"372\"><\/td>\n<\/tr>\n<\/tbody>\n<\/table>\n<\/div>\n<p><strong>\u00a0<\/strong><\/p>\n<p><strong>Os estudantes menores de 18 anos de idade que participar\u00e3o da entrevista ter\u00e3o a obrigatoriedade de vir acompanhados dos pais ou respons\u00e1veis.<\/strong><\/p>\n<p><strong>\u00a0<\/strong><\/p>\n<p><strong><br \/>\n<\/strong><\/p>\n<p><strong>\u00a0<\/strong><\/p>\n<p align=\"center\"><strong>RELA\u00c7\u00c3O DOS ALUNOS PARA ENTREVISTA DA POL\u00cdTICA DE ASSIST\u00caNCIA ESTUDANTIL<\/strong><\/p>\n<p>&nbsp;<\/p>\n<p align=\"center\"><strong>AUXILIO ALIMENTA\u00c7\u00c3O\u00a0\u00a0\u00a0\u00a0\u00a0\u00a0\u00a0\u00a0 \u00a0\u00a0\u00a0\u00a0\u00a0\u00a0\u00a0\u00a0\u00a0\u00a0\u00a0\u00a0\u00a0\u00a0ENTREVISTA DIA: 20\/09\/2012<\/strong><\/p>\n<p align=\"center\"><strong>\u00a0\u00a0\u00a0\u00a0\u00a0\u00a0\u00a0\u00a0\u00a0\u00a0\u00a0\u00a0\u00a0\u00a0\u00a0\u00a0\u00a0\u00a0\u00a0\u00a0 \u00a0\u00a0\u00a0\u00a0\u00a0\u00a0\u00a0\u00a0\u00a0\u00a0\u00a0\u00a0\u00a0\u00a0\u00a0\u00a0\u00a0\u00a0\u00a0\u00a0\u00a0HOR\u00c1RIO: 07:30 h<\/strong><\/p>\n<p>&nbsp;<\/p>\n<div align=\"center\">\n<table border=\"1\" cellspacing=\"0\" cellpadding=\"0\">\n<tbody>\n<tr>\n<td valign=\"top\" width=\"391\">\n<ol>\n<li>ADRIENE SANTOS TEIXEIRA<\/li>\n<li>AILANA FONTANA RIBAS<\/li>\n<li>ALANA BATISTA SILVA<\/li>\n<li>ANA ANG\u00c9LICA OLIVEIRA SANTOS<\/li>\n<li>CLAUDIANA RIBEIRO DOS SANTOS<\/li>\n<li>CLAUDIANE RIBEIRO DOS SANTOS<\/li>\n<li>CLARA DANIELLE SANTOS DE SANTANA<\/li>\n<li>DANIELE DE SOUZA TEIXEIRA<\/li>\n<li>DEILMA OLIVEIRA BARBOSA<\/li>\n<li>EMILY NASCIMENTO DOS SANTOS<\/li>\n<li>ERICA OLIVEIRA SANTANA<\/li>\n<li>FERNANDA DOS SANTOS EVANGELISTA<\/li>\n<li>GABRIELA COSTA DE SOUZA<\/li>\n<li>GISLAINE MORAIS DE JESUS<\/li>\n<li>JOANISON VICENTE DOS SANTOS TEIXEIRA<\/li>\n<li>JUCILENE SANTOS DE SOUZA<\/li>\n<li>KEYLA TA\u00cdS SARDINHA PASSOS<\/li>\n<li>LET\u00cdCIA SANTOS DA CRUZ<\/li>\n<li>LUCAS SANTOS DA CRUZ<\/li>\n<li>LUCIANA BARBOSA SANTANA<\/li>\n<li>LU\u00cdS AFONSO CRUZ DOS SANTOS<\/li>\n<li>MARIA TAIN\u00c1 SILVA DE SOUZA<\/li>\n<li>NOELITA MARQUES DA SILVA<\/li>\n<li>PATR\u00cdCIA DOS SANTOS\u00a0 PEREIRA<\/li>\n<li>RITIELLE DOS SANTOS S\u00c1TIRO<\/li>\n<li>ROGER VINICIUS SANTOS B. DOS ANJOS<\/li>\n<li>SAMANTA DOS SANTOS DE JESUS<\/li>\n<li>SILVANA BARBOSA DE SANTANA<\/li>\n<li>TARSSIA MANGABEIRA DA HORA<\/li>\n<li>VALD\u00c9LIA SILVA DOS SANTOS<\/li>\n<li>VICTOR ANDRADE DOS SANTOS<\/li>\n<li>VIRGINIA ALMEIDA DOS SANTOS<\/li>\n<li>WESLEY COSTA DOS REIS<\/li>\n<\/ol>\n<\/td>\n<\/tr>\n<tr>\n<td valign=\"top\" width=\"391\"><\/td>\n<\/tr>\n<tr>\n<td valign=\"top\" width=\"391\"><\/td>\n<\/tr>\n<tr>\n<td valign=\"top\" width=\"391\"><\/td>\n<\/tr>\n<tr>\n<td valign=\"top\" width=\"391\"><\/td>\n<\/tr>\n<tr>\n<td valign=\"top\" width=\"391\"><\/td>\n<\/tr>\n<tr>\n<td valign=\"top\" width=\"391\"><\/td>\n<\/tr>\n<tr>\n<td valign=\"top\" width=\"391\"><\/td>\n<\/tr>\n<tr>\n<td valign=\"top\" width=\"391\"><\/td>\n<\/tr>\n<tr>\n<td valign=\"top\" width=\"391\"><\/td>\n<\/tr>\n<tr>\n<td valign=\"top\" width=\"391\"><\/td>\n<\/tr>\n<tr>\n<td valign=\"top\" width=\"391\"><\/td>\n<\/tr>\n<tr>\n<td valign=\"top\" width=\"391\"><\/td>\n<\/tr>\n<tr>\n<td valign=\"top\" width=\"391\"><\/td>\n<\/tr>\n<tr>\n<td valign=\"top\" width=\"391\"><\/td>\n<\/tr>\n<tr>\n<td valign=\"top\" width=\"391\"><\/td>\n<\/tr>\n<tr>\n<td valign=\"top\" width=\"391\"><\/td>\n<\/tr>\n<tr>\n<td valign=\"top\" width=\"391\"><\/td>\n<\/tr>\n<tr>\n<td valign=\"top\" width=\"391\"><\/td>\n<\/tr>\n<tr>\n<td valign=\"top\" width=\"391\"><\/td>\n<\/tr>\n<tr>\n<td valign=\"top\" width=\"391\"><\/td>\n<\/tr>\n<tr>\n<td valign=\"top\" width=\"391\"><\/td>\n<\/tr>\n<tr>\n<td valign=\"top\" width=\"391\"><\/td>\n<\/tr>\n<tr>\n<td valign=\"top\" width=\"391\"><\/td>\n<\/tr>\n<tr>\n<td valign=\"top\" width=\"391\"><\/td>\n<\/tr>\n<tr>\n<td valign=\"top\" width=\"391\"><\/td>\n<\/tr>\n<tr>\n<td valign=\"top\" width=\"391\"><\/td>\n<\/tr>\n<tr>\n<td valign=\"top\" width=\"391\"><\/td>\n<\/tr>\n<tr>\n<td valign=\"top\" width=\"391\"><\/td>\n<\/tr>\n<tr>\n<td valign=\"top\" width=\"391\"><\/td>\n<\/tr>\n<tr>\n<td valign=\"top\" width=\"391\"><\/td>\n<\/tr>\n<tr>\n<td valign=\"top\" width=\"391\"><\/td>\n<\/tr>\n<tr>\n<td valign=\"top\" width=\"391\"><\/td>\n<\/tr>\n<\/tbody>\n<\/table>\n<\/div>\n<p><strong>\u00a0<\/strong><\/p>\n<p><strong>Os estudantes menores de 18 anos de idade que participar\u00e3o da entrevista ter\u00e3o a obrigatoriedade de vir acompanhados dos pais ou respons\u00e1veis.<\/strong><\/p>\n<p><strong><br \/>\n<\/strong><\/p>\n<p><strong>\u00a0<\/strong><\/p>\n<p align=\"center\"><strong>RELA\u00c7\u00c3O DOS ALUNOS PARA ENTREVISTA DA POL\u00cdTICA DE ASSIST\u00caNCIA ESTUDANTIL<\/strong><\/p>\n<p><strong>\u00a0<\/strong><\/p>\n<p><strong>AUXILIO C\u00d3PIA E IMPRESS\u00c3O\/UNIFORME\u00a0\u00a0\u00a0\u00a0\u00a0\u00a0\u00a0\u00a0\u00a0\u00a0\u00a0\u00a0 <\/strong><\/p>\n<p align=\"center\"><strong>\u00a0\u00a0\u00a0\u00a0\u00a0\u00a0\u00a0\u00a0\u00a0\u00a0\u00a0\u00a0\u00a0\u00a0\u00a0\u00a0\u00a0\u00a0\u00a0\u00a0\u00a0\u00a0\u00a0\u00a0\u00a0\u00a0\u00a0\u00a0\u00a0\u00a0\u00a0\u00a0\u00a0\u00a0\u00a0\u00a0\u00a0\u00a0\u00a0\u00a0\u00a0\u00a0\u00a0\u00a0\u00a0\u00a0 <\/strong><\/p>\n<p align=\"center\"><strong>ENTREVISTA DIA: 20\/09\/2012<\/strong><\/p>\n<p align=\"center\"><strong>\u00a0\u00a0\u00a0\u00a0\u00a0\u00a0\u00a0\u00a0\u00a0\u00a0\u00a0\u00a0\u00a0\u00a0\u00a0\u00a0\u00a0\u00a0\u00a0\u00a0\u00a0\u00a0\u00a0\u00a0 \u00a0\u00a0\u00a0\u00a0\u00a0\u00a0\u00a0\u00a0\u00a0\u00a0\u00a0\u00a0\u00a0\u00a0\u00a0\u00a0\u00a0\u00a0\u00a0\u00a0\u00a0HOR\u00c1RIO: 13:00 h<\/strong><\/p>\n<table border=\"1\" cellspacing=\"0\" cellpadding=\"0\">\n<tbody>\n<tr>\n<td valign=\"top\" width=\"576\"><strong>\u00a0<\/strong>1. Elizia Oliveira Santana<\/td>\n<\/tr>\n<tr>\n<td valign=\"top\" width=\"576\">2. La\u00eds da Visita\u00e7\u00e3o de Souza<\/td>\n<\/tr>\n<tr>\n<td valign=\"top\" width=\"576\">3. G\u00e9rssica de Jesus Sampaio<\/td>\n<\/tr>\n<tr>\n<td valign=\"top\" width=\"576\">4. F\u00e1bio Alves dos Santos Lima<\/td>\n<\/tr>\n<tr>\n<td valign=\"top\" width=\"576\">5. Manoela Santos da Silva<\/td>\n<\/tr>\n<tr>\n<td valign=\"top\" width=\"576\">6. Adson de Oliveira Lima<\/td>\n<\/tr>\n<tr>\n<td valign=\"top\" width=\"576\">7. Kauana da Silva Wilmsen<\/td>\n<\/tr>\n<tr>\n<td valign=\"top\" width=\"576\">8. \u00c9rica Nascimento da Silva<\/td>\n<\/tr>\n<tr>\n<td valign=\"top\" width=\"576\">9. Gisele Bonfim Andrade Macedo<\/td>\n<\/tr>\n<tr>\n<td valign=\"top\" width=\"576\">10. Fl\u00e1via Constantini de Souza Almeida<\/td>\n<\/tr>\n<tr>\n<td valign=\"top\" width=\"576\">11. Carla da Silva Vieira<\/td>\n<\/tr>\n<tr>\n<td valign=\"top\" width=\"576\">12. Clebson da Silva Vieira<\/td>\n<\/tr>\n<tr>\n<td valign=\"top\" width=\"576\">13. Josileide Santos Ferreira<\/td>\n<\/tr>\n<tr>\n<td valign=\"top\" width=\"576\">14. M\u00e9rcia dos Santos Oliveira<\/td>\n<\/tr>\n<tr>\n<td valign=\"top\" width=\"576\">15. Carla dos Santos Mesquita<\/td>\n<\/tr>\n<tr>\n<td valign=\"top\" width=\"576\">16. Marcelo Souza Ara\u00fajo<\/td>\n<\/tr>\n<tr>\n<td valign=\"top\" width=\"576\">17. Hiago Oliveira de Souza<\/td>\n<\/tr>\n<tr>\n<td valign=\"top\" width=\"576\">18. Damiana Alves Ferreira<\/td>\n<\/tr>\n<tr>\n<td valign=\"top\" width=\"576\">19. M\u00e9rcia Alves Queiroz<\/td>\n<\/tr>\n<tr>\n<td valign=\"top\" width=\"576\">20. Jonas de Jesus Santos<\/td>\n<\/tr>\n<tr>\n<td valign=\"top\" width=\"576\">21. Robson dos Santos Gabriel<\/td>\n<\/tr>\n<tr>\n<td valign=\"top\" width=\"576\">22. S\u00f4nia Teixeira dos Santos<\/td>\n<\/tr>\n<tr>\n<td valign=\"top\" width=\"576\">23. Vanessa Souza Rotondano<\/td>\n<\/tr>\n<tr>\n<td valign=\"top\" width=\"576\">24. Lucio Cunha Oliveira<\/td>\n<\/tr>\n<tr>\n<td valign=\"top\" width=\"576\">25. Igor de Oliveira Gondim<\/td>\n<\/tr>\n<tr>\n<td valign=\"top\" width=\"576\">26. Rafaela da Silva Santos<\/td>\n<\/tr>\n<tr>\n<td valign=\"top\" width=\"576\">27. Pierre Emanuel de Freitas Gon\u00e7alves<\/td>\n<\/tr>\n<tr>\n<td valign=\"top\" width=\"576\">28. Emerson dos Santos Barbosa<\/td>\n<\/tr>\n<tr>\n<td valign=\"top\" width=\"576\">29. Camila Silva de Santana<\/td>\n<\/tr>\n<tr>\n<td valign=\"top\" width=\"576\">30. Larissa Souza de Oliveira<\/td>\n<\/tr>\n<\/tbody>\n<\/table>\n<p>&nbsp;<\/p>\n<p><strong>\u00a0<\/strong><\/p>\n<p><strong>Obs.: Os alunos que solicitaram c\u00f3pia e impress\u00e3o e\/ou uniforme em conjunto com outro aux\u00edlio (transporte, moradia e alimenta\u00e7\u00e3o), far\u00e1 entrevista conforme as respectivas datas divulgadas.<\/strong><\/p>\n<p align=\"center\"><strong>RELA\u00c7\u00c3O DOS ALUNOS PARA ENTREVISTA DA POL\u00cdTICA DE ASSIST\u00caNCIA ESTUDANTIL<\/strong><\/p>\n<p><strong>\u00a0<\/strong><\/p>\n<p><strong>\u00a0\u00a0\u00a0\u00a0\u00a0\u00a0\u00a0\u00a0\u00a0\u00a0\u00a0\u00a0 <\/strong><\/p>\n<p align=\"center\"><strong>\u00a0\u00a0\u00a0\u00a0\u00a0\u00a0\u00a0\u00a0\u00a0\u00a0\u00a0\u00a0\u00a0\u00a0\u00a0\u00a0\u00a0\u00a0\u00a0\u00a0\u00a0\u00a0\u00a0\u00a0\u00a0\u00a0\u00a0\u00a0\u00a0\u00a0\u00a0\u00a0\u00a0\u00a0\u00a0\u00a0\u00a0\u00a0\u00a0\u00a0\u00a0\u00a0\u00a0\u00a0\u00a0\u00a0 <\/strong><\/p>\n<p align=\"center\"><strong>ENTREVISTA DIA: 21\/09\/2012<\/strong><\/p>\n<p align=\"center\"><strong>\u00a0\u00a0\u00a0\u00a0\u00a0\u00a0\u00a0\u00a0\u00a0\u00a0\u00a0\u00a0\u00a0\u00a0\u00a0\u00a0\u00a0\u00a0\u00a0\u00a0\u00a0\u00a0\u00a0\u00a0\u00a0\u00a0\u00a0\u00a0\u00a0\u00a0\u00a0\u00a0\u00a0\u00a0\u00a0\u00a0\u00a0\u00a0\u00a0\u00a0\u00a0\u00a0\u00a0\u00a0\u00a0 HOR\u00c1RIO: 07:30 h<\/strong><\/p>\n<table border=\"1\" cellspacing=\"0\" cellpadding=\"0\">\n<tbody>\n<tr>\n<td valign=\"top\" width=\"576\">1-Andr\u00e9ia da Cruz Borges<\/td>\n<\/tr>\n<tr>\n<td valign=\"top\" width=\"576\">2-Daniel Rauedys Oliveira da Silva<\/td>\n<\/tr>\n<tr>\n<td valign=\"top\" width=\"576\">3-Geisa Ferreira da Silva<\/td>\n<\/tr>\n<tr>\n<td valign=\"top\" width=\"576\">4-Mariz\u00e9lia Oliveira da Silva<\/td>\n<\/tr>\n<tr>\n<td valign=\"top\" width=\"576\">5- Rosana Santos de Jesus<\/td>\n<\/tr>\n<tr>\n<td valign=\"top\" width=\"576\"><\/td>\n<\/tr>\n<tr>\n<td valign=\"top\" width=\"576\"><\/td>\n<\/tr>\n<tr>\n<td valign=\"top\" width=\"576\"><\/td>\n<\/tr>\n<tr>\n<td valign=\"top\" width=\"576\"><\/td>\n<\/tr>\n<tr>\n<td valign=\"top\" width=\"576\"><\/td>\n<\/tr>\n<tr>\n<td valign=\"top\" width=\"576\"><\/td>\n<\/tr>\n<tr>\n<td valign=\"top\" width=\"576\"><\/td>\n<\/tr>\n<tr>\n<td valign=\"top\" width=\"576\"><\/td>\n<\/tr>\n<tr>\n<td valign=\"top\" width=\"576\"><\/td>\n<\/tr>\n<tr>\n<td valign=\"top\" width=\"576\"><\/td>\n<\/tr>\n<tr>\n<td valign=\"top\" width=\"576\"><\/td>\n<\/tr>\n<tr>\n<td valign=\"top\" width=\"576\"><\/td>\n<\/tr>\n<tr>\n<td valign=\"top\" width=\"576\"><\/td>\n<\/tr>\n<tr>\n<td valign=\"top\" width=\"576\"><\/td>\n<\/tr>\n<tr>\n<td valign=\"top\" width=\"576\"><\/td>\n<\/tr>\n<tr>\n<td valign=\"top\" width=\"576\"><\/td>\n<\/tr>\n<tr>\n<td valign=\"top\" width=\"576\"><\/td>\n<\/tr>\n<tr>\n<td valign=\"top\" width=\"576\"><\/td>\n<\/tr>\n<tr>\n<td valign=\"top\" width=\"576\"><\/td>\n<\/tr>\n<tr>\n<td valign=\"top\" width=\"576\"><\/td>\n<\/tr>\n<tr>\n<td valign=\"top\" width=\"576\"><\/td>\n<\/tr>\n<tr>\n<td valign=\"top\" width=\"576\"><\/td>\n<\/tr>\n<tr>\n<td valign=\"top\" width=\"576\"><\/td>\n<\/tr>\n<tr>\n<td valign=\"top\" width=\"576\"><\/td>\n<\/tr>\n<tr>\n<td valign=\"top\" width=\"576\"><\/td>\n<\/tr>\n<\/tbody>\n<\/table>\n<p>&nbsp;<\/p>\n<p><strong>Os estudantes menores de 18 anos de idade que participar\u00e3o da entrevista ter\u00e3o a obrigatoriedade de vir acompanhados dos pais ou respons\u00e1veis.<\/strong><\/p>\n","protected":false},"excerpt":{"rendered":"<p>As entrevistas ser\u00e1 realizadas a partir do dia 17 de setembro.<\/p>\n","protected":false},"author":29,"featured_media":0,"comment_status":"closed","ping_status":"closed","sticky":false,"template":"","format":"standard","meta":[],"categories":[10],"tags":[],"_links":{"self":[{"href":"https:\/\/www.ifbaiano.edu.br\/unidades\/santaines\/wp-json\/wp\/v2\/posts\/2290"}],"collection":[{"href":"https:\/\/www.ifbaiano.edu.br\/unidades\/santaines\/wp-json\/wp\/v2\/posts"}],"about":[{"href":"https:\/\/www.ifbaiano.edu.br\/unidades\/santaines\/wp-json\/wp\/v2\/types\/post"}],"author":[{"embeddable":true,"href":"https:\/\/www.ifbaiano.edu.br\/unidades\/santaines\/wp-json\/wp\/v2\/users\/29"}],"replies":[{"embeddable":true,"href":"https:\/\/www.ifbaiano.edu.br\/unidades\/santaines\/wp-json\/wp\/v2\/comments?post=2290"}],"version-history":[{"count":8,"href":"https:\/\/www.ifbaiano.edu.br\/unidades\/santaines\/wp-json\/wp\/v2\/posts\/2290\/revisions"}],"predecessor-version":[{"id":2334,"href":"https:\/\/www.ifbaiano.edu.br\/unidades\/santaines\/wp-json\/wp\/v2\/posts\/2290\/revisions\/2334"}],"wp:attachment":[{"href":"https:\/\/www.ifbaiano.edu.br\/unidades\/santaines\/wp-json\/wp\/v2\/media?parent=2290"}],"wp:term":[{"taxonomy":"category","embeddable":true,"href":"https:\/\/www.ifbaiano.edu.br\/unidades\/santaines\/wp-json\/wp\/v2\/categories?post=2290"},{"taxonomy":"post_tag","embeddable":true,"href":"https:\/\/www.ifbaiano.edu.br\/unidades\/santaines\/wp-json\/wp\/v2\/tags?post=2290"}],"curies":[{"name":"wp","href":"https:\/\/api.w.org\/{rel}","templated":true}]}}