{"id":22907,"date":"2024-12-06T08:53:16","date_gmt":"2024-12-06T11:53:16","guid":{"rendered":"https:\/\/www.ifbaiano.edu.br\/unidades\/santaines\/?p=22907"},"modified":"2024-12-06T08:53:16","modified_gmt":"2024-12-06T11:53:16","slug":"if-baiano-realiza-autoavaliacao-institucional-2024","status":"publish","type":"post","link":"https:\/\/www.ifbaiano.edu.br\/unidades\/santaines\/if-baiano-realiza-autoavaliacao-institucional-2024\/","title":{"rendered":"IF Baiano realiza Autoavalia\u00e7\u00e3o Institucional 2024"},"content":{"rendered":"\n<p>A Comiss\u00e3o Pr\u00f3pria de Avalia\u00e7\u00e3o (CPA) do Instituto Federal Baiano (IF Baiano) est\u00e1 conduzindo a Autoavalia\u00e7\u00e3o Institucional 2024, com o objetivo de coletar contribui\u00e7\u00f5es da comunidade acad\u00eamica. A pesquisa est\u00e1 aberta at\u00e9 13 de dezembro e \u00e9 direcionada a discentes, docentes e t\u00e9cnicos administrativos dos&nbsp;<em>campi<\/em>&nbsp;Bom Jesus da Lapa, Catu, Guanambi, Itapetinga, Santa In\u00eas, Senhor do Bonfim, Serrinha, Teixeira de Freitas, Uru\u00e7uca e Valen\u00e7a.<\/p>\n\n\n\n<p>O question\u00e1rio pode ser acessado por meio do link&nbsp;<a href=\"https:\/\/opinanovo.ifbaiano.edu.br\/index.php\/834845\">https:\/\/opinanovo.ifbaiano.edu.br\/index.php\/834845<\/a>.&nbsp;<\/p>\n\n\n\n<p>O processo de autoavalia\u00e7\u00e3o \u00e9 regulamentado pela Lei n\u00ba 10.861\/2004, que institui o Sistema Nacional de Avalia\u00e7\u00e3o da Educa\u00e7\u00e3o Superior (SINAES). A iniciativa tem como objetivo atender \u00e0s exig\u00eancias legais, al\u00e9m de fornecer um panorama sobre os pontos fortes e fracos do IF Baiano, com base na percep\u00e7\u00e3o da comunidade acad\u00eamica.<\/p>\n\n\n\n<p>Em 2024, o question\u00e1rio avaliativo aborda eixos relacionados \u00e0 gest\u00e3o acad\u00eamica, infraestrutura e corpo docente e discente. Tamb\u00e9m ser\u00e3o avaliados aspectos relacionados \u00e0 miss\u00e3o institucional, ao Plano de Desenvolvimento Institucional (PDI), ao planejamento interno e \u00e0 responsabilidade social.<\/p>\n\n\n\n<p>De acordo com a professora Josimari Paschoaloto, coordenadora da CPA e docente do Campus Bom Jesus da Lapa, a autoavalia\u00e7\u00e3o permite conhecer melhor as realidades de cada campus e identificar estrat\u00e9gias de melhoria. \u201cO objetivo da autoavalia\u00e7\u00e3o interna \u00e9 o conhecimento sobre sua pr\u00f3pria realidade, buscando compreender as realidades dos&nbsp;<em>campi<\/em>, identificando os pontos fracos e fortes e as potencialidades, para assim, cada&nbsp;<em>campus<\/em>&nbsp;buscar estrat\u00e9gias de supera\u00e7\u00e3o dos problemas\u201d.<\/p>\n\n\n\n<p>Os dados coletados s\u00e3o essenciais n\u00e3o apenas para subsidiar melhorias internas, mas tamb\u00e9m para atender \u00e0s normativas do Minist\u00e9rio da Educa\u00e7\u00e3o, que exige avalia\u00e7\u00f5es positivas para o recredenciamento de cursos superiores e para a aprova\u00e7\u00e3o de novos cursos. A ampla participa\u00e7\u00e3o da comunidade acad\u00eamica \u00e9 fundamental para garantir um retrato fiel das condi\u00e7\u00f5es institucionais e promover o aprimoramento cont\u00ednuo dos servi\u00e7os prestados pelo IF Baiano.<\/p>\n\n\n\n<hr class=\"wp-block-separator has-alpha-channel-opacity\" \/>\n\n\n\n<p><\/p>\n","protected":false},"excerpt":{"rendered":"<p>Comunidade acad\u00eamica do IF Baiano pode enviar contribui\u00e7\u00f5es at\u00e9 13 de dezembro.<\/p>\n","protected":false},"author":86,"featured_media":22870,"comment_status":"closed","ping_status":"closed","sticky":false,"template":"","format":"standard","meta":[],"categories":[4,38,12,5,57],"tags":[],"_links":{"self":[{"href":"https:\/\/www.ifbaiano.edu.br\/unidades\/santaines\/wp-json\/wp\/v2\/posts\/22907"}],"collection":[{"href":"https:\/\/www.ifbaiano.edu.br\/unidades\/santaines\/wp-json\/wp\/v2\/posts"}],"about":[{"href":"https:\/\/www.ifbaiano.edu.br\/unidades\/santaines\/wp-json\/wp\/v2\/types\/post"}],"author":[{"embeddable":true,"href":"https:\/\/www.ifbaiano.edu.br\/unidades\/santaines\/wp-json\/wp\/v2\/users\/86"}],"replies":[{"embeddable":true,"href":"https:\/\/www.ifbaiano.edu.br\/unidades\/santaines\/wp-json\/wp\/v2\/comments?post=22907"}],"version-history":[{"count":1,"href":"https:\/\/www.ifbaiano.edu.br\/unidades\/santaines\/wp-json\/wp\/v2\/posts\/22907\/revisions"}],"predecessor-version":[{"id":22908,"href":"https:\/\/www.ifbaiano.edu.br\/unidades\/santaines\/wp-json\/wp\/v2\/posts\/22907\/revisions\/22908"}],"wp:featuredmedia":[{"embeddable":true,"href":"https:\/\/www.ifbaiano.edu.br\/unidades\/santaines\/wp-json\/wp\/v2\/media\/22870"}],"wp:attachment":[{"href":"https:\/\/www.ifbaiano.edu.br\/unidades\/santaines\/wp-json\/wp\/v2\/media?parent=22907"}],"wp:term":[{"taxonomy":"category","embeddable":true,"href":"https:\/\/www.ifbaiano.edu.br\/unidades\/santaines\/wp-json\/wp\/v2\/categories?post=22907"},{"taxonomy":"post_tag","embeddable":true,"href":"https:\/\/www.ifbaiano.edu.br\/unidades\/santaines\/wp-json\/wp\/v2\/tags?post=22907"}],"curies":[{"name":"wp","href":"https:\/\/api.w.org\/{rel}","templated":true}]}}