{"id":22942,"date":"2024-12-27T08:15:00","date_gmt":"2024-12-27T11:15:00","guid":{"rendered":"https:\/\/www.ifbaiano.edu.br\/unidades\/santaines\/?p=22942"},"modified":"2025-01-14T14:56:03","modified_gmt":"2025-01-14T17:56:03","slug":"campus-santa-ines-inicia-matriculas-de-candidatos-aprovados-para-cursos-tecnicos-integrados-em-2025","status":"publish","type":"post","link":"https:\/\/www.ifbaiano.edu.br\/unidades\/santaines\/campus-santa-ines-inicia-matriculas-de-candidatos-aprovados-para-cursos-tecnicos-integrados-em-2025\/","title":{"rendered":"Matr\u00edculas de candidatos aprovados para Cursos T\u00e9cnicos Integrados em 2025 no Campus Santa In\u00eas"},"content":{"rendered":"\n<p>O Instituto Federal de Educa\u00e7\u00e3o, Ci\u00eancia e Tecnologia Baiano (IF Baiano), Campus Santa In\u00eas, por meio do <a rel=\"noreferrer noopener\" href=\"https:\/\/concurso.ifbaiano.edu.br\/portal\/ingresso-2025-integrado-santa-ines-setembro-2024\/wp-content\/uploads\/sites\/1059\/2024\/12\/Edital-de-Matricula-PROSEL-ingresso-2025-Cursos-Tecnicos-Integrados.pdf\" target=\"_blank\">Edital de Matr\u00edcula<\/a>, convocou os aprovados no processo seletivo 2024 para a realiza\u00e7\u00e3o da matr\u00edcula nos cursos t\u00e9cnicos integrados em Agropecu\u00e1ria, Alimentos, Inform\u00e1tica e Zootecnia, com in\u00edcio previsto para o ano letivo de 2025. As matr\u00edculas dos candidatos convocados para a primeira chamada aconteceram no per\u00edodo de 16 a 20 de dezembro na Secretaria de Registros Acad\u00eamicos (SRA) do campus.<\/p>\n\n\n\n<p>No dia 27 de dezembro de 2023 foi publicada a <a href=\"https:\/\/concurso.ifbaiano.edu.br\/portal\/ingresso-2025-integrado-santa-ines-setembro-2024\/wp-content\/uploads\/sites\/1059\/2024\/12\/Retificacao-Candidatos-Convocados-2a-Chamada.pdf\">rela\u00e7\u00e3o de candidatos convocados para a 2\u00aa Chamada<\/a>. Esses candidatos deveriam realizar a matr\u00edcula no per\u00edodo de 06 a 10 de janeiro de 2025, tamb\u00e9m na Secretaria de Registros Acad\u00eamicos (SRA) do campus. Para a realiza\u00e7\u00e3o da matr\u00edcula, que \u00e9 obrigat\u00f3ria, \u00e9 necess\u00e1ria a apresenta\u00e7\u00e3o de documenta\u00e7\u00e3o pessoal espec\u00edfica, conforme a modalidade de vaga em que o candidato foi aprovado. \u00c9 pr\u00e9-requisito ter conclu\u00eddo o ensino fundamental (9\u00ba ano) at\u00e9 o momento da matr\u00edcula.<\/p>\n\n\n\n<p><strong>Documenta\u00e7\u00e3o Espec\u00edfica para Cada Perfil<\/strong><\/p>\n\n\n\n<p>Os candidatos devem ficar atentos \u00e0 documenta\u00e7\u00e3o exigida, que varia de acordo com a modalidade de vaga: ampla concorr\u00eancia, pessoas com defici\u00eancia (PCD), candidatos pretos, pardos e ind\u00edgenas (PPI), quilombolas (Q), al\u00e9m de candidatos de escolas p\u00fablicas com e sem renda per capita familiar igual ou inferior a um sal\u00e1rio m\u00ednimo.<\/p>\n\n\n\n<p>Para todos os candidatos, s\u00e3o necess\u00e1rios documentos como RG, CPF, certid\u00e3o de nascimento ou casamento, comprovante de resid\u00eancia, al\u00e9m de outros espec\u00edficos dependendo de cada caso. A comprova\u00e7\u00e3o de renda tamb\u00e9m ser\u00e1 exigida para alguns grupos, com diferentes tipos de documentos aceitos, sendo que o Cad\u00danico substitui todos os demais documentos de comprova\u00e7\u00e3o de renda.<\/p>\n\n\n\n<p><strong>Cronograma e Prazos Importantes<\/strong><\/p>\n\n\n\n<p>O processo de matr\u00edcula est\u00e1 sendo realizado em etapas, conforme previsto em edital, com as seguintes datas:<\/p>\n\n\n\n<ul>\n<li><strong>1\u00aa Chamada:<\/strong>&nbsp;16 a 20 de dezembro de 2024<\/li>\n\n\n\n<li><strong>2\u00aa Chamada:<\/strong>&nbsp;06 a 10 de janeiro de 2025<\/li>\n\n\n\n<li><strong>Chamada P\u00fablica:<\/strong>&nbsp;17 de janeiro de 2025 (considerando que as vagas n\u00e3o foram totalmente preenchidas nas etapas anteriores)<\/li>\n<\/ul>\n\n\n\n<p>Hoje, 13, o Campus divulga a lista de convoca\u00e7\u00e3o dos candidatos para a <a rel=\"noreferrer noopener\" href=\"https:\/\/concurso.ifbaiano.edu.br\/portal\/ingresso-2025-integrado-santa-ines-setembro-2024\/wp-content\/uploads\/sites\/1059\/2025\/01\/CHAMADA-PUBLICA-SEGUNDA-OPCAO-COM-TIPO-DE-VAGA.pdf\" target=\"_blank\">Chamada P\u00fablica<\/a>. A CHAMADA P\u00daBLICA ser\u00e1 realizada \u00e0s 9h30. Os candidatos convocados devem comparecer at\u00e9 esse hor\u00e1rio, munido de todos os documentos exigidos para realiza\u00e7\u00e3o da matr\u00edcula. Ap\u00f3s esse hor\u00e1rio o candidato N\u00c3O ter\u00e1 direito a pleitear a vaga.<\/p>\n\n\n\n<p>\u00c9 fundamental que todos os candidatos acompanhem o site para obten\u00e7\u00e3o das informa\u00e7\u00f5es atualizadas. Os candidatos podem consultar o <a rel=\"noreferrer noopener\" href=\"https:\/\/concurso.ifbaiano.edu.br\/portal\/ingresso-2025-integrado-santa-ines-setembro-2024\/wp-content\/uploads\/sites\/1059\/2024\/12\/Edital-de-Matricula-PROSEL-ingresso-2025-Cursos-Tecnicos-Integrados.pdf\" target=\"_blank\">Edital de Matr\u00edcula<\/a> completo e obter mais informa\u00e7\u00f5es, ou entrar em contato com a Secretaria de Registros Acad\u00eamicos (SRA) do campus atrav\u00e9s do e-mail secretaria@si.ifbaiano.edu.br.<\/p>\n\n\n\n<hr class=\"wp-block-separator has-alpha-channel-opacity\" \/>\n\n\n\n<p><strong>Editais e Documentos para consulta:<\/strong><\/p>\n\n\n\n<ul>\n<li><a rel=\"noreferrer noopener\" href=\"https:\/\/concurso.ifbaiano.edu.br\/portal\/ingresso-2025-integrado-santa-ines-setembro-2024\/wp-content\/uploads\/sites\/1059\/2024\/09\/Edital-PROSEL-2025.pdf\" target=\"_blank\">Edital PROSEL n\u00ba 34<\/a><\/li>\n\n\n\n<li><a rel=\"noreferrer noopener\" href=\"https:\/\/concurso.ifbaiano.edu.br\/portal\/ingresso-2025-integrado-santa-ines-setembro-2024\/wp-content\/uploads\/sites\/1059\/2024\/12\/Edital-de-Matricula-PROSEL-ingresso-2025-Cursos-Tecnicos-Integrados.pdf\" target=\"_blank\">Edital de Matr\u00edcula<\/a><\/li>\n\n\n\n<li><a rel=\"noreferrer noopener\" href=\"https:\/\/concurso.ifbaiano.edu.br\/portal\/ingresso-2025-integrado-santa-ines-setembro-2024\/wp-content\/uploads\/sites\/1059\/2024\/12\/Retificacao-do-Resultado-Final-do-Processo-Seletivo-2025.pdf\" target=\"_blank\">Retifica\u00e7\u00e3o do Resultado Final do Processo Seletivo<\/a><\/li>\n\n\n\n<li><a rel=\"noreferrer noopener\" href=\"https:\/\/concurso.ifbaiano.edu.br\/portal\/ingresso-2025-integrado-santa-ines-setembro-2024\/wp-content\/uploads\/sites\/1059\/2024\/12\/Candidatos-Convocados-2a-Chamada.pdf\" target=\"_blank\">Candidatos Convocados \u2013 2\u00aa Chamada<\/a><\/li>\n\n\n\n<li><a rel=\"noreferrer noopener\" href=\"https:\/\/concurso.ifbaiano.edu.br\/portal\/ingresso-2025-integrado-santa-ines-setembro-2024\/wp-content\/uploads\/sites\/1059\/2024\/12\/Retificacao-Candidatos-Convocados-2a-Chamada.pdf\" target=\"_blank\">Retifica\u00e7\u00e3o \u2013 Candidatos Convocados \u2013 2\u00aa Chamada<\/a><\/li>\n\n\n\n<li><a rel=\"noreferrer noopener\" href=\"https:\/\/concurso.ifbaiano.edu.br\/portal\/ingresso-2025-integrado-santa-ines-setembro-2024\/wp-content\/uploads\/sites\/1059\/2025\/01\/Convocados-Chamada-Publica-Prosel-2025.pdf\" target=\"_blank\">Convoca\u00e7\u00e3o \u2013 Chamada P\u00fablica<\/a><\/li>\n\n\n\n<li><a rel=\"noreferrer noopener\" href=\"https:\/\/concurso.ifbaiano.edu.br\/portal\/ingresso-2025-integrado-santa-ines-setembro-2024\/wp-content\/uploads\/sites\/1059\/2025\/01\/CHAMADA-PUBLICA-SEGUNDA-OPCAO-COM-TIPO-DE-VAGA.pdf\" target=\"_blank\">Retifica\u00e7\u00e3o \u2013 Chamada P\u00fablica<\/a><\/li>\n<\/ul>\n","protected":false},"excerpt":{"rendered":"<p>O Instituto Federal de Educa\u00e7\u00e3o, Ci\u00eancia e Tecnologia Baiano (IF Baiano), Campus Santa In\u00eas, por meio do Edital de Matr\u00edcula, convocou os aprovados no processo seletivo 2024 para a realiza\u00e7\u00e3o da matr\u00edcula nos cursos t\u00e9cnicos integrados em Agropecu\u00e1ria, Alimentos, Inform\u00e1tica e Zootecnia, com in\u00edcio previsto para o ano letivo de 2025. As matr\u00edculas dos candidatos [&hellip;]<\/p>\n","protected":false},"author":86,"featured_media":22957,"comment_status":"closed","ping_status":"closed","sticky":false,"template":"","format":"standard","meta":[],"categories":[5,7,57],"tags":[],"_links":{"self":[{"href":"https:\/\/www.ifbaiano.edu.br\/unidades\/santaines\/wp-json\/wp\/v2\/posts\/22942"}],"collection":[{"href":"https:\/\/www.ifbaiano.edu.br\/unidades\/santaines\/wp-json\/wp\/v2\/posts"}],"about":[{"href":"https:\/\/www.ifbaiano.edu.br\/unidades\/santaines\/wp-json\/wp\/v2\/types\/post"}],"author":[{"embeddable":true,"href":"https:\/\/www.ifbaiano.edu.br\/unidades\/santaines\/wp-json\/wp\/v2\/users\/86"}],"replies":[{"embeddable":true,"href":"https:\/\/www.ifbaiano.edu.br\/unidades\/santaines\/wp-json\/wp\/v2\/comments?post=22942"}],"version-history":[{"count":6,"href":"https:\/\/www.ifbaiano.edu.br\/unidades\/santaines\/wp-json\/wp\/v2\/posts\/22942\/revisions"}],"predecessor-version":[{"id":23037,"href":"https:\/\/www.ifbaiano.edu.br\/unidades\/santaines\/wp-json\/wp\/v2\/posts\/22942\/revisions\/23037"}],"wp:featuredmedia":[{"embeddable":true,"href":"https:\/\/www.ifbaiano.edu.br\/unidades\/santaines\/wp-json\/wp\/v2\/media\/22957"}],"wp:attachment":[{"href":"https:\/\/www.ifbaiano.edu.br\/unidades\/santaines\/wp-json\/wp\/v2\/media?parent=22942"}],"wp:term":[{"taxonomy":"category","embeddable":true,"href":"https:\/\/www.ifbaiano.edu.br\/unidades\/santaines\/wp-json\/wp\/v2\/categories?post=22942"},{"taxonomy":"post_tag","embeddable":true,"href":"https:\/\/www.ifbaiano.edu.br\/unidades\/santaines\/wp-json\/wp\/v2\/tags?post=22942"}],"curies":[{"name":"wp","href":"https:\/\/api.w.org\/{rel}","templated":true}]}}