{"id":22946,"date":"2024-12-17T08:01:09","date_gmt":"2024-12-17T11:01:09","guid":{"rendered":"https:\/\/www.ifbaiano.edu.br\/unidades\/santaines\/?p=22946"},"modified":"2024-12-17T08:01:09","modified_gmt":"2024-12-17T11:01:09","slug":"if-baiano-realizara-cerimonia-de-posse-de-65-novos-servidores-docentes","status":"publish","type":"post","link":"https:\/\/www.ifbaiano.edu.br\/unidades\/santaines\/if-baiano-realizara-cerimonia-de-posse-de-65-novos-servidores-docentes\/","title":{"rendered":"IF Baiano realizar\u00e1 cerim\u00f4nia de posse de 65 novos servidores docentes\u00a0"},"content":{"rendered":"\n<p>A cerim\u00f4nia de posse dos 65 novos docentes para a recomposi\u00e7\u00e3o do quadro de docentes do IF Baiano ocorrer\u00e1 nesta quarta-feira, dia 18 de dezembro, \u00e0s 8h. O evento ser\u00e1 realizado no pr\u00e9dio Professor Jo\u00e3o Batista, localizado na Avenida Tancredo Neves, e incluir\u00e1 uma cerim\u00f4nia coletiva, seguida de um momento de ambienta\u00e7\u00e3o.<\/p>\n\n\n\n<p>As vagas a serem preenchidas pelos servidores aprovados no concurso realizado no primeiro semestre de 2024 surgiram a partir da vac\u00e2ncia e movimenta\u00e7\u00e3o de cargos. Os novos docentes atuar\u00e3o nas seguintes \u00e1reas: Administra\u00e7\u00e3o, Artes, Atendimento Educacional Especializado (AEE), Biologia, Educa\u00e7\u00e3o F\u00edsica, F\u00edsica, Geografia, Hist\u00f3ria, Inform\u00e1tica, L\u00edngua Estrangeira Moderna: Ingl\u00eas,&nbsp; Letras\/ L\u00edngua Portuguesa E Literatura, Matem\u00e1tica, Meio Ambiente, M\u00fasica e Qu\u00edmica.&nbsp;<\/p>\n\n\n\n<p>Os servidores foram convocados para atuar em 12 dos 14 campi totais do Instituto Federal Baiano (IF Baiano). Os campi contemplados s\u00e3o: Senhor do Bonfim, Santa In\u00eas, Guanambi, Valen\u00e7a, Teixeira de Freitas, Itapetinga, Uru\u00e7uca, Bom Jesus da Lapa, Governador Mangabeira, Serrinha,&nbsp; Itaberaba e Xique-Xique.&nbsp;<\/p>\n\n\n\n<p>Ap\u00f3s a cerim\u00f4nia de posse, os servidores ter\u00e3o a oportunidade de conhecer mais sobre a institui\u00e7\u00e3o e sobre a carreira nas quais acabam de ingressar, em um momento promovido pelo Programa de Ambienta\u00e7\u00e3o e Acolhimento. O Programa foi criado para facilitar o conhecimento sobre normas t\u00e9cnicas, ambiente de trabalho, al\u00e9m da integra\u00e7\u00e3o e coopera\u00e7\u00e3o entre colegas.<\/p>\n\n\n\n<hr class=\"wp-block-separator has-alpha-channel-opacity\" \/>\n","protected":false},"excerpt":{"rendered":"<p>A cerim\u00f4nia ocorrer\u00e1 nesta quarta-feira, 18, no pr\u00e9dio Professor Jo\u00e3o Batista<\/p>\n","protected":false},"author":86,"featured_media":22947,"comment_status":"closed","ping_status":"closed","sticky":false,"template":"","format":"standard","meta":[],"categories":[4,5,57],"tags":[],"_links":{"self":[{"href":"https:\/\/www.ifbaiano.edu.br\/unidades\/santaines\/wp-json\/wp\/v2\/posts\/22946"}],"collection":[{"href":"https:\/\/www.ifbaiano.edu.br\/unidades\/santaines\/wp-json\/wp\/v2\/posts"}],"about":[{"href":"https:\/\/www.ifbaiano.edu.br\/unidades\/santaines\/wp-json\/wp\/v2\/types\/post"}],"author":[{"embeddable":true,"href":"https:\/\/www.ifbaiano.edu.br\/unidades\/santaines\/wp-json\/wp\/v2\/users\/86"}],"replies":[{"embeddable":true,"href":"https:\/\/www.ifbaiano.edu.br\/unidades\/santaines\/wp-json\/wp\/v2\/comments?post=22946"}],"version-history":[{"count":1,"href":"https:\/\/www.ifbaiano.edu.br\/unidades\/santaines\/wp-json\/wp\/v2\/posts\/22946\/revisions"}],"predecessor-version":[{"id":22948,"href":"https:\/\/www.ifbaiano.edu.br\/unidades\/santaines\/wp-json\/wp\/v2\/posts\/22946\/revisions\/22948"}],"wp:featuredmedia":[{"embeddable":true,"href":"https:\/\/www.ifbaiano.edu.br\/unidades\/santaines\/wp-json\/wp\/v2\/media\/22947"}],"wp:attachment":[{"href":"https:\/\/www.ifbaiano.edu.br\/unidades\/santaines\/wp-json\/wp\/v2\/media?parent=22946"}],"wp:term":[{"taxonomy":"category","embeddable":true,"href":"https:\/\/www.ifbaiano.edu.br\/unidades\/santaines\/wp-json\/wp\/v2\/categories?post=22946"},{"taxonomy":"post_tag","embeddable":true,"href":"https:\/\/www.ifbaiano.edu.br\/unidades\/santaines\/wp-json\/wp\/v2\/tags?post=22946"}],"curies":[{"name":"wp","href":"https:\/\/api.w.org\/{rel}","templated":true}]}}