{"id":22949,"date":"2024-12-17T08:34:56","date_gmt":"2024-12-17T11:34:56","guid":{"rendered":"https:\/\/www.ifbaiano.edu.br\/unidades\/santaines\/?p=22949"},"modified":"2024-12-17T09:27:21","modified_gmt":"2024-12-17T12:27:21","slug":"if-baiano-campus-santa-ines-abre-periodo-de-renovacao-de-matriculas-para-cursos-tecnicos-a-distancia","status":"publish","type":"post","link":"https:\/\/www.ifbaiano.edu.br\/unidades\/santaines\/if-baiano-campus-santa-ines-abre-periodo-de-renovacao-de-matriculas-para-cursos-tecnicos-a-distancia\/","title":{"rendered":"IF Baiano &#8211; Campus Santa In\u00eas abre per\u00edodo de renova\u00e7\u00e3o de matr\u00edculas para cursos t\u00e9cnicos a dist\u00e2ncia"},"content":{"rendered":"\n<p>O Instituto Federal de Educa\u00e7\u00e3o, Ci\u00eancia e Tecnologia Baiano (IF Baiano) \u2013 Campus Santa In\u00eas divulgou o <a href=\"https:\/\/www.ifbaiano.edu.br\/unidades\/santaines\/files\/2024\/12\/Matricula-EaD.pdf\">Edital n\u00ba 42\/2024<\/a>, estabelecendo as datas e procedimentos para a renova\u00e7\u00e3o de matr\u00edculas dos cursos t\u00e9cnicos subsequentes ao Ensino M\u00e9dio em Inform\u00e1tica, Secretaria Escolar e Vendas, ofertados na modalidade a dist\u00e2ncia.<\/p>\n\n\n\n<p>O processo de renova\u00e7\u00e3o ser\u00e1 realizado online, atrav\u00e9s do Portal do Aluno no Sistema Unificado de Administra\u00e7\u00e3o P\u00fablica (SUAP), no per\u00edodo de&nbsp;<strong>02 a 10 de janeiro de 2025<\/strong>. Os estudantes que encontrarem dificuldades para realizar o procedimento pelo SUAP, poder\u00e3o solicitar a renova\u00e7\u00e3o por e-mail, dentro do mesmo prazo, para o endere\u00e7o&nbsp;secretaria@si.ifbaiano.edu.br.<\/p>\n\n\n\n<p>\u00c9 importante ressaltar que todos os alunos que desejam manter o v\u00ednculo com o IF Baiano &#8211; Campus Santa In\u00eas, incluindo aqueles que est\u00e3o com matr\u00edcula trancada ou em depend\u00eancia de alguma disciplina, devem realizar a renova\u00e7\u00e3o. A n\u00e3o realiza\u00e7\u00e3o do procedimento no prazo estabelecido poder\u00e1 caracterizar abandono de curso e implicar no cancelamento da matr\u00edcula, conforme a <a href=\"https:\/\/ifbaiano.edu.br\/portal\/wp-content\/uploads\/2020\/03\/RESOLU%C3%87%C3%83O-53_Alterar-a-Resolu%C3%A7%C3%A3o-n%C2%BA-45-de-03-de-julho-de-2019.-Anexo.pdf\">Organiza\u00e7\u00e3o Did\u00e1tica dos Cursos da Educa\u00e7\u00e3o Profissional T\u00e9cnica de N\u00edvel M\u00e9dio do IF Baiano<\/a>.<\/p>\n\n\n\n<p><strong>Matr\u00edculas fora do prazo<\/strong><\/p>\n\n\n\n<p>Os estudantes que perderem o prazo de renova\u00e7\u00e3o online poder\u00e3o solicitar a matr\u00edcula fora de prazo, atrav\u00e9s do mesmo e-mail (secretaria@si.ifbaiano.edu.br), em at\u00e9 10 dias \u00fateis ap\u00f3s a data limite estabelecida no edital.<\/p>\n\n\n\n<p><strong>Requisitos e Condi\u00e7\u00f5es<\/strong><\/p>\n\n\n\n<p>A renova\u00e7\u00e3o da matr\u00edcula est\u00e1 condicionada \u00e0 oferta do per\u00edodo e ao atendimento dos crit\u00e9rios estabelecidos nos projetos dos cursos, sendo de responsabilidade do estudante acompanhar no SUAP o per\u00edodo em que foi matriculado.<\/p>\n\n\n\n<p>Em caso de identifica\u00e7\u00e3o de falhas ou necessidade de ajustes na renova\u00e7\u00e3o, a Secretaria de Registros Acad\u00eamicos (SRA), a Coordena\u00e7\u00e3o de Ensino (CE) ou a Coordena\u00e7\u00e3o de Curso poder\u00e3o convocar o estudante, ap\u00f3s o in\u00edcio das aulas, para retificar a sua matr\u00edcula.<\/p>\n\n\n\n<p><strong>Como redefinir a senha no SUAP<\/strong><\/p>\n\n\n\n<p>Para auxiliar os estudantes, o IF Baiano disponibiliza um tutorial de renova\u00e7\u00e3o de matr\u00edcula e orienta\u00e7\u00f5es para redefinir a senha do SUAP. O tutorial pode ser acessado <a href=\"https:\/\/wiki.ifbaiano.edu.br\/bin\/view\/Wikis\/DGTI\/CODES\/Sistemas\/SUAP\/Alunos\/Rematricula\/\">AQUI<\/a>.<\/p>\n\n\n\n<p>Para redefinir a senha, o aluno deve acessar  <a href=\"https:\/\/cau.ifbaiano.edu.br\/cau\/login\">AQUI<\/a>, clicar em &#8220;esqueceu a senha&#8221;, informar o CPF e o n\u00famero de matr\u00edcula, e um e-mail com o link para troca de senha ser\u00e1 enviado para o e-mail cadastrado.<\/p>\n\n\n\n<p>Para d\u00favidas, os estudantes devem entrar em contato com a Secretaria de Registros Acad\u00eamicos atrav\u00e9s do e-mail&nbsp;secretaria@si.ifbaiano.edu.br.<\/p>\n\n\n\n<hr class=\"wp-block-separator has-alpha-channel-opacity\" \/>\n","protected":false},"excerpt":{"rendered":"<p>O Instituto Federal de Educa\u00e7\u00e3o, Ci\u00eancia e Tecnologia Baiano (IF Baiano) \u2013 Campus Santa In\u00eas divulgou o Edital n\u00ba 42\/2024, estabelecendo as datas e procedimentos para a renova\u00e7\u00e3o de matr\u00edculas dos cursos t\u00e9cnicos subsequentes ao Ensino M\u00e9dio em Inform\u00e1tica, Secretaria Escolar e Vendas, ofertados na modalidade a dist\u00e2ncia. O processo de renova\u00e7\u00e3o ser\u00e1 realizado online, [&hellip;]<\/p>\n","protected":false},"author":86,"featured_media":13712,"comment_status":"closed","ping_status":"closed","sticky":false,"template":"","format":"standard","meta":[],"categories":[4,5,57],"tags":[],"_links":{"self":[{"href":"https:\/\/www.ifbaiano.edu.br\/unidades\/santaines\/wp-json\/wp\/v2\/posts\/22949"}],"collection":[{"href":"https:\/\/www.ifbaiano.edu.br\/unidades\/santaines\/wp-json\/wp\/v2\/posts"}],"about":[{"href":"https:\/\/www.ifbaiano.edu.br\/unidades\/santaines\/wp-json\/wp\/v2\/types\/post"}],"author":[{"embeddable":true,"href":"https:\/\/www.ifbaiano.edu.br\/unidades\/santaines\/wp-json\/wp\/v2\/users\/86"}],"replies":[{"embeddable":true,"href":"https:\/\/www.ifbaiano.edu.br\/unidades\/santaines\/wp-json\/wp\/v2\/comments?post=22949"}],"version-history":[{"count":5,"href":"https:\/\/www.ifbaiano.edu.br\/unidades\/santaines\/wp-json\/wp\/v2\/posts\/22949\/revisions"}],"predecessor-version":[{"id":22956,"href":"https:\/\/www.ifbaiano.edu.br\/unidades\/santaines\/wp-json\/wp\/v2\/posts\/22949\/revisions\/22956"}],"wp:featuredmedia":[{"embeddable":true,"href":"https:\/\/www.ifbaiano.edu.br\/unidades\/santaines\/wp-json\/wp\/v2\/media\/13712"}],"wp:attachment":[{"href":"https:\/\/www.ifbaiano.edu.br\/unidades\/santaines\/wp-json\/wp\/v2\/media?parent=22949"}],"wp:term":[{"taxonomy":"category","embeddable":true,"href":"https:\/\/www.ifbaiano.edu.br\/unidades\/santaines\/wp-json\/wp\/v2\/categories?post=22949"},{"taxonomy":"post_tag","embeddable":true,"href":"https:\/\/www.ifbaiano.edu.br\/unidades\/santaines\/wp-json\/wp\/v2\/tags?post=22949"}],"curies":[{"name":"wp","href":"https:\/\/api.w.org\/{rel}","templated":true}]}}