{"id":22972,"date":"2024-12-20T10:59:47","date_gmt":"2024-12-20T13:59:47","guid":{"rendered":"https:\/\/www.ifbaiano.edu.br\/unidades\/santaines\/?p=22972"},"modified":"2024-12-20T10:59:47","modified_gmt":"2024-12-20T13:59:47","slug":"if-baiano-campus-santa-ines-recebe-microtrator-para-aulas-praticas-e-atividades-no-campo","status":"publish","type":"post","link":"https:\/\/www.ifbaiano.edu.br\/unidades\/santaines\/if-baiano-campus-santa-ines-recebe-microtrator-para-aulas-praticas-e-atividades-no-campo\/","title":{"rendered":"IF Baiano Campus Santa In\u00eas Recebe Microtrator para Aulas Pr\u00e1ticas e Atividades no Campo"},"content":{"rendered":"\n<figure class=\"wp-block-image size-full\"><a href=\"https:\/\/www.ifbaiano.edu.br\/unidades\/santaines\/files\/2024\/12\/Micro-trator.png\"><img decoding=\"async\" loading=\"lazy\" width=\"1528\" height=\"836\" src=\"https:\/\/www.ifbaiano.edu.br\/unidades\/santaines\/files\/2024\/12\/Micro-trator.png\" alt=\"\" class=\"wp-image-22984\" \/><\/a><\/figure>\n\n\n\n<p>O Instituto Federal de Educa\u00e7\u00e3o, Ci\u00eancia e Tecnologia Baiano (IF Baiano), campus Santa In\u00eas, celebrou a chegada de um Microtrator, um importante refor\u00e7o para as aulas pr\u00e1ticas e atividades de campo da institui\u00e7\u00e3o. O equipamento foi adquirido atrav\u00e9s de uma emenda parlamentar da Deputada Federal Alice Portugal, com apoio do Governo do Estado, por meio da Companhia de Desenvolvimento e A\u00e7\u00e3o Regional (CAR).<\/p>\n\n\n\n<p>A chegada do Microtrator, juntamente com seus assess\u00f3rios (uma\u00a0 carreta agr\u00edcola basculante, uma Enxada rotativa e um\u00a0 Encanteirador) foi registrada, no dia 11 de dezembro, em um momento com a presen\u00e7a de servidores e colaboradores do Campus, que demonstraram grande satisfa\u00e7\u00e3o com a nova aquisi\u00e7\u00e3o. A Diretora-geral do campus, Genilda Lima, ressaltou a import\u00e2ncia do equipamento para o desenvolvimento das atividades pr\u00e1ticas dos cursos, agradecendo \u00e0 Deputada Alice Portugal e ao Governo do Estado pela parceria.<\/p>\n\n\n\n<p><strong>Equipamento Essencial para a Forma\u00e7\u00e3o Profissional<\/strong><\/p>\n\n\n\n<p>O Microtrator ser\u00e1 fundamental para impulsionar as aulas pr\u00e1ticas dos cursos de agropecu\u00e1ria, zootecnia e outras \u00e1reas correlatas. O professor Jadson Rocha, da \u00e1rea de mecaniza\u00e7\u00e3o agr\u00edcola, explicou que o equipamento ir\u00e1 integrar a equipe de m\u00e1quinas da escola, permitindo que os estudantes desenvolvam suas habilidades e conhecimentos de forma mais completa e eficiente.<\/p>\n\n\n\n<p>O novo trator tamb\u00e9m ir\u00e1 otimizar os trabalhos em setores como a horta e a produ\u00e7\u00e3o de forragem para os animais do campus, conforme destacou o coordenador da CUEC, Cl\u00f3vis Costa. Ele mencionou que a m\u00e1quina vai dinamizar o trabalho dos setores, agilizar o processo de confec\u00e7\u00e3o dos canteiros e outras atividades no campo, diminuindo o tempo e ampliando a produ\u00e7\u00e3o com mais qualidade. Al\u00e9m disso, o coordenador ressaltou que essa conquista permite inserir os estudantes na parte de produ\u00e7\u00e3o, tamb\u00e9m destinando a produ\u00e7\u00e3o para o refeit\u00f3rio, beneficiando a comunidade acad\u00eamica.<\/p>\n\n\n\n<figure class=\"wp-block-gallery has-nested-images columns-default is-cropped wp-block-gallery-1 is-layout-flex\">\n<figure class=\"wp-block-image size-full\"><a href=\"https:\/\/www.ifbaiano.edu.br\/unidades\/santaines\/files\/2024\/12\/capa-1.png\"><img decoding=\"async\" loading=\"lazy\" width=\"1528\" height=\"751\" data-id=\"22979\"  src=\"https:\/\/www.ifbaiano.edu.br\/unidades\/santaines\/files\/2024\/12\/capa-1.png\" alt=\"\" class=\"wp-image-22979\" \/><\/a><\/figure>\n\n\n\n<figure class=\"wp-block-image size-large\"><a href=\"https:\/\/www.ifbaiano.edu.br\/unidades\/santaines\/files\/2024\/12\/Trator-3.png\"><img decoding=\"async\" loading=\"lazy\" width=\"1528\" height=\"1528\" data-id=\"22975\"  src=\"https:\/\/www.ifbaiano.edu.br\/unidades\/santaines\/files\/2024\/12\/Trator-3.png\" alt=\"\" class=\"wp-image-22975\" \/><\/a><\/figure>\n\n\n\n<figure class=\"wp-block-image size-large\"><a href=\"https:\/\/www.ifbaiano.edu.br\/unidades\/santaines\/files\/2024\/12\/Trator-4.png\"><img decoding=\"async\" loading=\"lazy\" width=\"1528\" height=\"1528\" data-id=\"22976\"  src=\"https:\/\/www.ifbaiano.edu.br\/unidades\/santaines\/files\/2024\/12\/Trator-4.png\" alt=\"\" class=\"wp-image-22976\" \/><\/a><\/figure>\n<\/figure>\n\n\n\n<p><strong>Parceria que Fortalece o Desenvolvimento Regional<\/strong><\/p>\n\n\n\n<p>De acordo com a Diretora-geral, Genilda Lima, a aquisi\u00e7\u00e3o do Microtrator, foi resultado de uma reuni\u00e3o realizada no in\u00edcio de maio de 2023, com a presen\u00e7a da Diretora administrativa, Daniele Matos e do Professor Andr\u00e9 Leonardo, que, por interm\u00e9dio do vereador municipal X\u00f3, apresentaram as demandas do campus, \u00e0 Deputada Federal, Alice Portugal. &#8220;A deputada se colocou \u00e0 disposi\u00e7\u00e3o em verificar as estrat\u00e9gias para colaborar atrav\u00e9s de emendas parlamentares e, de imediato, informou que j\u00e1 poderia disponibilizar o Microtrator&#8221; afirma Genilda. <\/p>\n\n\n\n<p>Assim, com a emenda parlamentar da deputada Alice Portugal, o equipamento foi liberado pelo Governo do Estado, atrav\u00e9s da CAR, demonstrando desta forma&nbsp; o compromisso com a educa\u00e7\u00e3o profissional e o desenvolvimento regional. A colabora\u00e7\u00e3o entre as esferas governamentais e o setor educacional tem como objetivo principal fortalecer o ensino, proporcionando aos estudantes equipamentos e recursos de qualidade para sua forma\u00e7\u00e3o.<\/p>\n\n\n\n<p>O IF Baiano &#8211; Campus Santa In\u00eas, refor\u00e7a o agradecimento \u00e0 Deputada Federal Alice Portugal, pela emenda parlamentar, ao Governo do Estado, por meio da CAR, pelo apoio na libera\u00e7\u00e3o do equipamento, bem como, o apoio do vereador X\u00f3 (Jos\u00e9 Ant\u00f4nio Santos Souza). A institui\u00e7\u00e3o ressalta que essa parceria \u00e9 essencial para o fortalecimento das a\u00e7\u00f5es e o desenvolvimento da comunidade acad\u00eamica, al\u00e9m de contribuir para a forma\u00e7\u00e3o de futuros profissionais do campo.<\/p>\n\n\n\n<figure class=\"wp-block-gallery has-nested-images columns-default is-cropped wp-block-gallery-3 is-layout-flex\">\n<figure class=\"wp-block-image size-large\"><a href=\"https:\/\/www.ifbaiano.edu.br\/unidades\/santaines\/files\/2024\/12\/Trator-5.png\"><img decoding=\"async\" loading=\"lazy\" width=\"1528\" height=\"1528\" data-id=\"22977\"  src=\"https:\/\/www.ifbaiano.edu.br\/unidades\/santaines\/files\/2024\/12\/Trator-5.png\" alt=\"\" class=\"wp-image-22977\" \/><\/a><\/figure>\n\n\n\n<figure class=\"wp-block-image size-large\"><a href=\"https:\/\/www.ifbaiano.edu.br\/unidades\/santaines\/files\/2024\/12\/Trator-2.png\"><img decoding=\"async\" loading=\"lazy\" width=\"1408\" height=\"1360\" data-id=\"22974\"  src=\"https:\/\/www.ifbaiano.edu.br\/unidades\/santaines\/files\/2024\/12\/Trator-2.png\" alt=\"\" class=\"wp-image-22974\" \/><\/a><\/figure>\n<\/figure>\n\n\n\n<hr class=\"wp-block-separator has-alpha-channel-opacity\" \/>\n","protected":false},"excerpt":{"rendered":"<p>O Instituto Federal de Educa\u00e7\u00e3o, Ci\u00eancia e Tecnologia Baiano (IF Baiano), campus Santa In\u00eas, celebrou a chegada de um Microtrator, um importante refor\u00e7o para as aulas pr\u00e1ticas e atividades de campo da institui\u00e7\u00e3o. O equipamento foi adquirido atrav\u00e9s de uma emenda parlamentar da Deputada Federal Alice Portugal, com apoio do Governo do Estado, por meio [&hellip;]<\/p>\n","protected":false},"author":86,"featured_media":22979,"comment_status":"closed","ping_status":"closed","sticky":false,"template":"","format":"standard","meta":[],"categories":[4,5,7,57],"tags":[],"_links":{"self":[{"href":"https:\/\/www.ifbaiano.edu.br\/unidades\/santaines\/wp-json\/wp\/v2\/posts\/22972"}],"collection":[{"href":"https:\/\/www.ifbaiano.edu.br\/unidades\/santaines\/wp-json\/wp\/v2\/posts"}],"about":[{"href":"https:\/\/www.ifbaiano.edu.br\/unidades\/santaines\/wp-json\/wp\/v2\/types\/post"}],"author":[{"embeddable":true,"href":"https:\/\/www.ifbaiano.edu.br\/unidades\/santaines\/wp-json\/wp\/v2\/users\/86"}],"replies":[{"embeddable":true,"href":"https:\/\/www.ifbaiano.edu.br\/unidades\/santaines\/wp-json\/wp\/v2\/comments?post=22972"}],"version-history":[{"count":6,"href":"https:\/\/www.ifbaiano.edu.br\/unidades\/santaines\/wp-json\/wp\/v2\/posts\/22972\/revisions"}],"predecessor-version":[{"id":22986,"href":"https:\/\/www.ifbaiano.edu.br\/unidades\/santaines\/wp-json\/wp\/v2\/posts\/22972\/revisions\/22986"}],"wp:featuredmedia":[{"embeddable":true,"href":"https:\/\/www.ifbaiano.edu.br\/unidades\/santaines\/wp-json\/wp\/v2\/media\/22979"}],"wp:attachment":[{"href":"https:\/\/www.ifbaiano.edu.br\/unidades\/santaines\/wp-json\/wp\/v2\/media?parent=22972"}],"wp:term":[{"taxonomy":"category","embeddable":true,"href":"https:\/\/www.ifbaiano.edu.br\/unidades\/santaines\/wp-json\/wp\/v2\/categories?post=22972"},{"taxonomy":"post_tag","embeddable":true,"href":"https:\/\/www.ifbaiano.edu.br\/unidades\/santaines\/wp-json\/wp\/v2\/tags?post=22972"}],"curies":[{"name":"wp","href":"https:\/\/api.w.org\/{rel}","templated":true}]}}