{"id":2299,"date":"2012-09-11T13:16:10","date_gmt":"2012-09-11T16:16:10","guid":{"rendered":"http:\/\/www.ifbaiano.edu.br\/unidades\/santaines\/?p=2299"},"modified":"2012-09-12T11:34:49","modified_gmt":"2012-09-12T14:34:49","slug":"campanha-de-preservacao","status":"publish","type":"post","link":"https:\/\/www.ifbaiano.edu.br\/unidades\/santaines\/campanha-de-preservacao\/","title":{"rendered":"Campanha de preserva\u00e7\u00e3o"},"content":{"rendered":"<p>Ao retornarem para as atividades, docentes, t\u00e9cnicos-administrativos e estudantes tiveram uma grata surpresa: o Campus Santa In\u00eas est\u00e1 de cara nova!<\/p>\n<p>Com parceria do professor Jovan de Jesus, Rosineide Fonseca e Cl\u00f3vis Sampaio<strong>,<\/strong>\u00a0diversos locais do c\u00e2mpus tiveram cuidados especiais quanto \u00e0 ornamenta\u00e7\u00e3o com plantas e objetos artesanais. Segundo o professor, esta a\u00e7\u00e3o ainda est\u00e1 em fase inicial e muito mais est\u00e1 por vir.<\/p>\n<p>&nbsp;<\/p>\n<div id=\"attachment_2325\" style=\"width: 310px\" class=\"wp-caption alignleft\"><a href=\"http:\/\/www.ifbaiano.edu.br\/unidades\/santaines\/files\/2012\/09\/P91100323.jpg\"><img aria-describedby=\"caption-attachment-2325\" decoding=\"async\" loading=\"lazy\" class=\"size-medium wp-image-2325\" src=\"http:\/\/www.ifbaiano.edu.br\/unidades\/santaines\/files\/2012\/09\/P91100323-300x225.jpg\" alt=\"\" width=\"300\" height=\"225\" srcset=\"https:\/\/www.ifbaiano.edu.br\/unidades\/santaines\/files\/2012\/09\/P91100323-300x225.jpg 300w, https:\/\/www.ifbaiano.edu.br\/unidades\/santaines\/files\/2012\/09\/P91100323-400x300.jpg 400w, https:\/\/www.ifbaiano.edu.br\/unidades\/santaines\/files\/2012\/09\/P91100323.jpg 1024w\" sizes=\"(max-width: 300px) 100vw, 300px\" \/><\/a><p id=\"caption-attachment-2325\" class=\"wp-caption-text\">Pavilh\u00e3o de Aulas<\/p><\/div>\n<div id=\"attachment_2317\" style=\"width: 160px\" class=\"wp-caption alignnone\"><a href=\"http:\/\/www.ifbaiano.edu.br\/unidades\/santaines\/files\/2012\/09\/P91100413.jpg\"><img aria-describedby=\"caption-attachment-2317\" decoding=\"async\" loading=\"lazy\" class=\"size-thumbnail wp-image-2317\" src=\"http:\/\/www.ifbaiano.edu.br\/unidades\/santaines\/files\/2012\/09\/P91100413-150x150.jpg\" alt=\"\" width=\"150\" height=\"150\" \/><\/a>\u00a0\u00a0<p id=\"caption-attachment-2317\" class=\"wp-caption-text\">Complexo Estudantil<\/p><\/div>\n<div id=\"attachment_2326\" style=\"width: 160px\" class=\"wp-caption alignleft\"><a href=\"http:\/\/www.ifbaiano.edu.br\/unidades\/santaines\/files\/2012\/09\/P9110045.jpg\"><img aria-describedby=\"caption-attachment-2326\" decoding=\"async\" loading=\"lazy\" class=\"size-thumbnail wp-image-2326\" src=\"http:\/\/www.ifbaiano.edu.br\/unidades\/santaines\/files\/2012\/09\/P9110045-150x150.jpg\" alt=\"\" width=\"150\" height=\"150\" \/><\/a><p id=\"caption-attachment-2326\" class=\"wp-caption-text\">Frente da Administra\u00e7\u00e3o<\/p><\/div>\n<p>Ao mesmo tempo os professores Jovan de Jesus e \u00a0Nara dos Santos, \u00a0e\u00a0tamb\u00e9m os t\u00e9cnicos-administrativos Carina Soares e Andr\u00e9ia Carvalho, d\u00e3o in\u00edcio \u00a0a uma campanha de conscientiza\u00e7\u00e3o ambiental. Foram adquiridas e espalhadas pelo c\u00e2mpus v\u00e1rias unidades de coleta seletiva, todos coloridos para facilitar a diferencia\u00e7\u00e3o do material a ser coletado. Em todos estes pontos foram pregados cartazes com informa\u00e7\u00f5es \u00fateis de o que \u00e9 e o que n\u00e3o \u00e9 recicl\u00e1vel. O refeit\u00f3rio tamb\u00e9m foi contemplado na campanha, com a fixa\u00e7\u00e3o de um cartaz com mensagem contra o desperd\u00edcio de alimento.<\/p>\n<div id=\"attachment_2328\" style=\"width: 160px\" class=\"wp-caption alignright\"><a href=\"http:\/\/www.ifbaiano.edu.br\/unidades\/santaines\/files\/2012\/09\/P91100544.jpg\"><img aria-describedby=\"caption-attachment-2328\" decoding=\"async\" loading=\"lazy\" class=\"size-thumbnail wp-image-2328\" src=\"http:\/\/www.ifbaiano.edu.br\/unidades\/santaines\/files\/2012\/09\/P91100544-150x150.jpg\" alt=\"\" width=\"150\" height=\"150\" \/><\/a><p id=\"caption-attachment-2328\" class=\"wp-caption-text\">Lixeiras seletivas com cartazes explicativos<\/p><\/div>\n","protected":false},"excerpt":{"rendered":"<p>Ao retornarem para as atividades, docentes, t\u00e9cnicos-administrativos e estudantes tiveram uma grata surpresa: o Campus Santa In\u00eas est\u00e1 de cara nova! Com parceria do professor Jovan de Jesus, Rosineide Fonseca e Cl\u00f3vis Sampaio,\u00a0diversos locais do c\u00e2mpus tiveram cuidados especiais quanto \u00e0 ornamenta\u00e7\u00e3o com plantas e objetos artesanais. Segundo o professor, esta a\u00e7\u00e3o ainda est\u00e1 em [&hellip;]<\/p>\n","protected":false},"author":29,"featured_media":0,"comment_status":"closed","ping_status":"closed","sticky":false,"template":"","format":"standard","meta":[],"categories":[10],"tags":[],"_links":{"self":[{"href":"https:\/\/www.ifbaiano.edu.br\/unidades\/santaines\/wp-json\/wp\/v2\/posts\/2299"}],"collection":[{"href":"https:\/\/www.ifbaiano.edu.br\/unidades\/santaines\/wp-json\/wp\/v2\/posts"}],"about":[{"href":"https:\/\/www.ifbaiano.edu.br\/unidades\/santaines\/wp-json\/wp\/v2\/types\/post"}],"author":[{"embeddable":true,"href":"https:\/\/www.ifbaiano.edu.br\/unidades\/santaines\/wp-json\/wp\/v2\/users\/29"}],"replies":[{"embeddable":true,"href":"https:\/\/www.ifbaiano.edu.br\/unidades\/santaines\/wp-json\/wp\/v2\/comments?post=2299"}],"version-history":[{"count":14,"href":"https:\/\/www.ifbaiano.edu.br\/unidades\/santaines\/wp-json\/wp\/v2\/posts\/2299\/revisions"}],"predecessor-version":[{"id":2310,"href":"https:\/\/www.ifbaiano.edu.br\/unidades\/santaines\/wp-json\/wp\/v2\/posts\/2299\/revisions\/2310"}],"wp:attachment":[{"href":"https:\/\/www.ifbaiano.edu.br\/unidades\/santaines\/wp-json\/wp\/v2\/media?parent=2299"}],"wp:term":[{"taxonomy":"category","embeddable":true,"href":"https:\/\/www.ifbaiano.edu.br\/unidades\/santaines\/wp-json\/wp\/v2\/categories?post=2299"},{"taxonomy":"post_tag","embeddable":true,"href":"https:\/\/www.ifbaiano.edu.br\/unidades\/santaines\/wp-json\/wp\/v2\/tags?post=2299"}],"curies":[{"name":"wp","href":"https:\/\/api.w.org\/{rel}","templated":true}]}}