{"id":22990,"date":"2024-12-23T15:20:14","date_gmt":"2024-12-23T18:20:14","guid":{"rendered":"https:\/\/www.ifbaiano.edu.br\/unidades\/santaines\/?p=22990"},"modified":"2024-12-23T15:20:15","modified_gmt":"2024-12-23T18:20:15","slug":"if-baiano-lanca-editais-para-selecionar-coordenador-e-professor-formador-de-cursos-de-especializacao-a-distancia","status":"publish","type":"post","link":"https:\/\/www.ifbaiano.edu.br\/unidades\/santaines\/if-baiano-lanca-editais-para-selecionar-coordenador-e-professor-formador-de-cursos-de-especializacao-a-distancia\/","title":{"rendered":"IF Baiano lan\u00e7a editais para selecionar coordenador e professor formador de cursos de especializa\u00e7\u00e3o a dist\u00e2ncia"},"content":{"rendered":"\n<p>O Instituto Federal de Educa\u00e7\u00e3o, Ci\u00eancia e Tecnologia Baiano (IF Baiano) lan\u00e7ou tr\u00eas editais para selecionar coordenadores, professores e tutores que ir\u00e3o atuar em cursos de p\u00f3s-gradua\u00e7\u00e3o lato sensu na modalidade de Educa\u00e7\u00e3o a Dist\u00e2ncia (EaD), no \u00e2mbito do Programa Universidade Aberta do Brasil (UAB). Os cursos s\u00e3o vinculados \u00e0 Coordena\u00e7\u00e3o de Aperfei\u00e7oamento de Pessoal de N\u00edvel Superior (CAPES) do Minist\u00e9rio da Educa\u00e7\u00e3o (MEC).<\/p>\n\n\n\n<p>As inscri\u00e7\u00f5es dos editais s\u00e3o gratuitas e ocorrem de 20 de dezembro a 03 de janeiro para coordenador e professor formador e de 23 de dezembro at\u00e9 06 de janeiro para tutor, atrav\u00e9s de preenchimento de formul\u00e1rios eletr\u00f4nicos e do envio de todos os documentos, em formato PDF.<\/p>\n\n\n\n<p>Para participar da sele\u00e7\u00e3o dos editais para coordenador e professor formador, \u00e9 necess\u00e1rio:<\/p>\n\n\n\n<ol>\n<li>Ser docente em efetivo exerc\u00edcio do IF Baiano;<\/li>\n\n\n\n<li>Possuir forma\u00e7\u00e3o acad\u00eamica de n\u00edvel superior;<\/li>\n\n\n\n<li>Ter experi\u00eancia m\u00ednima de 1 ano no magist\u00e9rio superior;<\/li>\n\n\n\n<li>N\u00e3o estar de licen\u00e7a ou afastamento;<\/li>\n\n\n\n<li>N\u00e3o ocupar cargo de dire\u00e7\u00e3o;<\/li>\n\n\n\n<li>Ter disponibilidade para atender \u00e0s convoca\u00e7\u00f5es e viagens;<\/li>\n\n\n\n<li>Ter conhecimento em inform\u00e1tica e uso de ferramentas tecnol\u00f3gicas e do Ambiente Virtual de Aprendizagem Moodle;<\/li>\n\n\n\n<li>N\u00e3o ser estudante de nenhum curso EaD do IF Baiano em parceria com a UAB;<\/li>\n\n\n\n<li>Estar em dia com as obriga\u00e7\u00f5es eleitorais e militares.<\/li>\n<\/ol>\n\n\n\n<p>A sele\u00e7\u00e3o de ambos os editais (coordenador e professor formador) ser\u00e1 realizada em duas etapas, sendo a Primeira Etapa (fase de car\u00e1ter eliminat\u00f3rio), onde o candidato dever\u00e1 preencher o formul\u00e1rio e anexar as documenta\u00e7\u00f5es e a Segunda Etapa (etapa de car\u00e1ter classificat\u00f3rio) \u00e9 referente \u00e0 Avalia\u00e7\u00e3o de Curr\u00edculo, e para o edital de coordenador de curso ser\u00e1 avaliado tamb\u00e9m o Plano de Trabalho.<\/p>\n\n\n\n<p>Os professores formadores recebem uma bolsa de R$ 1.850,00 mensais, enquanto os coordenadores de curso recebem R$ 2.000,00, j\u00e1 o tutor recebe bolsa de R$ 1.100,00. O pagamento \u00e9 feito diretamente pela CAPES.<\/p>\n\n\n\n<p><strong>Processo Seletivo para Professor Formador em disciplinas dos Cursos de P\u00f3s-Gradua\u00e7\u00e3o&nbsp;<\/strong><strong><em>lato sensu<\/em><\/strong><\/p>\n\n\n\n<p>O objetivo&nbsp;<a href=\"https:\/\/concurso.ifbaiano.edu.br\/portal\/professor-formador-pos-graduacao-uab-capes-if-baiano\/wp-content\/uploads\/sites\/1120\/2024\/12\/Edital-n%C2%B0-259-.pdf\">deste edital&nbsp;<\/a>\u00e9 selecionar professores formadores para diversas disciplinas em cursos de p\u00f3s-gradua\u00e7\u00e3o&nbsp;<em>lato sensu<\/em>. H\u00e1 ofertas de vagas imediatas e tamb\u00e9m forma\u00e7\u00e3o de cadastro de reserva (CR), com previs\u00e3o de in\u00edcio em janeiro de 2025.&nbsp;<\/p>\n\n\n\n<p>Na inscri\u00e7\u00e3o, o candidato dever\u00e1 indicar at\u00e9 3 op\u00e7\u00f5es de disciplinas que pretende atuar como professor formador. Caso classificado em mais de uma disciplina, o candidato dever\u00e1 enviar um e-mail para: prosel.coord@reitoria.ifbaiano.edu.br, indicando sua ordem de prioridade entre os componentes escolhidos, em at\u00e9 5 dias ap\u00f3s resultado final.<\/p>\n\n\n\n<p>Ao todo, o IF Baiano oferta 31 vagas + cadastro de reserva para professor formador em 42 disciplinas de 4 cursos. Confira quais s\u00e3o os cursos:&nbsp;<\/p>\n\n\n\n<ul>\n<li>Geoprocessamento;&nbsp;<\/li>\n\n\n\n<li>Inova\u00e7\u00e3o e Tend\u00eancias Educacionais;&nbsp;<\/li>\n\n\n\n<li>Educa\u00e7\u00e3o Inclusiva;&nbsp;<\/li>\n\n\n\n<li>Doc\u00eancia na Educa\u00e7\u00e3o Profissional e Tecnol\u00f3gica.<\/li>\n<\/ul>\n\n\n\n<p>Neste processo seletivo de professor formador, o candidato dever\u00e1 cumprir os seguintes requisitos exigidos em cada curso:<\/p>\n\n\n\n<ul>\n<li>Para as disciplinas de Geoprocessamento, \u00e9 necess\u00e1rio gradua\u00e7\u00e3o em \u00e1reas como Engenharia Agron\u00f4mica, Engenharia Cartogr\u00e1fica e Agrimensura, Geografia ou Tecn\u00f3logo em Geoprocessamento, al\u00e9m de mestrado ou doutorado reconhecido pela CAPES;<\/li>\n\n\n\n<li>Para as disciplinas de Inova\u00e7\u00e3o e Tend\u00eancias Educacionais, \u00e9 necess\u00e1rio gradua\u00e7\u00e3o em qualquer \u00e1rea, com experi\u00eancia acad\u00eamica ou cient\u00edfica comprovada na \u00e1rea de ensino-aprendizagem, al\u00e9m de mestrado ou doutorado reconhecido pela CAPES;<\/li>\n\n\n\n<li>Para as disciplinas de Educa\u00e7\u00e3o Inclusiva, \u00e9 necess\u00e1rio gradua\u00e7\u00e3o em qualquer \u00e1rea do conhecimento, com experi\u00eancia acad\u00eamica ou cient\u00edfica comprovada na \u00e1rea de Educa\u00e7\u00e3o Especial, al\u00e9m de mestrado ou doutorado reconhecido pela CAPES;<\/li>\n\n\n\n<li>Para as disciplinas de Doc\u00eancia na Educa\u00e7\u00e3o Profissional e Tecnol\u00f3gica, \u00e9 necess\u00e1rio gradua\u00e7\u00e3o em qualquer \u00e1rea do conhecimento, al\u00e9m de mestrado ou doutorado reconhecido pela CAPES.<\/li>\n<\/ul>\n\n\n\n<p>As experi\u00eancias como est\u00e1gio, monitoria ou pr\u00e1ticas docentes n\u00e3o s\u00e3o consideradas experi\u00eancias no magist\u00e9rio superior.<\/p>\n\n\n\n<p>Durante o curso, o professor formador ficar\u00e1 respons\u00e1vel por ministrar conte\u00fado, desenvolver materiais did\u00e1ticos, instruir tutores, e prestar atendimento aos estudantes. Al\u00e9m de presenciar atividades como aulas s\u00edncronas, participa\u00e7\u00e3o em grupos de trabalho, e encontros presenciais.<br><br><a href=\"https:\/\/docs.google.com\/forms\/d\/e\/1FAIpQLSeHKIiAacjaEq1CsWXycKRonnudSx9fAC7AIzEaBZhqP8K0HQ\/viewform?usp=send_form\">Inscreva-se para professor formador aqui!<\/a><\/p>\n\n\n\n<p><strong>Processo Seletivo para coordenador de curso&nbsp;<\/strong><\/p>\n\n\n\n<p><a href=\"https:\/\/concurso.ifbaiano.edu.br\/portal\/coordenacao-pos-graduacao-uab-capes-if-baiano\/wp-content\/uploads\/sites\/1119\/2024\/12\/Edital-n%C2%B0-261.pdf\">Este edital&nbsp;<\/a>&nbsp;visa selecionar coordenadores para dois cursos de p\u00f3s-gradua\u00e7\u00e3o lato sensu: Educa\u00e7\u00e3o Inclusiva (1 vaga + CR) e Doc\u00eancia em Educa\u00e7\u00e3o Profissional e Tecnol\u00f3gica (1 vaga + CR).<\/p>\n\n\n\n<p>O coordenador de curso dever\u00e1 ficar respons\u00e1vel por coordenar cursos de p\u00f3s-gradua\u00e7\u00e3o, acompanhar as atividades acad\u00eamicas, participar de capacita\u00e7\u00f5es, desenvolver metodologias, e auxiliar no planejamento e desenvolvimento dos cursos.<\/p>\n\n\n\n<p>Os requisitos espec\u00edficos deste edital exige que o candidato tenha Gradua\u00e7\u00e3o em qualquer \u00e1rea; Mestrado ou Doutorado na \u00e1rea de Educa\u00e7\u00e3o ou reconhecido pela CAPES; 1 ano de experi\u00eancia no magist\u00e9rio superior e disponibilidade de 20 horas semanais.<\/p>\n\n\n\n<p>A sele\u00e7\u00e3o para cada bolsa ocorrer\u00e1 de forma individual e independente, mesmo que o candidato tenha optado por mais de uma vaga no momento da inscri\u00e7\u00e3o.<br><a href=\"https:\/\/docs.google.com\/forms\/d\/e\/1FAIpQLScuj-V_klWggv8ezy8V3HwvF2NNBXSx5_YiVE41OqqmQA7w1w\/viewform?usp=send_form\"><br>Inscreva-se neste formul\u00e1rio!<\/a><\/p>\n\n\n\n<p><strong><br>Processo seletivo para tutor<\/strong><\/p>\n\n\n\n<p>O processo seletivo para tutores oferece 3 vagas imediatas e forma\u00e7\u00e3o de cadastro de reserva (CR), distribu\u00eddas por tr\u00eas cursos de P\u00f3s-Gradua\u00e7\u00e3o&nbsp;<em>Lato Sensu<\/em>: Geoprocessamento, Inova\u00e7\u00e3o e Tend\u00eancias Educacionais, e Educa\u00e7\u00e3o Inclusiva. As inscri\u00e7\u00f5es s\u00e3o gratuitas e ocorrem de 23 de dezembro de 2024 at\u00e9 6 de janeiro de 2025.<\/p>\n\n\n\n<p>Requisitos para a inscri\u00e7\u00e3o s\u00e3o:<\/p>\n\n\n\n<ul>\n<li>Ser brasileiro nato ou naturalizado.<\/li>\n\n\n\n<li>Possuir n\u00edvel superior.<\/li>\n\n\n\n<li>N\u00e3o estar em licen\u00e7a ou afastamento, conforme a Lei 8.112\/1990.<\/li>\n\n\n\n<li>N\u00e3o estar a ocupar cargo de Dire\u00e7\u00e3o.<\/li>\n\n\n\n<li>Ter disponibilidade para atender \u00e0s convoca\u00e7\u00f5es da CAPES, do MEC, da Diretoria de Gradua\u00e7\u00e3o e Educa\u00e7\u00e3o a Dist\u00e2ncia (DGRAED) e da Pr\u00f3-Reitoria de Pesquisa, Inova\u00e7\u00e3o e P\u00f3s-Gradua\u00e7\u00e3o (PROPES), e para realizar viagens quando necess\u00e1rio.<\/li>\n\n\n\n<li>Ter disponibilidade para participar em reuni\u00f5es presenciais e&nbsp;<em>online<\/em>.<\/li>\n\n\n\n<li>Ter conhecimento e habilidade na utiliza\u00e7\u00e3o de recursos de internet, inform\u00e1tica e ferramentas tecnol\u00f3gicas da informa\u00e7\u00e3o e da comunica\u00e7\u00e3o.<\/li>\n\n\n\n<li>Possuir habilidade no uso do Ambiente Virtual de Aprendizagem Moodle.<\/li>\n\n\n\n<li>N\u00e3o ser estudante de nenhum curso da Educa\u00e7\u00e3o a Dist\u00e2ncia ministrado em parceria com a UAB pela institui\u00e7\u00e3o.<\/li>\n\n\n\n<li>Estar em dia com as obriga\u00e7\u00f5es eleitorais.<\/li>\n\n\n\n<li>Estar em dia com as obriga\u00e7\u00f5es militares, para candidatos do sexo masculino.<\/li>\n<\/ul>\n\n\n\n<p>As atribui\u00e7\u00f5es do tutor incluem cumprir os prazos do cronograma estabelecido e dar suporte \u00e0 dist\u00e2ncia em rela\u00e7\u00e3o ao conte\u00fado ministrado. O tutor deve mediar o processo de aprendizagem dos estudantes e incentiv\u00e1-los na busca de informa\u00e7\u00f5es adicionais, al\u00e9m de comunicar-se com aqueles que n\u00e3o recorrem \u00e0 tutoria ou que deixem de realizar as atividades previstas. A participa\u00e7\u00e3o em reuni\u00f5es&nbsp;<em>online<\/em>&nbsp;com o professor formador \u00e9 tamb\u00e9m uma responsabilidade do tutor, sempre que solicitada. Ele deve auxiliar o Professor Formador no desenvolvimento de todas as atividades did\u00e1tico-pedag\u00f3gicas, tanto virtuais como presenciais.&nbsp;<\/p>\n\n\n\n<p>\u00c9 necess\u00e1rio dedicar no m\u00ednimo 2 horas di\u00e1rias \u00e0s atividades no Ambiente Virtual de Aprendizagem (AVA), interagindo com os estudantes, esclarecendo d\u00favidas e incentivando o trabalho cooperativo. O tutor deve tamb\u00e9m dedicar 2 horas cont\u00ednuas semanais para reuni\u00e3o de planejamento did\u00e1tico e 2 horas virtuais semanais para tutoria&nbsp;<em>online<\/em>. Outra atribui\u00e7\u00e3o importante \u00e9 prover o Professor Formador de instrumentos para avaliar sistematicamente os estudantes, o material did\u00e1tico e o processo de ensino-aprendizagem. O tutor deve corrigir e dar&nbsp;<em>feedback<\/em>&nbsp;das avalia\u00e7\u00f5es aos discentes, lan\u00e7ando as notas no Moodle. \u00c9 essencial estabelecer contato permanente com os discentes e mediar as suas atividades, assim como atender e orientar os alunos nas quest\u00f5es te\u00f3rico-metodol\u00f3gicas do curso, respondendo \u00e0s solicita\u00e7\u00f5es num prazo m\u00e1ximo de 48 horas em dias \u00fateis.&nbsp;<\/p>\n\n\n\n<p>O valor da bolsa para tutor \u00e9 de R$ 1.100,00 mensais, pagos diretamente pela CAPES e a carga hor\u00e1ria semanal \u00e9 de 20 horas de atividades. Confira o&nbsp;<a href=\"https:\/\/concurso.ifbaiano.edu.br\/portal\/tutor-pos-graduacao-uab-capes-if-baiano\/wp-content\/uploads\/sites\/1125\/2024\/12\/Edital-no-260.pdf\">edital<\/a>&nbsp;para mais informa\u00e7\u00f5es!<br><br><a href=\"https:\/\/docs.google.com\/forms\/d\/e\/1FAIpQLScNuVtrcIP8AnOATUdBkbYZ_DmLeI6nrxP7A9sku7xd5J9J4g\/viewform?usp=send_form\">Inscreva-se neste formul\u00e1rio!<\/a><\/p>\n\n\n\n<p>Esclarecimentos e informa\u00e7\u00f5es adicionais sobre os editais, poder\u00e3o ser obtidos atrav\u00e9s do e-mail prosel.coord@reitoria.ifbaiano.edu.br ou telefone (71) 3186-0028, das 8h \u00e0s 17h.<\/p>\n\n\n\n<hr class=\"wp-block-separator has-alpha-channel-opacity\" \/>\n","protected":false},"excerpt":{"rendered":"<p>O Instituto Federal de Educa\u00e7\u00e3o, Ci\u00eancia e Tecnologia Baiano (IF Baiano) lan\u00e7ou tr\u00eas editais para selecionar coordenadores, professores e tutores que ir\u00e3o atuar em cursos de p\u00f3s-gradua\u00e7\u00e3o lato sensu na modalidade de Educa\u00e7\u00e3o a Dist\u00e2ncia (EaD), no \u00e2mbito do Programa Universidade Aberta do Brasil (UAB). Os cursos s\u00e3o vinculados \u00e0 Coordena\u00e7\u00e3o de Aperfei\u00e7oamento de Pessoal [&hellip;]<\/p>\n","protected":false},"author":86,"featured_media":22991,"comment_status":"closed","ping_status":"closed","sticky":false,"template":"","format":"standard","meta":[],"categories":[4,38,5,57],"tags":[],"_links":{"self":[{"href":"https:\/\/www.ifbaiano.edu.br\/unidades\/santaines\/wp-json\/wp\/v2\/posts\/22990"}],"collection":[{"href":"https:\/\/www.ifbaiano.edu.br\/unidades\/santaines\/wp-json\/wp\/v2\/posts"}],"about":[{"href":"https:\/\/www.ifbaiano.edu.br\/unidades\/santaines\/wp-json\/wp\/v2\/types\/post"}],"author":[{"embeddable":true,"href":"https:\/\/www.ifbaiano.edu.br\/unidades\/santaines\/wp-json\/wp\/v2\/users\/86"}],"replies":[{"embeddable":true,"href":"https:\/\/www.ifbaiano.edu.br\/unidades\/santaines\/wp-json\/wp\/v2\/comments?post=22990"}],"version-history":[{"count":1,"href":"https:\/\/www.ifbaiano.edu.br\/unidades\/santaines\/wp-json\/wp\/v2\/posts\/22990\/revisions"}],"predecessor-version":[{"id":22992,"href":"https:\/\/www.ifbaiano.edu.br\/unidades\/santaines\/wp-json\/wp\/v2\/posts\/22990\/revisions\/22992"}],"wp:featuredmedia":[{"embeddable":true,"href":"https:\/\/www.ifbaiano.edu.br\/unidades\/santaines\/wp-json\/wp\/v2\/media\/22991"}],"wp:attachment":[{"href":"https:\/\/www.ifbaiano.edu.br\/unidades\/santaines\/wp-json\/wp\/v2\/media?parent=22990"}],"wp:term":[{"taxonomy":"category","embeddable":true,"href":"https:\/\/www.ifbaiano.edu.br\/unidades\/santaines\/wp-json\/wp\/v2\/categories?post=22990"},{"taxonomy":"post_tag","embeddable":true,"href":"https:\/\/www.ifbaiano.edu.br\/unidades\/santaines\/wp-json\/wp\/v2\/tags?post=22990"}],"curies":[{"name":"wp","href":"https:\/\/api.w.org\/{rel}","templated":true}]}}