{"id":23039,"date":"2025-01-20T10:19:27","date_gmt":"2025-01-20T13:19:27","guid":{"rendered":"https:\/\/www.ifbaiano.edu.br\/unidades\/santaines\/?p=23039"},"modified":"2025-01-20T10:40:08","modified_gmt":"2025-01-20T13:40:08","slug":"if-baiano-campus-santa-ines-abre-inscricoes-para-vagas-remanescentes-em-cursos-tecnicos","status":"publish","type":"post","link":"https:\/\/www.ifbaiano.edu.br\/unidades\/santaines\/if-baiano-campus-santa-ines-abre-inscricoes-para-vagas-remanescentes-em-cursos-tecnicos\/","title":{"rendered":"IF Baiano &#8211; Campus Santa In\u00eas abre inscri\u00e7\u00f5es para vagas remanescentes em cursos t\u00e9cnicos"},"content":{"rendered":"\n<p>O Instituto Federal de Educa\u00e7\u00e3o, Ci\u00eancia e Tecnologia Baiano (IF Baiano) \u2013 Campus Santa In\u00eas abre inscri\u00e7\u00f5es para 72 vagas remanescentes e lista de espera em cursos t\u00e9cnicos de n\u00edvel m\u00e9dio, na forma integrada ao ensino m\u00e9dio. As vagas s\u00e3o para os cursos T\u00e9cnico em Agropecu\u00e1ria &#8211; 24 vagas, T\u00e9cnico em Alimentos &#8211; 37 vagas, T\u00e9cnico em Inform\u00e1tica &#8211; 11 vagas. N\u00e3o h\u00e1 vagas disponibilizadas para o curso T\u00e9cnico em Zootecnia. Por\u00e9m h\u00e1 inscri\u00e7\u00e3o para lista de espera. <\/p>\n\n\n\n<p>As inscri\u00e7\u00f5es\/matr\u00edculas ocorrer\u00e3o por meio de manifesta\u00e7\u00e3o de interesse na vaga, seguindo a ordem de chegada, presencialmente no Campus Santa In\u00eas, entre os dias 23 e 28 de janeiro de 2025, das 8h \u00e0s 13h30.<\/p>\n\n\n\n<p><strong>Requisitos:<\/strong><\/p>\n\n\n\n<p>Para concorrer a uma vaga, \u00e9 necess\u00e1rio ter conclu\u00eddo o ensino fundamental e apresentar a documenta\u00e7\u00e3o listada no edital. Essa documenta\u00e7\u00e3o inclui RG, CPF, hist\u00f3rico escolar do ensino fundamental com certificado de conclus\u00e3o, comprovante de resid\u00eancia, entre outros. Candidatos menores de 18 anos devem estar acompanhados do seu respons\u00e1vel legal.<\/p>\n\n\n\n<p><strong>Sele\u00e7\u00e3o:<\/strong><\/p>\n\n\n\n<p>A sele\u00e7\u00e3o se dar\u00e1 pela ordem de chegada e entrega da documenta\u00e7\u00e3o completa. Caso o n\u00famero de interessados seja maior que o n\u00famero de vagas, os candidatos restantes ser\u00e3o inclu\u00eddos em lista de espera. Se o n\u00famero de interessados for menor que o n\u00famero de vagas, as matr\u00edculas continuar\u00e3o abertas at\u00e9 o preenchimento das vagas ou o in\u00edcio das aulas (o que ocorrer primeiro). Em caso de empate, a maior idade ser\u00e1 o crit\u00e9rio de desempate.<\/p>\n\n\n\n<p>O edital completo e a lista completa de documentos, est\u00e1 dispon\u00edvel nesta P\u00e1gina e na <a href=\"https:\/\/concurso.ifbaiano.edu.br\/portal\/ingresso-2025-integrado-santa-ines-setembro-2024\/\">P\u00e1gina de Concursos<\/a>. D\u00favidas podem ser encaminhadas para o e-mail&nbsp;<a rel=\"noreferrer noopener\" href=\"https:\/\/www.google.com\/url?sa=E&amp;q=mailto%3Aprosel%40si.ifbaiano.edu.br\" target=\"_blank\">prosel@si.ifbaiano.edu.br<\/a>. O in\u00edcio das aulas est\u00e1 previsto para 07 de abril de 2025.<\/p>\n\n\n\n<hr class=\"wp-block-separator has-alpha-channel-opacity\" \/>\n\n\n\n<p><strong>Documentos Etapas do Processo<\/strong>:<\/p>\n\n\n\n<ul>\n<li><a rel=\"noreferrer noopener\" href=\"https:\/\/concurso.ifbaiano.edu.br\/portal\/ingresso-2025-integrado-santa-ines-setembro-2024\/wp-content\/uploads\/sites\/1059\/2025\/01\/Edital-03-Vagas-Remanescentes-PROSEL-ingresso-2025.pdf\" target=\"_blank\">Edital n\u00ba 03<\/a><\/li>\n<\/ul>\n\n\n\n<p><\/p>\n","protected":false},"excerpt":{"rendered":"<p>O Instituto Federal de Educa\u00e7\u00e3o, Ci\u00eancia e Tecnologia Baiano (IF Baiano) \u2013 Campus Santa In\u00eas abre inscri\u00e7\u00f5es para 72 vagas remanescentes e lista de espera em cursos t\u00e9cnicos de n\u00edvel m\u00e9dio, na forma integrada ao ensino m\u00e9dio. As vagas s\u00e3o para os cursos T\u00e9cnico em Agropecu\u00e1ria &#8211; 24 vagas, T\u00e9cnico em Alimentos &#8211; 37 vagas, [&hellip;]<\/p>\n","protected":false},"author":86,"featured_media":0,"comment_status":"closed","ping_status":"closed","sticky":false,"template":"","format":"standard","meta":[],"categories":[4,5,8,57],"tags":[],"_links":{"self":[{"href":"https:\/\/www.ifbaiano.edu.br\/unidades\/santaines\/wp-json\/wp\/v2\/posts\/23039"}],"collection":[{"href":"https:\/\/www.ifbaiano.edu.br\/unidades\/santaines\/wp-json\/wp\/v2\/posts"}],"about":[{"href":"https:\/\/www.ifbaiano.edu.br\/unidades\/santaines\/wp-json\/wp\/v2\/types\/post"}],"author":[{"embeddable":true,"href":"https:\/\/www.ifbaiano.edu.br\/unidades\/santaines\/wp-json\/wp\/v2\/users\/86"}],"replies":[{"embeddable":true,"href":"https:\/\/www.ifbaiano.edu.br\/unidades\/santaines\/wp-json\/wp\/v2\/comments?post=23039"}],"version-history":[{"count":3,"href":"https:\/\/www.ifbaiano.edu.br\/unidades\/santaines\/wp-json\/wp\/v2\/posts\/23039\/revisions"}],"predecessor-version":[{"id":23051,"href":"https:\/\/www.ifbaiano.edu.br\/unidades\/santaines\/wp-json\/wp\/v2\/posts\/23039\/revisions\/23051"}],"wp:attachment":[{"href":"https:\/\/www.ifbaiano.edu.br\/unidades\/santaines\/wp-json\/wp\/v2\/media?parent=23039"}],"wp:term":[{"taxonomy":"category","embeddable":true,"href":"https:\/\/www.ifbaiano.edu.br\/unidades\/santaines\/wp-json\/wp\/v2\/categories?post=23039"},{"taxonomy":"post_tag","embeddable":true,"href":"https:\/\/www.ifbaiano.edu.br\/unidades\/santaines\/wp-json\/wp\/v2\/tags?post=23039"}],"curies":[{"name":"wp","href":"https:\/\/api.w.org\/{rel}","templated":true}]}}