{"id":23041,"date":"2025-02-06T11:11:00","date_gmt":"2025-02-06T14:11:00","guid":{"rendered":"https:\/\/www.ifbaiano.edu.br\/unidades\/santaines\/?p=23041"},"modified":"2025-02-06T11:11:52","modified_gmt":"2025-02-06T14:11:52","slug":"if-baiano-campus-santa-ines-abre-inscricoes-para-residencia-estudantil-2025","status":"publish","type":"post","link":"https:\/\/www.ifbaiano.edu.br\/unidades\/santaines\/if-baiano-campus-santa-ines-abre-inscricoes-para-residencia-estudantil-2025\/","title":{"rendered":"IF Baiano &#8211; Campus Santa In\u00eas abre inscri\u00e7\u00f5es para Resid\u00eancia Estudantil 2025"},"content":{"rendered":"\n<p>O IF Baiano \u2013 Campus Santa In\u00eas divulgou o <a href=\"https:\/\/www.ifbaiano.edu.br\/unidades\/santaines\/files\/2025\/01\/Edital-Residencia-Estudantil.pdf\">Edital n\u00ba 1\/2025<\/a>, que abre inscri\u00e7\u00f5es para a Resid\u00eancia Estudantil em 2025. O programa oferece 70 vagas, sendo 36 para mulheres e 34 para homens, para estudantes regularmente matriculados em cursos presenciais do Ensino M\u00e9dio Integrado.<\/p>\n\n\n\n<p>As inscri\u00e7\u00f5es s\u00e3o destinadas a estudantes em situa\u00e7\u00e3o de vulnerabilidade socioecon\u00f4mica, com renda familiar per capita de at\u00e9 um sal\u00e1rio m\u00ednimo e meio, conforme a <a href=\"https:\/\/www.planalto.gov.br\/ccivil_03\/_ato2023-2026\/2024\/lei\/L14914.htm\">Lei 14.914\/2024<\/a>. Estudantes de outros estados, de munic\u00edpios sem transporte escolar regular para o IF Baiano e da zona rural de Santa In\u00eas, com idade entre 13 e 17 anos, ter\u00e3o prefer\u00eancia. <\/p>\n\n\n\n<p>As inscri\u00e7\u00f5es s\u00e3o realizadas exclusivamente por e-mail, para\u00a0<a rel=\"noreferrer noopener\" href=\"https:\/\/www.google.com\/url?sa=E&amp;q=mailto%3Aclae%40si.ifbaiano.edu.br\" target=\"_blank\">clae@si.ifbaiano.edu.br<\/a>, no per\u00edodo de 06 a 22 de fevereiro de 2025, \u00e0s 00h, conforme <a href=\"https:\/\/www.ifbaiano.edu.br\/unidades\/santaines\/files\/2025\/02\/EDITAL-DE-RETIFICACAO-No-5-2025-Residencia-Estudantil.pdf\">Edital de Retifica\u00e7\u00e3o<\/a>. Os candidatos devem anexar os documentos exigidos: RG, CPF, comprovante de matr\u00edcula, comprovante de resid\u00eancia atualizado, espelho do Cadastro \u00danico (CAD\u00danico) e a <a href=\"https:\/\/www.ifbaiano.edu.br\/unidades\/santaines\/files\/2025\/01\/Residencia-Estudantil-FICHA-DE-INSCRICAO.pdf\">ficha de inscri\u00e7\u00e3o<\/a>.<\/p>\n\n\n\n<p>A sele\u00e7\u00e3o ser\u00e1 feita pela Comiss\u00e3o Local de Assist\u00eancia Estudantil (CLAE), com base na an\u00e1lise da documenta\u00e7\u00e3o e na renda familiar do candidato, conforme o CAD\u00danico. Os crit\u00e9rios de desempate s\u00e3o: menor renda, maior dist\u00e2ncia da resid\u00eancia familiar ao campus e maior n\u00famero de membros na fam\u00edlia. Os selecionados dever\u00e3o assinar um termo de responsabilidade e participar de uma reuni\u00e3o com a Coordena\u00e7\u00e3o de Assuntos Estudantis (CAE). <\/p>\n\n\n\n<p><strong>Cronograma:<\/strong><\/p>\n\n\n\n<ul>\n<li>Publica\u00e7\u00e3o do <a href=\"https:\/\/www.ifbaiano.edu.br\/unidades\/santaines\/files\/2025\/01\/Edital-Residencia-Estudantil.pdf\">edital<\/a>: 17\/01\/2025<\/li>\n\n\n\n<li>Impugna\u00e7\u00e3o do edital (<a href=\"https:\/\/www.ifbaiano.edu.br\/unidades\/santaines\/files\/2025\/01\/Residencia-Estudantil-FORMULARIO-DE-INTERPOSICAO-DE-RECURSO-IMPUGNACAO-DO-EDITAL.pdf\">Formul\u00e1rio<\/a>): 03 a 05\/02\/2025<\/li>\n\n\n\n<li>Resultado preliminar: 25\/02\/2025<\/li>\n\n\n\n<li>Recursos ao resultado preliminar (<a href=\"https:\/\/www.ifbaiano.edu.br\/unidades\/santaines\/files\/2025\/01\/Residencia-Estudantil-FORMULARIO-DE-INTERPOSICAO-DE-RECURSO-IMPUGNACAO-DO-EDITAL.pdf\">Formul\u00e1rio<\/a>): 25\/02\/2025<\/li>\n\n\n\n<li>Resultado da interposi\u00e7\u00e3o de recursos: 28\/02\/2025<\/li>\n\n\n\n<li>Resultado final: 05\/03\/2025<\/li>\n\n\n\n<li>Publica\u00e7\u00e3o do <a href=\"https:\/\/www.ifbaiano.edu.br\/unidades\/santaines\/files\/2025\/02\/EDITAL-DE-RETIFICACAO-No-5-2025-Residencia-Estudantil.pdf\">Edital de Retifica\u00e7\u00e3o<\/a>: 06\/02\/2025<\/li>\n<\/ul>\n\n\n\n<p>O edital completo est\u00e1 dispon\u00edvel <a href=\"https:\/\/www.ifbaiano.edu.br\/unidades\/santaines\/files\/2025\/01\/Edital-Residencia-Estudantil.pdf\">AQUI<\/a>. As  d\u00favidas devem ser encaminhadas para o e-mail&nbsp;<a rel=\"noreferrer noopener\" href=\"https:\/\/www.google.com\/url?sa=E&amp;q=mailto%3Aclae%40si.ifbaiano.edu.br\" target=\"_blank\">clae@si.ifbaiano.edu.br<\/a>&nbsp;ou atrav\u00e9s de mensagem via WhatsApp (73) 98144-6257.<\/p>\n\n\n\n<hr class=\"wp-block-separator has-alpha-channel-opacity\" \/>\n","protected":false},"excerpt":{"rendered":"<p>O IF Baiano \u2013 Campus Santa In\u00eas divulgou o Edital n\u00ba 1\/2025, que abre inscri\u00e7\u00f5es para a Resid\u00eancia Estudantil em 2025. O programa oferece 70 vagas, sendo 36 para mulheres e 34 para homens, para estudantes regularmente matriculados em cursos presenciais do Ensino M\u00e9dio Integrado. As inscri\u00e7\u00f5es s\u00e3o destinadas a estudantes em situa\u00e7\u00e3o de vulnerabilidade [&hellip;]<\/p>\n","protected":false},"author":86,"featured_media":18134,"comment_status":"closed","ping_status":"closed","sticky":false,"template":"","format":"standard","meta":[],"categories":[4,38,5,8,57],"tags":[],"_links":{"self":[{"href":"https:\/\/www.ifbaiano.edu.br\/unidades\/santaines\/wp-json\/wp\/v2\/posts\/23041"}],"collection":[{"href":"https:\/\/www.ifbaiano.edu.br\/unidades\/santaines\/wp-json\/wp\/v2\/posts"}],"about":[{"href":"https:\/\/www.ifbaiano.edu.br\/unidades\/santaines\/wp-json\/wp\/v2\/types\/post"}],"author":[{"embeddable":true,"href":"https:\/\/www.ifbaiano.edu.br\/unidades\/santaines\/wp-json\/wp\/v2\/users\/86"}],"replies":[{"embeddable":true,"href":"https:\/\/www.ifbaiano.edu.br\/unidades\/santaines\/wp-json\/wp\/v2\/comments?post=23041"}],"version-history":[{"count":4,"href":"https:\/\/www.ifbaiano.edu.br\/unidades\/santaines\/wp-json\/wp\/v2\/posts\/23041\/revisions"}],"predecessor-version":[{"id":23084,"href":"https:\/\/www.ifbaiano.edu.br\/unidades\/santaines\/wp-json\/wp\/v2\/posts\/23041\/revisions\/23084"}],"wp:featuredmedia":[{"embeddable":true,"href":"https:\/\/www.ifbaiano.edu.br\/unidades\/santaines\/wp-json\/wp\/v2\/media\/18134"}],"wp:attachment":[{"href":"https:\/\/www.ifbaiano.edu.br\/unidades\/santaines\/wp-json\/wp\/v2\/media?parent=23041"}],"wp:term":[{"taxonomy":"category","embeddable":true,"href":"https:\/\/www.ifbaiano.edu.br\/unidades\/santaines\/wp-json\/wp\/v2\/categories?post=23041"},{"taxonomy":"post_tag","embeddable":true,"href":"https:\/\/www.ifbaiano.edu.br\/unidades\/santaines\/wp-json\/wp\/v2\/tags?post=23041"}],"curies":[{"name":"wp","href":"https:\/\/api.w.org\/{rel}","templated":true}]}}