{"id":23048,"date":"2025-01-17T16:34:59","date_gmt":"2025-01-17T19:34:59","guid":{"rendered":"https:\/\/www.ifbaiano.edu.br\/unidades\/santaines\/?p=23048"},"modified":"2025-01-28T15:55:50","modified_gmt":"2025-01-28T18:55:50","slug":"if-baiano-campus-santa-ines-divulga-edital-para-matricula-e-lista-de-espera-do-sisu-2025-1","status":"publish","type":"post","link":"https:\/\/www.ifbaiano.edu.br\/unidades\/santaines\/if-baiano-campus-santa-ines-divulga-edital-para-matricula-e-lista-de-espera-do-sisu-2025-1\/","title":{"rendered":"IF Baiano &#8211; Campus Santa In\u00eas divulga edital para matr\u00edcula e lista de espera do SISU 2025.1"},"content":{"rendered":"\n<p>O Instituto Federal Baiano (IF Baiano) &#8211; Campus Santa In\u00eas publicou o <a rel=\"noreferrer noopener\" href=\"https:\/\/concurso.ifbaiano.edu.br\/portal\/ingresso-2025-cursos-superiores-sisu-santa-ines-janeiro-2025\/wp-content\/uploads\/sites\/1138\/2025\/01\/Edital-de-Matricula-Campus-Santa-Ines.pdf\" target=\"_blank\">Edital n\u00ba 02<\/a>, que define as etapas e convoca\u00e7\u00f5es para matr\u00edcula e lista de espera dos cursos de gradua\u00e7\u00e3o selecionados pelo Sistema de Sele\u00e7\u00e3o Unificada (SISU) 2025.1 conforme <a rel=\"noreferrer noopener\" href=\"https:\/\/concurso.ifbaiano.edu.br\/portal\/ingresso-2025-cursos-superiores-sisu-santa-ines-janeiro-2025\/wp-content\/uploads\/sites\/1138\/2025\/01\/Edital-no-08.pdf\" target=\"_blank\">Edital n\u00ba 08<\/a>.<\/p>\n\n\n\n<p><strong>Matr\u00edcula:<\/strong><\/p>\n\n\n\n<p>A matr\u00edcula dos candidatos aprovados na chamada regular acontecer\u00e1 presencialmente de&nbsp;<strong>29 a 31 de janeiro de 2025<\/strong>, das 7h30 \u00e0s 13h30, na Secretaria de Registros Acad\u00eamicos (SRA) do IF Baiano &#8211; Campus Santa In\u00eas, ap\u00f3s confer\u00eancia da documenta\u00e7\u00e3o.<\/p>\n\n\n\n<p><strong>Etapas do processo:<\/strong><\/p>\n\n\n\n<p>O cronograma detalhado, dispon\u00edvel no edital, inclui as seguintes etapas: inscri\u00e7\u00f5es no SISU (de 17 a 21 de janeiro), resultado da chamada regular (26 de janeiro), publica\u00e7\u00e3o do resultado (27 de janeiro), pr\u00e9-matr\u00edcula (28 a 31 de janeiro), lista de espera (26 a 31 de janeiro), publica\u00e7\u00e3o da lista de espera (11 de fevereiro), banca de heteroidentifica\u00e7\u00e3o (12 a 14 de fevereiro), resultado da banca (17 de fevereiro), recursos (17 a 18 de fevereiro), resultado final da banca (19 de fevereiro), publica\u00e7\u00e3o final da lista de espera (19 de fevereiro), convoca\u00e7\u00e3o da lista de espera (1\u00aa, 2\u00aa e 3\u00aa chamadas) e matr\u00edcula da lista de espera (24 a 26 de fevereiro, 6 e 7 de mar\u00e7o e 11 a 14 de mar\u00e7o).<\/p>\n\n\n\n<p><strong>Documenta\u00e7\u00e3o:<\/strong><\/p>\n\n\n\n<p>A documenta\u00e7\u00e3o exigida varia de acordo com a modalidade de vaga (ampla concorr\u00eancia, cotas para pretos, pardos e ind\u00edgenas, quilombolas ou pessoas com defici\u00eancia) e inclui RG, CPF, certid\u00e3o de nascimento ou casamento, hist\u00f3rico escolar, comprovante de renda e outros documentos especificados no edital. Candidatos autodeclarados pretos, pardos ou ind\u00edgenas passar\u00e3o por uma banca de heteroidentifica\u00e7\u00e3o.<\/p>\n\n\n\n<p><strong>Lista de Espera:<\/strong><\/p>\n\n\n\n<p>Os candidatos devem confirmar seu interesse na lista de espera no site do SISU at\u00e9 31 de janeiro de 2025.<\/p>\n\n\n\n<p><strong>Contatos e Edital:<\/strong><\/p>\n\n\n\n<p>O edital completo est\u00e1 dispon\u00edvel tamb\u00e9m no <a href=\"https:\/\/concurso.ifbaiano.edu.br\/portal\/ingresso-2025-cursos-superiores-sisu-santa-ines-janeiro-2025\/\">Portal do IF Baiano<\/a>. Para d\u00favidas, entre em contato pelo e-mail&nbsp;<a rel=\"noreferrer noopener\" href=\"https:\/\/www.google.com\/url?sa=E&amp;q=mailto%3Aprosel%40si.ifbaiano.edu.br\" target=\"_blank\">prosel@si.ifbaiano.edu.br<\/a>&nbsp;ou pelos telefones (73) 98107-9118 ou (73) 98128-9734.<\/p>\n\n\n\n<p><strong>Observa\u00e7\u00e3o:<\/strong>&nbsp;A aprova\u00e7\u00e3o no SISU n\u00e3o garante automaticamente acesso a programas de assist\u00eancia estudantil que exigem repasse financeiro. A falsidade de informa\u00e7\u00f5es pode levar ao cancelamento da matr\u00edcula.<\/p>\n\n\n\n<hr class=\"wp-block-separator has-alpha-channel-opacity\" \/>\n","protected":false},"excerpt":{"rendered":"<p>O Instituto Federal Baiano (IF Baiano) &#8211; Campus Santa In\u00eas publicou o Edital n\u00ba 02, que define as etapas e convoca\u00e7\u00f5es para matr\u00edcula e lista de espera dos cursos de gradua\u00e7\u00e3o selecionados pelo Sistema de Sele\u00e7\u00e3o Unificada (SISU) 2025.1 conforme Edital n\u00ba 08. Matr\u00edcula: A matr\u00edcula dos candidatos aprovados na chamada regular acontecer\u00e1 presencialmente de&nbsp;29 [&hellip;]<\/p>\n","protected":false},"author":86,"featured_media":0,"comment_status":"closed","ping_status":"closed","sticky":false,"template":"","format":"standard","meta":[],"categories":[4,5,8,57],"tags":[],"_links":{"self":[{"href":"https:\/\/www.ifbaiano.edu.br\/unidades\/santaines\/wp-json\/wp\/v2\/posts\/23048"}],"collection":[{"href":"https:\/\/www.ifbaiano.edu.br\/unidades\/santaines\/wp-json\/wp\/v2\/posts"}],"about":[{"href":"https:\/\/www.ifbaiano.edu.br\/unidades\/santaines\/wp-json\/wp\/v2\/types\/post"}],"author":[{"embeddable":true,"href":"https:\/\/www.ifbaiano.edu.br\/unidades\/santaines\/wp-json\/wp\/v2\/users\/86"}],"replies":[{"embeddable":true,"href":"https:\/\/www.ifbaiano.edu.br\/unidades\/santaines\/wp-json\/wp\/v2\/comments?post=23048"}],"version-history":[{"count":3,"href":"https:\/\/www.ifbaiano.edu.br\/unidades\/santaines\/wp-json\/wp\/v2\/posts\/23048\/revisions"}],"predecessor-version":[{"id":23057,"href":"https:\/\/www.ifbaiano.edu.br\/unidades\/santaines\/wp-json\/wp\/v2\/posts\/23048\/revisions\/23057"}],"wp:attachment":[{"href":"https:\/\/www.ifbaiano.edu.br\/unidades\/santaines\/wp-json\/wp\/v2\/media?parent=23048"}],"wp:term":[{"taxonomy":"category","embeddable":true,"href":"https:\/\/www.ifbaiano.edu.br\/unidades\/santaines\/wp-json\/wp\/v2\/categories?post=23048"},{"taxonomy":"post_tag","embeddable":true,"href":"https:\/\/www.ifbaiano.edu.br\/unidades\/santaines\/wp-json\/wp\/v2\/tags?post=23048"}],"curies":[{"name":"wp","href":"https:\/\/api.w.org\/{rel}","templated":true}]}}