{"id":23062,"date":"2025-01-28T15:54:46","date_gmt":"2025-01-28T18:54:46","guid":{"rendered":"https:\/\/www.ifbaiano.edu.br\/unidades\/santaines\/?p=23062"},"modified":"2025-01-30T20:34:00","modified_gmt":"2025-01-30T23:34:00","slug":"campus-santa-ines-anuncia-pre-matricula-para-candidatos-selecionados-pelo-sisu","status":"publish","type":"post","link":"https:\/\/www.ifbaiano.edu.br\/unidades\/santaines\/campus-santa-ines-anuncia-pre-matricula-para-candidatos-selecionados-pelo-sisu\/","title":{"rendered":"Campus Santa In\u00eas anuncia pr\u00e9-matr\u00edcula para candidatos selecionados pelo SISU"},"content":{"rendered":"\n<p>O Instituto Federal de Educa\u00e7\u00e3o, Ci\u00eancia e Tecnologia Baiano (IF Baiano), Campus Santa In\u00eas, emitiu um <a href=\"https:\/\/www.ifbaiano.edu.br\/unidades\/santaines\/files\/2025\/01\/OFICIO-01.2025-Publicacao-do-SISU.pdf\">comunicado oficial<\/a> sobre os procedimentos de pr\u00e9-matr\u00edcula para candidatos selecionados atrav\u00e9s do Sistema de Sele\u00e7\u00e3o Unificada (SISU). O <a href=\"https:\/\/www.ifbaiano.edu.br\/unidades\/santaines\/files\/2025\/01\/OFICIO-01.2025-Publicacao-do-SISU.pdf\">comunicado<\/a>, datado de 28 de janeiro de 2025, descreve os passos necess\u00e1rios para que os futuros alunos garantam suas vagas nos cursos de n\u00edvel superior oferecidos no campus.<\/p>\n\n\n\n<p><strong>Detalhes da Pr\u00e9-Matr\u00edcula<\/strong><\/p>\n\n\n\n<p>De acordo com o comunicado, todos os candidatos aprovados pelo SISU devem realizar a pr\u00e9-matr\u00edcula conforme especificado no <a href=\"https:\/\/concurso.ifbaiano.edu.br\/portal\/ingresso-2025-cursos-superiores-sisu-santa-ines-janeiro-2025\/\">Edital 02\/2025<\/a> e <a href=\"https:\/\/www.ifbaiano.edu.br\/unidades\/santaines\/files\/2025\/01\/Edital-de-Retificacao-4-2025.pdf\">Edital de Retifica\u00e7\u00e3o n\u00ba 4\/2025<\/a> que altera o cronograma previamente divulgado. O per\u00edodo de pr\u00e9-matr\u00edcula est\u00e1 agendado para o per\u00edodo de\u00a0<strong>28 de janeiro a 03 de fevereiro de 2025<\/strong>\u00a0e\u00a0<strong>dever\u00e1 ser realizado presencialmente<\/strong>.<\/p>\n\n\n\n<p>\u00c9 fundamental que os candidatos observem atentamente as mudan\u00e7as no cronograma detalhadas no Edital de Retifica\u00e7\u00e3o n\u00ba 4\/2025, para garantir que n\u00e3o percam nenhuma etapa do processo de matr\u00edcula. As altera\u00e7\u00f5es afetam principalmente as datas de pr\u00e9-matr\u00edcula, manifesta\u00e7\u00e3o de interesse na lista de espera, a realiza\u00e7\u00e3o e o resultado da banca de heteroidentifica\u00e7\u00e3o, e as chamadas para matr\u00edculas da lista de espera.<\/p>\n\n\n\n<p><strong>Cronograma Retificado:<\/strong><\/p>\n\n\n\n<p>Segue um resumo do cronograma com as altera\u00e7\u00f5es:<\/p>\n\n\n\n<ul>\n<li><strong>Per\u00edodo de Inscri\u00e7\u00f5es no Portal do SISU:<\/strong>&nbsp;17\/01 a 21\/01\/2025<\/li>\n\n\n\n<li><strong>Resultado da Chamada Regular:<\/strong>&nbsp;26\/01\/2025<\/li>\n\n\n\n<li><strong>Publica\u00e7\u00e3o do Resultado da Chamada Regular:<\/strong>&nbsp;27\/01\/2025<\/li>\n\n\n\n<li><strong>Convoca\u00e7\u00e3o para a Pr\u00e9-Matr\u00edcula para os Candidatos Aprovados na Chamada Regular:<\/strong>&nbsp;28\/01\/2025<\/li>\n\n\n\n<li><strong>Realiza\u00e7\u00e3o da Pr\u00e9-Matr\u00edcula:<\/strong>&nbsp;28\/01 a 03\/02\/2025<\/li>\n\n\n\n<li><strong>Manifesta\u00e7\u00e3o de Interesse para participar da lista de espera:<\/strong>&nbsp;26\/01 a 31\/01\/2025<\/li>\n\n\n\n<li><strong>Publica\u00e7\u00e3o Preliminar da Lista de Espera:<\/strong>&nbsp;11\/02\/2025<\/li>\n\n\n\n<li><strong>Convoca\u00e7\u00e3o para a realiza\u00e7\u00e3o da banca de heteroidentifica\u00e7\u00e3o (reservas para PPI):<\/strong>&nbsp;12\/02\/2025<\/li>\n\n\n\n<li><strong>Realiza\u00e7\u00e3o da Banca de Heteroidentifica\u00e7\u00e3o:<\/strong>&nbsp;13\/02 a 14\/02\/2025<\/li>\n\n\n\n<li><strong>Resultado Preliminar da Banca de Heteroidentifica\u00e7\u00e3o:<\/strong>&nbsp;17\/02\/2025<\/li>\n\n\n\n<li><strong>Per\u00edodo de Recurso da Banca de Heteroidentifica\u00e7\u00e3o:<\/strong>&nbsp;17\/02 a 18\/02\/2025<\/li>\n\n\n\n<li><strong>Realiza\u00e7\u00e3o da Banca Recursal de Heteroidentifica\u00e7\u00e3o:<\/strong>&nbsp;19\/02\/2025<\/li>\n\n\n\n<li><strong>Resultado Final da Banca de Heteroidentifica\u00e7\u00e3o:<\/strong>&nbsp;19\/02\/2025<\/li>\n\n\n\n<li><strong>Publica\u00e7\u00e3o Final da Lista de Espera:<\/strong>&nbsp;20\/02\/2025<\/li>\n\n\n\n<li><strong>Convoca\u00e7\u00e3o da 1\u00aa Chamada para matr\u00edcula da lista de espera:<\/strong>&nbsp;21\/02\/2025<\/li>\n\n\n\n<li><strong>Matr\u00edcula da 1\u00aa Chamada da Lista de Espera:<\/strong>&nbsp;24\/02 a 26\/02\/2025<\/li>\n\n\n\n<li><strong>Convoca\u00e7\u00e3o da 2\u00aa Chamada para matr\u00edcula da lista de espera:<\/strong>&nbsp;27\/02\/2025<\/li>\n\n\n\n<li><strong>Matr\u00edcula da 2\u00aa Chamada da Lista de Espera:<\/strong>&nbsp;06\/03 e 07\/03\/2025<\/li>\n\n\n\n<li><strong>Convoca\u00e7\u00e3o da 3\u00aa Chamada para matr\u00edcula da lista de espera:<\/strong>&nbsp;10\/03\/2025<\/li>\n\n\n\n<li><strong>Matr\u00edcula da 3\u00aa Chamada:<\/strong>&nbsp;11\/03 a 14\/03\/2025<\/li>\n<\/ul>\n\n\n\n<p><em>Nota: As datas entre 17\/02 e 20\/02 se referem aos procedimentos relacionados \u00e0 banca de heteroidentifica\u00e7\u00e3o e o envio de recursos. A lista completa e detalhada est\u00e1 no <a href=\"https:\/\/www.ifbaiano.edu.br\/unidades\/santaines\/files\/2025\/01\/Edital-de-Retificacao-4-2025.pdf\">Edital de Retifica\u00e7\u00e3o n\u00ba 4\/2025<\/a>.<\/em><\/p>\n\n\n\n<p><strong>Observa\u00e7\u00f5es Importantes:<\/strong><\/p>\n\n\n\n<ul>\n<li>O endere\u00e7o para a realiza\u00e7\u00e3o da pr\u00e9-matr\u00edcula continua sendo o mesmo: Instituto Federal de Educa\u00e7\u00e3o, Ci\u00eancia e Tecnologia Baiano &#8211; Campus Santa In\u00eas, BR 420 (Rodovia Santa In\u00eas \u2013 Uba\u00edra), Zona Rural, Bahia.<\/li>\n\n\n\n<li>O hor\u00e1rio de funcionamento e a documenta\u00e7\u00e3o exigida permanecem conforme o <a href=\"https:\/\/concurso.ifbaiano.edu.br\/portal\/ingresso-2025-cursos-superiores-sisu-santa-ines-janeiro-2025\/\">Edital Original 02\/2025<\/a>.<\/li>\n\n\n\n<li>A manifesta\u00e7\u00e3o de interesse em participar da lista de espera deve ser realizada diretamente no site do SISU.<\/li>\n<\/ul>\n\n\n\n<p>Os candidatos devem observar atentamente a documenta\u00e7\u00e3o exigida no item 2 do <a href=\"https:\/\/concurso.ifbaiano.edu.br\/portal\/ingresso-2025-cursos-superiores-sisu-santa-ines-janeiro-2025\/\">Edital 02\/2025<\/a>. Essa documenta\u00e7\u00e3o \u00e9 fundamental para confirmar a modalidade de aprova\u00e7\u00e3o e a matr\u00edcula.<\/p>\n\n\n\n<p>Candidatos que fazem parte do sistema de cotas (reserva de vagas) tamb\u00e9m devem observar a documenta\u00e7\u00e3o espec\u00edfica necess\u00e1ria para comprovar sua elegibilidade. Todos os documentos e declara\u00e7\u00f5es necess\u00e1rios est\u00e3o listados no <a href=\"https:\/\/concurso.ifbaiano.edu.br\/portal\/ingresso-2025-cursos-superiores-sisu-santa-ines-janeiro-2025\/\">Edital 02\/2025<\/a>.<\/p>\n\n\n\n<p><strong>Cronograma e Local<\/strong><\/p>\n\n\n\n<p>O processo de pr\u00e9-matr\u00edcula ser\u00e1 realizado na Secretaria de Registros Acad\u00eamicos (SRA), o per\u00edodo de\u00a0<strong>28 de janeiro a 03 de fevereiro de 2025<\/strong>, das 7h30 \u00e0s 13h30. Os candidatos dever\u00e3o comparecer com todos os documentos exigidos, conforme o <a href=\"https:\/\/concurso.ifbaiano.edu.br\/portal\/ingresso-2025-cursos-superiores-sisu-santa-ines-janeiro-2025\/\">Edital 02\/2025<\/a>.<\/p>\n\n\n\n<p><strong>Aus\u00eancia de Documentos e Condi\u00e7\u00f5es de Matr\u00edcula<\/strong><\/p>\n\n\n\n<p>Nos casos em que os candidatos n\u00e3o puderem apresentar o documento de identifica\u00e7\u00e3o, a certid\u00e3o de nascimento ou casamento e o certificado de conclus\u00e3o e hist\u00f3rico escolar do ensino m\u00e9dio, o comunicado explica que a pr\u00e9-matr\u00edcula poder\u00e1 ser realizada mediante apresenta\u00e7\u00e3o do protocolo do \u00f3rg\u00e3o emissor ou declara\u00e7\u00e3o de concluinte. A documenta\u00e7\u00e3o completa dever\u00e1 ser entregue no prazo de 60 dias, juntamente com as fotos 3&#215;4.<\/p>\n\n\n\n<p><strong>Mantenha-se Informado<\/strong><\/p>\n\n\n\n<p>O IF Baiano recomenda que todos os candidatos monitorem regularmente o site oficial, conforme indicado no item 2.4 do comunicado, para obter atualiza\u00e7\u00f5es e informa\u00e7\u00f5es sobre o processo seletivo.<\/p>\n\n\n\n<p><strong>Informa\u00e7\u00f5es de Contato do Campus<\/strong><\/p>\n\n\n\n<p>O IF Baiano &#8211; Campus Santa In\u00eas est\u00e1 localizado na BR 420 (Rodovia Santa In\u00eas &#8211; Uba\u00edra), S\/N, Zona Rural, SANTA IN\u00caS \/ BA, CEP 45320-000. Os telefones para contato s\u00e3o (73) 98107-9118 (Recep\u00e7\u00e3o\/Portaria) | (73) 98128-9734 (Pavilh\u00e3o Pedag\u00f3gico) e e-mail: gabinete@si.ifbaiano.edu.br<\/p>\n\n\n\n<hr class=\"wp-block-separator has-alpha-channel-opacity\" \/>\n\n\n\n<p><strong>CONVOCA\u00c7\u00c3O DE CANDIDATOS:<\/strong><\/p>\n\n\n\n<ul>\n<li><a href=\"https:\/\/www.ifbaiano.edu.br\/unidades\/santaines\/files\/2025\/01\/Publicacao-Chamada-Regular-SISU-Ciencias-Biologicas-2025.pdf\">Chamada Regular SISU &#8211; Licenciatura em Ci\u00eancias Biol\u00f3gicas 2025<\/a><\/li>\n\n\n\n<li><a href=\"https:\/\/www.ifbaiano.edu.br\/unidades\/santaines\/files\/2025\/01\/Publicacao-Chamada-Regular-SISU-GEOGRAFIA-2025.pdf\">Chamada Regular SISU &#8211; Licenciatura em Geografia 2025<\/a><\/li>\n\n\n\n<li><a href=\"https:\/\/www.ifbaiano.edu.br\/unidades\/santaines\/files\/2025\/01\/Publicacao-Chamada-Regular-SISU-ZOOTECNIA.pdf\">Chamada Regular SISU &#8211; Bacharelado em Zootecnia 2025<\/a><\/li>\n\n\n\n<li><a rel=\"noreferrer noopener\" href=\"https:\/\/concurso.ifbaiano.edu.br\/portal\/ingresso-2025-cursos-superiores-sisu-santa-ines-janeiro-2025\/wp-content\/uploads\/sites\/1138\/2025\/01\/OFICIO-01.2025-Publicacao-do-SISU.pdf\" target=\"_blank\">Convoca\u00e7\u00e3o e Orienta\u00e7\u00f5es para Pr\u00e9-matr\u00edcula de Candidatos(as) Classificados(as)<\/a><\/li>\n\n\n\n<li><a rel=\"noreferrer noopener\" href=\"https:\/\/concurso.ifbaiano.edu.br\/portal\/ingresso-2025-cursos-superiores-sisu-santa-ines-janeiro-2025\/wp-content\/uploads\/sites\/1138\/2025\/01\/Edital-de-Matricula-Campus-Santa-Ines.pdf\" target=\"_blank\">Edital n\u00ba 02<\/a><\/li>\n\n\n\n<li><a href=\"https:\/\/www.ifbaiano.edu.br\/unidades\/santaines\/files\/2025\/01\/Edital-de-Retificacao-4-2025.pdf\">Edital de Retifica\u00e7\u00e3o n\u00ba 4\/2025<\/a><\/li>\n<\/ul>\n\n\n\n<hr class=\"wp-block-separator has-alpha-channel-opacity\" \/>\n","protected":false},"excerpt":{"rendered":"<p>O Instituto Federal de Educa\u00e7\u00e3o, Ci\u00eancia e Tecnologia Baiano (IF Baiano), Campus Santa In\u00eas, emitiu um comunicado oficial sobre os procedimentos de pr\u00e9-matr\u00edcula para candidatos selecionados atrav\u00e9s do Sistema de Sele\u00e7\u00e3o Unificada (SISU). O comunicado, datado de 28 de janeiro de 2025, descreve os passos necess\u00e1rios para que os futuros alunos garantam suas vagas nos [&hellip;]<\/p>\n","protected":false},"author":86,"featured_media":23055,"comment_status":"closed","ping_status":"closed","sticky":false,"template":"","format":"standard","meta":[],"categories":[4,12,5,10,57],"tags":[],"_links":{"self":[{"href":"https:\/\/www.ifbaiano.edu.br\/unidades\/santaines\/wp-json\/wp\/v2\/posts\/23062"}],"collection":[{"href":"https:\/\/www.ifbaiano.edu.br\/unidades\/santaines\/wp-json\/wp\/v2\/posts"}],"about":[{"href":"https:\/\/www.ifbaiano.edu.br\/unidades\/santaines\/wp-json\/wp\/v2\/types\/post"}],"author":[{"embeddable":true,"href":"https:\/\/www.ifbaiano.edu.br\/unidades\/santaines\/wp-json\/wp\/v2\/users\/86"}],"replies":[{"embeddable":true,"href":"https:\/\/www.ifbaiano.edu.br\/unidades\/santaines\/wp-json\/wp\/v2\/comments?post=23062"}],"version-history":[{"count":3,"href":"https:\/\/www.ifbaiano.edu.br\/unidades\/santaines\/wp-json\/wp\/v2\/posts\/23062\/revisions"}],"predecessor-version":[{"id":23099,"href":"https:\/\/www.ifbaiano.edu.br\/unidades\/santaines\/wp-json\/wp\/v2\/posts\/23062\/revisions\/23099"}],"wp:featuredmedia":[{"embeddable":true,"href":"https:\/\/www.ifbaiano.edu.br\/unidades\/santaines\/wp-json\/wp\/v2\/media\/23055"}],"wp:attachment":[{"href":"https:\/\/www.ifbaiano.edu.br\/unidades\/santaines\/wp-json\/wp\/v2\/media?parent=23062"}],"wp:term":[{"taxonomy":"category","embeddable":true,"href":"https:\/\/www.ifbaiano.edu.br\/unidades\/santaines\/wp-json\/wp\/v2\/categories?post=23062"},{"taxonomy":"post_tag","embeddable":true,"href":"https:\/\/www.ifbaiano.edu.br\/unidades\/santaines\/wp-json\/wp\/v2\/tags?post=23062"}],"curies":[{"name":"wp","href":"https:\/\/api.w.org\/{rel}","templated":true}]}}