{"id":23097,"date":"2025-02-10T12:34:30","date_gmt":"2025-02-10T15:34:30","guid":{"rendered":"https:\/\/www.ifbaiano.edu.br\/unidades\/santaines\/?p=23097"},"modified":"2025-02-10T12:34:30","modified_gmt":"2025-02-10T15:34:30","slug":"quatro-campi-do-if-baiano-estao-com-inscricoes-abertas-para-vagas-remanescentes-em-cursos-tecnicos","status":"publish","type":"post","link":"https:\/\/www.ifbaiano.edu.br\/unidades\/santaines\/quatro-campi-do-if-baiano-estao-com-inscricoes-abertas-para-vagas-remanescentes-em-cursos-tecnicos\/","title":{"rendered":"Quatro campi do IF Baiano est\u00e3o com inscri\u00e7\u00f5es abertas para vagas remanescentes em cursos t\u00e9cnicos"},"content":{"rendered":"\n<p>O Instituto Federal Baiano (IF Baiano) publicou editais de vagas remanescentes em cursos t\u00e9cnicos subsequentes ao ensino m\u00e9dio oferecidos presencialmente nos&nbsp;<em>campi<\/em>&nbsp;Senhor do Bonfim, Uru\u00e7uca, Governador Mangabeira e Santa In\u00eas.&nbsp;<\/p>\n\n\n\n<p>Os cursos t\u00e9cnicos da forma subsequente s\u00e3o voltados para quem j\u00e1 concluiu ou ter\u00e1 conclu\u00eddo o ensino m\u00e9dio at\u00e9 a data da matr\u00edcula. Confira a seguir os cursos e vagas dispon\u00edveis em cada unidade:<\/p>\n\n\n\n<h3 class=\"wp-block-heading\"><strong>Vagas em Senhor do Bonfim<\/strong><\/h3>\n\n\n\n<p>O&nbsp;<em>Campus&nbsp;<\/em>Senhor do Bonfim est\u00e1 com edital aberto para preencher&nbsp;<strong>31 vagas remanescentes nos cursos t\u00e9cnicos subsequentes ao ensino m\u00e9dio<\/strong>, na modalidade presencial, em Agrimensura (16 vagas) e Inform\u00e1tica (15 vagas).<\/p>\n\n\n\n<p>As inscri\u00e7\u00f5es ocorrem no&nbsp;<strong>per\u00edodo de 10 a 21 de fevereiro<\/strong>, e poder\u00e3o ser realizadas presencialmente na Secretaria de Registros Acad\u00eamicos (SRA)&nbsp; do&nbsp;<em>Campus&nbsp;<\/em>Senhor do Bonfim, situado na Estrada da Igara, km 4 \u2013 Zona Rural Senhor do Bonfim-BA \u2013 CEP: 48970-000.<\/p>\n\n\n\n<p>As aulas acontecer\u00e3o no turno matutino, a partir do dia 17 de mar\u00e7o. Os cursos ter\u00e3o dura\u00e7\u00e3o em m\u00e9dia de 18 meses.<\/p>\n\n\n\n<p>O detalhamento completo da sele\u00e7\u00e3o est\u00e1 disposto no<a href=\"https:\/\/www.ifbaiano.edu.br\/unidades\/bonfim\/files\/2025\/02\/Edtal-no19_Vagas-remanescente-dos-cursos-Subsequentes-ano-2025.pdf\" target=\"_blank\" rel=\"noreferrer noopener\">&nbsp;edital<\/a>.<\/p>\n\n\n\n<p>D\u00favidas sobre o processo dever\u00e3o ser encaminhadas para o e-mail da Comiss\u00e3o Local de Processo Seletivo:&nbsp;<a href=\"mailto:prosel@bonfim.ifbaiano.edu.br\">prosel@bonfim.ifbaiano.edu.br<\/a>.<\/p>\n\n\n\n<h3 class=\"wp-block-heading\"><strong>Vagas em Uru\u00e7uca<\/strong><\/h3>\n\n\n\n<p>O&nbsp;<em>Campus&nbsp;<\/em>Uru\u00e7uca est\u00e1 com edital aberto para preenchimento de vagas remanescentes em cursos subsequentes ao ensino m\u00e9dio, na modalidade presencial.<\/p>\n\n\n\n<p>Os cursos e o n\u00famero de vagas dispon\u00edveis s\u00e3o:<\/p>\n\n\n\n<ul>\n<li>Agrimensura: 2 vagas<\/li>\n\n\n\n<li>Agropecu\u00e1ria: 14 vagas<\/li>\n\n\n\n<li>Alimentos: 2 vagas<\/li>\n<\/ul>\n\n\n\n<p>A sele\u00e7\u00e3o dos candidatos ser\u00e1 realizada por ordem de manifesta\u00e7\u00e3o de interesse, at\u00e9 o preenchimento total das vagas. Os interessados devem se inscrever&nbsp;<strong>at\u00e9 10 de mar\u00e7o de 2025<\/strong>, comparecendo \u00e0 Secretaria de Registros Acad\u00eamicos do&nbsp;<em>Campus&nbsp;<\/em>Uru\u00e7uca ou enviando&nbsp;<a rel=\"noreferrer noopener\" href=\"https:\/\/www.ifbaiano.edu.br\/unidades\/urucuca\/files\/2024\/12\/Edital-No-15-ANEXO-I.pdf\" target=\"_blank\">este formul\u00e1rio preenchido<\/a>&nbsp;junto com os documentos listados no item 7.2 do edital para o e-mail&nbsp;<a href=\"mailto:prosel@urucuca.ifbaiano.edu.br\">prosel@urucuca.ifbaiano.edu.br<\/a>.<\/p>\n\n\n\n<p>Acesse&nbsp;<a rel=\"noreferrer noopener\" href=\"https:\/\/www.ifbaiano.edu.br\/unidades\/urucuca\/files\/2024\/12\/Edital-No-15-de-04-de-Dezembro-de-2024-Vagas-remanescentes-cursos-subsequentes-presenciais.pdf\" target=\"_blank\">aqui&nbsp;<\/a>o edital, para obter todos os detalhes sobre a sele\u00e7\u00e3o.&nbsp;<\/p>\n\n\n\n<p>Tamb\u00e9m h\u00e1 vagas dispon\u00edveis no&nbsp;<em>Campus&nbsp;<\/em>Uru\u00e7uca para os&nbsp;<strong>cursos t\u00e9cnicos integrados ao ensino m\u00e9dio<\/strong>&nbsp;em:<\/p>\n\n\n\n<ul>\n<li>Guia de Turismo: 25 vagas<\/li>\n\n\n\n<li>Inform\u00e1tica: 26 vagas<\/li>\n<\/ul>\n\n\n\n<p>Os cursos integrados tem dura\u00e7\u00e3o de 3 anos e ocorrem no per\u00edodo diurno. Nesse caso,&nbsp;<strong>as inscri\u00e7\u00f5es podem ser realizadas at\u00e9 24 de mar\u00e7o de 2025<\/strong>, tamb\u00e9m na Secretaria do campus ou atrav\u00e9s do envio&nbsp;<a href=\"https:\/\/www.ifbaiano.edu.br\/unidades\/urucuca\/files\/2024\/12\/Edital-No-14-ANEXO-I.pdf\">formul\u00e1rio<\/a>&nbsp;preenchido juntamente com os documentos descritos no item 7.2 deste&nbsp;<a href=\"https:\/\/www.ifbaiano.edu.br\/unidades\/urucuca\/files\/2024\/12\/Edital-No-14-de-04-de-Dezembro-de-2024-Vagas-remanescentes-cursos-Integrados.-Ano-de-ingresso-2025.pdf\" target=\"_blank\" rel=\"noreferrer noopener\">edital<\/a>&nbsp;para o e-mail prosel@urucuca.ifbaiano.edu.br.<\/p>\n\n\n\n<h3 class=\"wp-block-heading\"><strong>Vagas em Governador Mangabeira&nbsp;<\/strong><\/h3>\n\n\n\n<p>O&nbsp;<em>Campus&nbsp;<\/em>Governador Mangabeira do Instituto Federal Baiano (IF Baiano) tem edital aberto com 119 vagas remanescentes para cursos t\u00e9cnicos subsequentes ao ensino m\u00e9dio, na modalidade presencial.<\/p>\n\n\n\n<p>As inscri\u00e7\u00f5es s\u00e3o gratuitas e dever\u00e3o ser realizadas de forma presencial, no&nbsp;<em>Campus&nbsp;<\/em>Governador Mangabeira, localizado na Rua Waldemar Mascarenhas, s\/n, Port\u00e3o (Estrada Velha da CHESF),&nbsp;<strong>at\u00e9 o dia 27 de fevereiro<\/strong>, em dias \u00fateis, de 08h \u00e0s 12h e de 13h \u00e0s 16h.&nbsp;<strong>&nbsp;<\/strong><\/p>\n\n\n\n<p>As vagas s\u00e3o para os cursos t\u00e9cnicos subsequentes em&nbsp;<strong>Agropecu\u00e1ria, Alimentos e Manuten\u00e7\u00e3o e Suporte em Inform\u00e1tica<\/strong>. Confira a divis\u00e3o de vagas:<\/p>\n\n\n\n<ul>\n<li>Agropecu\u00e1ria \u2013 29 vagas<\/li>\n\n\n\n<li>Alimentos \u2013 28 vagas<\/li>\n\n\n\n<li>Manuten\u00e7\u00e3o e Suporte em Inform\u00e1tica (matutino) \u2013 27 vagas<\/li>\n\n\n\n<li>Manuten\u00e7\u00e3o e Suporte em Inform\u00e1tica (noturno) \u2013 35 vagas<\/li>\n<\/ul>\n\n\n\n<h3 class=\"wp-block-heading\"><strong>Vagas em Santa In\u00eas<\/strong><\/h3>\n\n\n\n<p>O&nbsp;<em>Campus&nbsp;<\/em>Santa In\u00eas, anunciou, por meio do&nbsp;<a rel=\"noreferrer noopener\" href=\"https:\/\/concurso.ifbaiano.edu.br\/portal\/ingresso-2025-integrado-santa-ines-setembro-2024\/wp-content\/uploads\/sites\/1059\/2025\/01\/Edital-03-Vagas-Remanescentes-PROSEL-ingresso-2025.pdf\" target=\"_blank\"><strong>Edital n\u00ba 3\/2025<\/strong><\/a>, a abertura de vagas remanescentes para cursos t\u00e9cnicos integrados ao ensino m\u00e9dio. As oportunidades s\u00e3o para os cursos:&nbsp;<\/p>\n\n\n\n<ul>\n<li>T\u00e9cnico em Agropecu\u00e1ria \u2013 24 vagas<\/li>\n\n\n\n<li>T\u00e9cnico em Alimentos \u2013 37 vagas&nbsp;&nbsp;<\/li>\n\n\n\n<li>T\u00e9cnico em Inform\u00e1tica \u2013 11 vagas<\/li>\n\n\n\n<li>T\u00e9cnico em Zootecnia \u2013 Lista de espera<\/li>\n<\/ul>\n\n\n\n<p>Para manifestar interesse nas vagas, os candidatos podem comparecer presencialmente no&nbsp;<em>Campus&nbsp;<\/em>Santa In\u00eas,&nbsp;<strong>at\u00e9 7 de abril<\/strong>, e entregar a documenta\u00e7\u00e3o exigida no edital. A classifica\u00e7\u00e3o e a sele\u00e7\u00e3o de candidatos ser\u00e1 dada por meio da ordem das inscri\u00e7\u00f5es, mediante a apresenta\u00e7\u00e3o da senha e da entrega da documenta\u00e7\u00e3o de matr\u00edcula completa, que inclui documento de identifica\u00e7\u00e3o, CPF, hist\u00f3rico escolar, dentre outros itens.<\/p>\n\n\n\n<p>O Instituto Federal Baiano,\u00a0<em>Campus\u00a0<\/em>Santa In\u00eas, est\u00e1 localizado na BR 420 (Santa In\u00eas X Uba\u00edra).\u00a0As listas de matriculados e de espera ser\u00e3o divulgadas a partir de 29 de janeiro,\u00a0<a rel=\"noreferrer noopener\" href=\"https:\/\/concurso.ifbaiano.edu.br\/portal\/ingresso-2025-integrado-santa-ines-setembro-2024\/\" target=\"_blank\"><strong>nesta p\u00e1gina web<\/strong><\/a>. As aulas dos cursos ter\u00e3o in\u00edcio em 7 de abril de 2025. Para informa\u00e7\u00f5es detalhadas, acesse o\u00a0<a rel=\"noreferrer noopener\" href=\"https:\/\/concurso.ifbaiano.edu.br\/portal\/ingresso-2025-integrado-santa-ines-setembro-2024\/wp-content\/uploads\/sites\/1059\/2025\/01\/Edital-03-Vagas-Remanescentes-PROSEL-ingresso-2025.pdf\" target=\"_blank\"><strong>edital do processo seletivo<\/strong><\/a>. D\u00favidas dever\u00e3o ser encaminhadas para o e-mail prosel@si.ifbaiano.edu.br.<\/p>\n\n\n\n<hr class=\"wp-block-separator has-alpha-channel-opacity\" \/>\n","protected":false},"excerpt":{"rendered":"<p>Confira vagas e cursos do IF Baiano ainda dispon\u00edveis para ingresso<\/p>\n","protected":false},"author":86,"featured_media":22247,"comment_status":"closed","ping_status":"closed","sticky":false,"template":"","format":"standard","meta":[],"categories":[4,13,5,8,57],"tags":[],"_links":{"self":[{"href":"https:\/\/www.ifbaiano.edu.br\/unidades\/santaines\/wp-json\/wp\/v2\/posts\/23097"}],"collection":[{"href":"https:\/\/www.ifbaiano.edu.br\/unidades\/santaines\/wp-json\/wp\/v2\/posts"}],"about":[{"href":"https:\/\/www.ifbaiano.edu.br\/unidades\/santaines\/wp-json\/wp\/v2\/types\/post"}],"author":[{"embeddable":true,"href":"https:\/\/www.ifbaiano.edu.br\/unidades\/santaines\/wp-json\/wp\/v2\/users\/86"}],"replies":[{"embeddable":true,"href":"https:\/\/www.ifbaiano.edu.br\/unidades\/santaines\/wp-json\/wp\/v2\/comments?post=23097"}],"version-history":[{"count":1,"href":"https:\/\/www.ifbaiano.edu.br\/unidades\/santaines\/wp-json\/wp\/v2\/posts\/23097\/revisions"}],"predecessor-version":[{"id":23098,"href":"https:\/\/www.ifbaiano.edu.br\/unidades\/santaines\/wp-json\/wp\/v2\/posts\/23097\/revisions\/23098"}],"wp:featuredmedia":[{"embeddable":true,"href":"https:\/\/www.ifbaiano.edu.br\/unidades\/santaines\/wp-json\/wp\/v2\/media\/22247"}],"wp:attachment":[{"href":"https:\/\/www.ifbaiano.edu.br\/unidades\/santaines\/wp-json\/wp\/v2\/media?parent=23097"}],"wp:term":[{"taxonomy":"category","embeddable":true,"href":"https:\/\/www.ifbaiano.edu.br\/unidades\/santaines\/wp-json\/wp\/v2\/categories?post=23097"},{"taxonomy":"post_tag","embeddable":true,"href":"https:\/\/www.ifbaiano.edu.br\/unidades\/santaines\/wp-json\/wp\/v2\/tags?post=23097"}],"curies":[{"name":"wp","href":"https:\/\/api.w.org\/{rel}","templated":true}]}}