{"id":23100,"date":"2025-02-10T13:04:32","date_gmt":"2025-02-10T16:04:32","guid":{"rendered":"https:\/\/www.ifbaiano.edu.br\/unidades\/santaines\/?p=23100"},"modified":"2025-02-17T17:42:34","modified_gmt":"2025-02-17T20:42:34","slug":"campus-santa-ines-convoca-candidatos-cotistas-para-banca-de-heteroidentificacao-do-sisu-2025","status":"publish","type":"post","link":"https:\/\/www.ifbaiano.edu.br\/unidades\/santaines\/campus-santa-ines-convoca-candidatos-cotistas-para-banca-de-heteroidentificacao-do-sisu-2025\/","title":{"rendered":"Campus Santa In\u00eas Convoca Candidatos Cotistas para Banca de Heteroidentifica\u00e7\u00e3o do SISU 2025"},"content":{"rendered":"\n<p>O Instituto Federal de Educa\u00e7\u00e3o, Ci\u00eancia e Tecnologia Baiano (IF Baiano) \u2013 Campus Santa In\u00eas, convoca os candidatos inscritos nas modalidades de cotas raciais (pretos, pardos e ind\u00edgenas \u2013 PPI) para a etapa de Banca de Heteroidentifica\u00e7\u00e3o, parte integrante do processo seletivo do Sistema de Sele\u00e7\u00e3o Unificada (SISU) 2025 para os cursos de n\u00edvel superior.<\/p>\n\n\n\n<p>A banca tem como objetivo confirmar a autodeclara\u00e7\u00e3o dos candidatos como pertencentes ao grupo racial para o qual se inscreveram, garantindo a lisura do processo e o cumprimento das pol\u00edticas de a\u00e7\u00e3o afirmativa.<\/p>\n\n\n\n<p><strong>Processo de Heteroidentifica\u00e7\u00e3o:<\/strong><\/p>\n\n\n\n<p>A avalia\u00e7\u00e3o ser\u00e1 realizada por uma comiss\u00e3o designada pelo IF Baiano, que analisar\u00e1 as caracter\u00edsticas fenot\u00edpicas do candidato, ou seja, a apar\u00eancia f\u00edsica que o identifica como pertencente ao grupo racial autodeclarado. A participa\u00e7\u00e3o na banca \u00e9 obrigat\u00f3ria para os candidatos cotistas, conforme previsto no <a href=\"https:\/\/concurso.ifbaiano.edu.br\/portal\/ingresso-2025-cursos-superiores-sisu-santa-ines-janeiro-2025\/wp-content\/uploads\/sites\/1138\/2025\/01\/Edital-de-Matricula-Campus-Santa-Ines.pdf\">Edital de Matr\u00edcula<\/a> do Campus Santa In\u00eas.<\/p>\n\n\n\n<p><strong>Cronograma e Local:<\/strong><\/p>\n\n\n\n<p>As datas para a realiza\u00e7\u00e3o da banca de heteroidentifica\u00e7\u00e3o est\u00e3o definidas no <a href=\"https:\/\/www.ifbaiano.edu.br\/unidades\/santaines\/files\/2025\/01\/Edital-de-Retificacao-4-2025.pdf\">Edital de Retifica\u00e7\u00e3o n\u00ba 4\/2025<\/a>, dispon\u00edvel no <a href=\"https:\/\/concurso.ifbaiano.edu.br\/portal\/ingresso-2025-cursos-superiores-sisu-santa-ines-janeiro-2025\/\">site do processo seletivo<\/a>. \u00c9 fundamental que os candidatos consultem o edital para verificar o dia e hor\u00e1rio espec\u00edficos de sua convoca\u00e7\u00e3o, al\u00e9m do local onde a banca ser\u00e1 realizada.<\/p>\n\n\n\n<p><strong>Documenta\u00e7\u00e3o Necess\u00e1ria:<\/strong><\/p>\n\n\n\n<p>No momento da avalia\u00e7\u00e3o, o candidato dever\u00e1 apresentar documento oficial de identifica\u00e7\u00e3o com foto. Recomenda-se que os candidatos tamb\u00e9m levem c\u00f3pia da autodeclara\u00e7\u00e3o racial preenchida no momento da inscri\u00e7\u00e3o, para facilitar o trabalho da comiss\u00e3o.<\/p>\n\n\n\n<p><strong>Resultados e Recursos:<\/strong><\/p>\n\n\n\n<p>O resultado preliminar da banca ser\u00e1 divulgado em data especificada no Edital de Retifica\u00e7\u00e3o n\u00ba 4\/2025. Em caso de indeferimento, o candidato ter\u00e1 direito a interpor recurso, seguindo os prazos e procedimentos estabelecidos no edital.<\/p>\n\n\n\n<p><strong>Mais Informa\u00e7\u00f5es:<\/strong><\/p>\n\n\n\n<p>Para obter informa\u00e7\u00f5es detalhadas sobre o processo de heteroidentifica\u00e7\u00e3o, cronograma completo, documenta\u00e7\u00e3o necess\u00e1ria e crit\u00e9rios de avalia\u00e7\u00e3o, os candidatos devem consultar o <a href=\"https:\/\/concurso.ifbaiano.edu.br\/portal\/ingresso-2025-cursos-superiores-sisu-santa-ines-janeiro-2025\/wp-content\/uploads\/sites\/1138\/2025\/01\/Edital-de-Matricula-Campus-Santa-Ines.pdf\">Edital de Matr\u00edcula<\/a> do Campus Santa In\u00eas e o <a href=\"https:\/\/www.ifbaiano.edu.br\/unidades\/santaines\/files\/2025\/01\/Edital-de-Retificacao-4-2025.pdf\">Edital de Retifica\u00e7\u00e3o n\u00ba 4\/2025<\/a>, dispon\u00edveis na <a href=\"https:\/\/concurso.ifbaiano.edu.br\/portal\/ingresso-2025-cursos-superiores-sisu-santa-ines-janeiro-2025\/\">P\u00e1gina do Processo Seletivo<\/a>.<\/p>\n\n\n\n<p><strong>Contato do Campus:<\/strong>&nbsp;(73) 98107-9118 \/ (73) 98128-9734 \/&nbsp;<a rel=\"noreferrer noopener\" href=\"https:\/\/www.google.com\/url?sa=E&amp;q=mailto%3Agabinete%40si.ifbaiano.edu.br\" target=\"_blank\">gabinete@si.ifbaiano.edu.br<\/a><\/p>\n\n\n\n<hr class=\"wp-block-separator has-alpha-channel-opacity\" \/>\n\n\n\n<p><strong>DOCUMENTOS IMPORTANTES\/CONVOCA\u00c7\u00d5ES:<\/strong><\/p>\n\n\n\n<ul>\n<li><a rel=\"noreferrer noopener\" href=\"https:\/\/concurso.ifbaiano.edu.br\/portal\/ingresso-2025-cursos-superiores-sisu-santa-ines-janeiro-2025\/wp-content\/uploads\/sites\/1138\/2025\/01\/Edital-de-Matricula-Campus-Santa-Ines.pdf\" target=\"_blank\">Edital n\u00ba 02<\/a><\/li>\n\n\n\n<li><a href=\"https:\/\/www.ifbaiano.edu.br\/unidades\/santaines\/files\/2025\/01\/Edital-de-Retificacao-4-2025.pdf\">Edital de Retifica\u00e7\u00e3o n\u00ba 4\/2025<\/a><\/li>\n\n\n\n<li><a rel=\"noreferrer noopener\" href=\"https:\/\/concurso.ifbaiano.edu.br\/portal\/ingresso-2025-cursos-superiores-sisu-santa-ines-janeiro-2025\/wp-content\/uploads\/sites\/1138\/2025\/02\/Curriculo-bancas_SISU-2025_CSI.docx\" target=\"_blank\">Curr\u00edculo da Banca de Verifica\u00e7\u00e3o<\/a><\/li>\n\n\n\n<li><a rel=\"noreferrer noopener\" href=\"https:\/\/concurso.ifbaiano.edu.br\/portal\/ingresso-2025-cursos-superiores-sisu-santa-ines-janeiro-2025\/wp-content\/uploads\/sites\/1138\/2025\/02\/Lista-de-cadidatos-Chamada-Regular-SISU-para-Banca-de-Heteroindentificacao-dia-12.02.2025-1.pdf\" target=\"_blank\">Lista de Candidatos Chamada Regular \u2013 Banca de Heteroidentifica\u00e7\u00e3o \u2013 Dia 12.02.2025<\/a><\/li>\n\n\n\n<li><a rel=\"noreferrer noopener\" href=\"https:\/\/concurso.ifbaiano.edu.br\/portal\/ingresso-2025-cursos-superiores-sisu-santa-ines-janeiro-2025\/wp-content\/uploads\/sites\/1138\/2025\/02\/Lista-de-cadidatos-Chamada-Regular-SISU-para-Banca-de-Heteroindentificacao-dia-13.02.2025.docx.pdf\" target=\"_blank\">Lista de Candidatos Chamada Regular \u2013 Banca de Heteroidentifica\u00e7\u00e3o \u2013 Dia 13.02.2025<\/a><\/li>\n\n\n\n<li><a rel=\"noreferrer noopener\" href=\"https:\/\/concurso.ifbaiano.edu.br\/portal\/ingresso-2025-cursos-superiores-sisu-santa-ines-janeiro-2025\/wp-content\/uploads\/sites\/1138\/2025\/02\/RESULTADO-PRELIMINAR-DA-BANCA-DE-HETEROIDENTIFICACAO-SISU-2025.pdf\" target=\"_blank\">Resultado Preliminar da Banca de Heteroidentifica\u00e7\u00e3o<\/a><\/li>\n<\/ul>\n","protected":false},"excerpt":{"rendered":"<p>O Instituto Federal de Educa\u00e7\u00e3o, Ci\u00eancia e Tecnologia Baiano (IF Baiano) \u2013 Campus Santa In\u00eas, convoca os candidatos inscritos nas modalidades de cotas raciais (pretos, pardos e ind\u00edgenas \u2013 PPI) para a etapa de Banca de Heteroidentifica\u00e7\u00e3o, parte integrante do processo seletivo do Sistema de Sele\u00e7\u00e3o Unificada (SISU) 2025 para os cursos de n\u00edvel superior. [&hellip;]<\/p>\n","protected":false},"author":86,"featured_media":23055,"comment_status":"closed","ping_status":"closed","sticky":false,"template":"","format":"standard","meta":[],"categories":[4,12,5,8,57],"tags":[],"_links":{"self":[{"href":"https:\/\/www.ifbaiano.edu.br\/unidades\/santaines\/wp-json\/wp\/v2\/posts\/23100"}],"collection":[{"href":"https:\/\/www.ifbaiano.edu.br\/unidades\/santaines\/wp-json\/wp\/v2\/posts"}],"about":[{"href":"https:\/\/www.ifbaiano.edu.br\/unidades\/santaines\/wp-json\/wp\/v2\/types\/post"}],"author":[{"embeddable":true,"href":"https:\/\/www.ifbaiano.edu.br\/unidades\/santaines\/wp-json\/wp\/v2\/users\/86"}],"replies":[{"embeddable":true,"href":"https:\/\/www.ifbaiano.edu.br\/unidades\/santaines\/wp-json\/wp\/v2\/comments?post=23100"}],"version-history":[{"count":6,"href":"https:\/\/www.ifbaiano.edu.br\/unidades\/santaines\/wp-json\/wp\/v2\/posts\/23100\/revisions"}],"predecessor-version":[{"id":23125,"href":"https:\/\/www.ifbaiano.edu.br\/unidades\/santaines\/wp-json\/wp\/v2\/posts\/23100\/revisions\/23125"}],"wp:featuredmedia":[{"embeddable":true,"href":"https:\/\/www.ifbaiano.edu.br\/unidades\/santaines\/wp-json\/wp\/v2\/media\/23055"}],"wp:attachment":[{"href":"https:\/\/www.ifbaiano.edu.br\/unidades\/santaines\/wp-json\/wp\/v2\/media?parent=23100"}],"wp:term":[{"taxonomy":"category","embeddable":true,"href":"https:\/\/www.ifbaiano.edu.br\/unidades\/santaines\/wp-json\/wp\/v2\/categories?post=23100"},{"taxonomy":"post_tag","embeddable":true,"href":"https:\/\/www.ifbaiano.edu.br\/unidades\/santaines\/wp-json\/wp\/v2\/tags?post=23100"}],"curies":[{"name":"wp","href":"https:\/\/api.w.org\/{rel}","templated":true}]}}