{"id":23126,"date":"2025-02-17T17:54:12","date_gmt":"2025-02-17T20:54:12","guid":{"rendered":"https:\/\/www.ifbaiano.edu.br\/unidades\/santaines\/?p=23126"},"modified":"2025-02-21T16:33:43","modified_gmt":"2025-02-21T19:33:43","slug":"campus-santa-ines-divulga-resultado-preliminar-da-banca-de-heteroidentificacao-do-sisu-2025","status":"publish","type":"post","link":"https:\/\/www.ifbaiano.edu.br\/unidades\/santaines\/campus-santa-ines-divulga-resultado-preliminar-da-banca-de-heteroidentificacao-do-sisu-2025\/","title":{"rendered":"Campus Santa In\u00eas divulga resultado preliminar da banca de heteroidentifica\u00e7\u00e3o do SISU 2025"},"content":{"rendered":"\n<p>O Campus Santa In\u00eas do Instituto Federal Baiano publicou o <a rel=\"noreferrer noopener\" href=\"https:\/\/concurso.ifbaiano.edu.br\/portal\/ingresso-2025-cursos-superiores-sisu-santa-ines-janeiro-2025\/wp-content\/uploads\/sites\/1138\/2025\/02\/RESULTADO-PRELIMINAR-DA-BANCA-DE-HETEROIDENTIFICACAO-SISU-2025.pdf\" target=\"_blank\">Resultado Preliminar da Banca de Heteroidentifica\u00e7\u00e3o<\/a> para candidatos cotistas (negros, pretos ou pardos) do Sistema de Sele\u00e7\u00e3o Unificada (SISU) 2025. <\/p>\n\n\n\n<p>A banca de heteroidentifica\u00e7\u00e3o \u00e9 uma etapa importante do processo seletivo, em que a autodeclara\u00e7\u00e3o do candidato \u00e9 confirmada por uma comiss\u00e3o. O objetivo \u00e9 garantir que as vagas reservadas para candidatos cotistas sejam ocupadas por aqueles que realmente se enquadram nos crit\u00e9rios estabelecidos.<\/p>\n\n\n\n<p><strong>Pr\u00f3ximos Passos<\/strong><\/p>\n\n\n\n<p>Candidatos que tiveram a autodeclara\u00e7\u00e3o indeferida ou n\u00e3o compareceram \u00e0 banca ser\u00e3o desclassificados do processo seletivo. Aqueles que desejarem entrar com recurso contra o resultado t\u00eam at\u00e9 o dia 18 de fevereiro para enviar um e-mail para&nbsp;<a rel=\"noreferrer noopener\" href=\"https:\/\/www.google.com\/url?sa=E&amp;q=mailto%3Aprosel%40si.ifbaiano.edu.br\" target=\"_blank\">prosel@si.ifbaiano.edu.br<\/a>, seguindo as instru\u00e7\u00f5es detalhadas no <a href=\"https:\/\/concurso.ifbaiano.edu.br\/portal\/ingresso-2025-cursos-superiores-sisu-santa-ines-janeiro-2025\/wp-content\/uploads\/sites\/1138\/2025\/01\/Edital-de-Retificacao-4-2025.pdf\">edital<\/a>.<\/p>\n\n\n\n<p><strong>Cronograma e Mais Informa\u00e7\u00f5es<\/strong><\/p>\n\n\n\n<p>Para mais informa\u00e7\u00f5es sobre o processo seletivo, cronograma completo e outras etapas, acesse o <a href=\"https:\/\/concurso.ifbaiano.edu.br\/portal\/ingresso-2025-cursos-superiores-sisu-santa-ines-janeiro-2025\/\">site do IF Baiano<\/a>.<\/p>\n\n\n\n<hr class=\"wp-block-separator has-alpha-channel-opacity\" \/>\n\n\n\n<p><\/p>\n","protected":false},"excerpt":{"rendered":"<p>O Campus Santa In\u00eas do Instituto Federal Baiano publicou o Resultado Preliminar da Banca de Heteroidentifica\u00e7\u00e3o para candidatos cotistas (negros, pretos ou pardos) do Sistema de Sele\u00e7\u00e3o Unificada (SISU) 2025. A banca de heteroidentifica\u00e7\u00e3o \u00e9 uma etapa importante do processo seletivo, em que a autodeclara\u00e7\u00e3o do candidato \u00e9 confirmada por uma comiss\u00e3o. O objetivo \u00e9 [&hellip;]<\/p>\n","protected":false},"author":86,"featured_media":23055,"comment_status":"closed","ping_status":"closed","sticky":false,"template":"","format":"standard","meta":[],"categories":[4,8,57],"tags":[],"_links":{"self":[{"href":"https:\/\/www.ifbaiano.edu.br\/unidades\/santaines\/wp-json\/wp\/v2\/posts\/23126"}],"collection":[{"href":"https:\/\/www.ifbaiano.edu.br\/unidades\/santaines\/wp-json\/wp\/v2\/posts"}],"about":[{"href":"https:\/\/www.ifbaiano.edu.br\/unidades\/santaines\/wp-json\/wp\/v2\/types\/post"}],"author":[{"embeddable":true,"href":"https:\/\/www.ifbaiano.edu.br\/unidades\/santaines\/wp-json\/wp\/v2\/users\/86"}],"replies":[{"embeddable":true,"href":"https:\/\/www.ifbaiano.edu.br\/unidades\/santaines\/wp-json\/wp\/v2\/comments?post=23126"}],"version-history":[{"count":4,"href":"https:\/\/www.ifbaiano.edu.br\/unidades\/santaines\/wp-json\/wp\/v2\/posts\/23126\/revisions"}],"predecessor-version":[{"id":23186,"href":"https:\/\/www.ifbaiano.edu.br\/unidades\/santaines\/wp-json\/wp\/v2\/posts\/23126\/revisions\/23186"}],"wp:featuredmedia":[{"embeddable":true,"href":"https:\/\/www.ifbaiano.edu.br\/unidades\/santaines\/wp-json\/wp\/v2\/media\/23055"}],"wp:attachment":[{"href":"https:\/\/www.ifbaiano.edu.br\/unidades\/santaines\/wp-json\/wp\/v2\/media?parent=23126"}],"wp:term":[{"taxonomy":"category","embeddable":true,"href":"https:\/\/www.ifbaiano.edu.br\/unidades\/santaines\/wp-json\/wp\/v2\/categories?post=23126"},{"taxonomy":"post_tag","embeddable":true,"href":"https:\/\/www.ifbaiano.edu.br\/unidades\/santaines\/wp-json\/wp\/v2\/tags?post=23126"}],"curies":[{"name":"wp","href":"https:\/\/api.w.org\/{rel}","templated":true}]}}