{"id":23142,"date":"2025-02-19T11:55:57","date_gmt":"2025-02-19T14:55:57","guid":{"rendered":"https:\/\/www.ifbaiano.edu.br\/unidades\/santaines\/?p=23142"},"modified":"2025-02-21T15:52:54","modified_gmt":"2025-02-21T18:52:54","slug":"if-baiano-campus-santa-ines-abre-processo-eleitoral-para-o-nucleo-de-estudos-afro-brasileiros-e-indigenas-neabi","status":"publish","type":"post","link":"https:\/\/www.ifbaiano.edu.br\/unidades\/santaines\/if-baiano-campus-santa-ines-abre-processo-eleitoral-para-o-nucleo-de-estudos-afro-brasileiros-e-indigenas-neabi\/","title":{"rendered":"IF Baiano Campus Santa In\u00eas abre processo eleitoral para o N\u00facleo de Estudos Afro-brasileiros e Ind\u00edgenas (NEABI)"},"content":{"rendered":"\n<p>O IF Baiano Campus Santa In\u00eas est\u00e1 com <a rel=\"noreferrer noopener\" href=\"https:\/\/concurso.ifbaiano.edu.br\/portal\/eleicao-neabi-santa-ines-fevereiro-2025\/wp-content\/uploads\/sites\/1153\/2025\/02\/EDITAL-PROCESSO-ELEITORAL-PARA-DO-GRUPO-GESTOR-DO-NEABI-SI.pdf\" target=\"_blank\">EDITAL<\/a> publicado de processo eleitoral para a escolha do Grupo Gestor do N\u00facleo de Estudos Afro-brasileiros e Ind\u00edgenas (NEABI) local &#8211; Bi\u00eanio 2025-2026. O objetivo \u00e9 fortalecer as a\u00e7\u00f5es que promovem a igualdade racial e a valoriza\u00e7\u00e3o das culturas afro-brasileira e ind\u00edgena na institui\u00e7\u00e3o.<\/p>\n\n\n\n<p>Podem se candidatar servidores efetivos, representantes discentes (com um titular e um suplente) e membros da comunidade externa ligados a movimentos educativos ou sociais negros e\/ou ind\u00edgenas da regi\u00e3o. O grupo gestor ser\u00e1 composto por cinco membros, sendo tr\u00eas servidores, um discente e um membro da comunidade externa.<\/p>\n\n\n\n<p>A elei\u00e7\u00e3o ser\u00e1 realizada pela comunidade acad\u00eamica do Campus, com voto por maioria simples, sendo que o voto dos estudantes ter\u00e1 peso de 1\/3 em rela\u00e7\u00e3o ao voto dos servidores. Caso haja apenas uma chapa inscrita, a elei\u00e7\u00e3o ser\u00e1 por aclama\u00e7\u00e3o.<\/p>\n\n\n\n<p>As inscri\u00e7\u00f5es est\u00e3o abertas at\u00e9 amanh\u00e3, 20 de fevereiro, e devem ser feitas, exclusivamente, pelo e-mail&nbsp;c.neabi@si.ifbaiano.edu.br. A campanha eleitoral acontecer\u00e1 de 20 a 25 de fevereiro, seguindo regras espec\u00edficas para garantir um processo justo e \u00e9tico.<\/p>\n\n\n\n<p>A vota\u00e7\u00e3o ser\u00e1 no dia 26 de fevereiro, das 8h \u00e0s 17h, no hall da Biblioteca do Campus Santa In\u00eas. Em caso de chapa \u00fanica, a vota\u00e7\u00e3o por aclama\u00e7\u00e3o ser\u00e1 no Audit\u00f3rio do Campus, \u00e0s 13h30. Os resultados preliminares ser\u00e3o divulgados no mesmo dia, e o resultado final, no dia 03 de mar\u00e7o, na  <a href=\"http:\/\/santaines.ifbaiano.edu.br\">P\u00e1gina do IF Baiano Campus Santa In\u00eas<\/a> e na <a href=\"https:\/\/concurso.ifbaiano.edu.br\/portal\/eleicao-neabi-santa-ines-fevereiro-2025\/\">P\u00e1gina de Concursos<\/a>, no Portal do IF Baiano. Onde, tamb\u00e9m, estar\u00e3o dispon\u00edveis todas as informa\u00e7\u00f5es sobre o processo eleitoral e etapas do certame. <\/p>\n\n\n\n<p>As d\u00favidas devem ser encaminhadas para o e-mail&nbsp;c.neabi@si.ifbaiano.edu.br.<\/p>\n\n\n\n<hr class=\"wp-block-separator has-alpha-channel-opacity\" \/>\n","protected":false},"excerpt":{"rendered":"<p>O IF Baiano Campus Santa In\u00eas est\u00e1 com EDITAL publicado de processo eleitoral para a escolha do Grupo Gestor do N\u00facleo de Estudos Afro-brasileiros e Ind\u00edgenas (NEABI) local &#8211; Bi\u00eanio 2025-2026. O objetivo \u00e9 fortalecer as a\u00e7\u00f5es que promovem a igualdade racial e a valoriza\u00e7\u00e3o das culturas afro-brasileira e ind\u00edgena na institui\u00e7\u00e3o. Podem se candidatar [&hellip;]<\/p>\n","protected":false},"author":86,"featured_media":23143,"comment_status":"closed","ping_status":"closed","sticky":false,"template":"","format":"standard","meta":[],"categories":[4,38,57],"tags":[],"_links":{"self":[{"href":"https:\/\/www.ifbaiano.edu.br\/unidades\/santaines\/wp-json\/wp\/v2\/posts\/23142"}],"collection":[{"href":"https:\/\/www.ifbaiano.edu.br\/unidades\/santaines\/wp-json\/wp\/v2\/posts"}],"about":[{"href":"https:\/\/www.ifbaiano.edu.br\/unidades\/santaines\/wp-json\/wp\/v2\/types\/post"}],"author":[{"embeddable":true,"href":"https:\/\/www.ifbaiano.edu.br\/unidades\/santaines\/wp-json\/wp\/v2\/users\/86"}],"replies":[{"embeddable":true,"href":"https:\/\/www.ifbaiano.edu.br\/unidades\/santaines\/wp-json\/wp\/v2\/comments?post=23142"}],"version-history":[{"count":2,"href":"https:\/\/www.ifbaiano.edu.br\/unidades\/santaines\/wp-json\/wp\/v2\/posts\/23142\/revisions"}],"predecessor-version":[{"id":23182,"href":"https:\/\/www.ifbaiano.edu.br\/unidades\/santaines\/wp-json\/wp\/v2\/posts\/23142\/revisions\/23182"}],"wp:featuredmedia":[{"embeddable":true,"href":"https:\/\/www.ifbaiano.edu.br\/unidades\/santaines\/wp-json\/wp\/v2\/media\/23143"}],"wp:attachment":[{"href":"https:\/\/www.ifbaiano.edu.br\/unidades\/santaines\/wp-json\/wp\/v2\/media?parent=23142"}],"wp:term":[{"taxonomy":"category","embeddable":true,"href":"https:\/\/www.ifbaiano.edu.br\/unidades\/santaines\/wp-json\/wp\/v2\/categories?post=23142"},{"taxonomy":"post_tag","embeddable":true,"href":"https:\/\/www.ifbaiano.edu.br\/unidades\/santaines\/wp-json\/wp\/v2\/tags?post=23142"}],"curies":[{"name":"wp","href":"https:\/\/api.w.org\/{rel}","templated":true}]}}