{"id":23180,"date":"2025-02-21T15:52:37","date_gmt":"2025-02-21T18:52:37","guid":{"rendered":"https:\/\/www.ifbaiano.edu.br\/unidades\/santaines\/?p=23180"},"modified":"2025-02-21T15:52:37","modified_gmt":"2025-02-21T18:52:37","slug":"comissao-eleitoral-neabi-campus-santa-ines-define-candidatos-e-ajusta-horario-de-eleicao","status":"publish","type":"post","link":"https:\/\/www.ifbaiano.edu.br\/unidades\/santaines\/comissao-eleitoral-neabi-campus-santa-ines-define-candidatos-e-ajusta-horario-de-eleicao\/","title":{"rendered":"Comiss\u00e3o Eleitoral NEABI &#8211; Campus Santa In\u00eas define candidatos e ajusta hor\u00e1rio de elei\u00e7\u00e3o"},"content":{"rendered":"\n<p>A Comiss\u00e3o Eleitoral para elei\u00e7\u00e3o do N\u00facleo de Estudos Afro-Brasileiros e Ind\u00edgenas (NEABI) do Instituto Federal de Educa\u00e7\u00e3o, Ci\u00eancia e Tecnologia Baiano, campus Santa In\u00eas, avan\u00e7a no processo eleitoral para a escolha do novo Grupo Gestor para o bi\u00eanio 2025-2026.<\/p>\n\n\n\n<p>Atrav\u00e9s do\u00a0<strong><a href=\"https:\/\/concurso.ifbaiano.edu.br\/portal\/eleicao-neabi-santa-ines-fevereiro-2025\/wp-content\/uploads\/sites\/1153\/2025\/02\/COMUNICADO-01_2025-Informa-relacao-de-chapas_candidatos-inscritos-NEABI.pdf\">Comunicado 01\/2025<\/a><\/strong>, a comiss\u00e3o divulgou a lista preliminar dos candidatos inscritos. A chapa \u00e9 composta por Patr\u00edcia Carla Alves Pena, Dimas Catai Santos J\u00fanior e Ros\u00e2ngela Lima de Neves Rodrigues (representando o corpo de servidores), Anderson de Sousa Oliveira e Marcos Oliveira Santos (representando o corpo discente), e Thiago Costa de Souza (representando a comunidade externa).<\/p>\n\n\n\n<p>Adicionalmente, o\u00a0<strong><a href=\"https:\/\/concurso.ifbaiano.edu.br\/portal\/eleicao-neabi-santa-ines-fevereiro-2025\/wp-content\/uploads\/sites\/1153\/2025\/02\/COMUNICADO-02_2025-Informa-alteracao-de-horario.pdf\">Comunicado 02\/2025<\/a><\/strong>\u00a0informa uma importante altera\u00e7\u00e3o no hor\u00e1rio da vota\u00e7\u00e3o. Conforme o comunicado, a vota\u00e7\u00e3o, antes prevista com hor\u00e1rio de aclama\u00e7\u00e3o \u00e0s 13h30, ocorrer\u00e1 no dia 26 de janeiro de 2025, das 08h \u00e0s 17h, no hall da Biblioteca do Campus Santa In\u00eas. Em caso de chapa \u00fanica, a vota\u00e7\u00e3o por aclama\u00e7\u00e3o ser\u00e1 realizada no Audit\u00f3rio do Campus, agora com hor\u00e1rio definido para \u00e0s 10h.<\/p>\n\n\n\n<p>Mais informa\u00e7\u00f5es do processo eleitoral est\u00e3o dispon\u00edveis <strong><a href=\"https:\/\/www.ifbaiano.edu.br\/unidades\/santaines\/if-baiano-campus-santa-ines-abre-processo-eleitoral-para-o-nucleo-de-estudos-afro-brasileiros-e-indigenas-neabi\/\">AQUI<\/a><\/strong> e, tamb\u00e9m, no <strong><a href=\"https:\/\/concurso.ifbaiano.edu.br\/portal\/eleicao-neabi-santa-ines-fevereiro-2025\/\">site do IF Baiano<\/a><\/strong>. A Comiss\u00e3o Eleitoral reitera o convite para que toda a comunidade participe ativamente deste importante processo.<\/p>\n\n\n\n<hr class=\"wp-block-separator has-alpha-channel-opacity\" \/>\n","protected":false},"excerpt":{"rendered":"<p>A Comiss\u00e3o Eleitoral para elei\u00e7\u00e3o do N\u00facleo de Estudos Afro-Brasileiros e Ind\u00edgenas (NEABI) do Instituto Federal de Educa\u00e7\u00e3o, Ci\u00eancia e Tecnologia Baiano, campus Santa In\u00eas, avan\u00e7a no processo eleitoral para a escolha do novo Grupo Gestor para o bi\u00eanio 2025-2026. Atrav\u00e9s do\u00a0Comunicado 01\/2025, a comiss\u00e3o divulgou a lista preliminar dos candidatos inscritos. A chapa \u00e9 [&hellip;]<\/p>\n","protected":false},"author":86,"featured_media":23143,"comment_status":"closed","ping_status":"closed","sticky":false,"template":"","format":"standard","meta":[],"categories":[4,38,5,10,57],"tags":[],"_links":{"self":[{"href":"https:\/\/www.ifbaiano.edu.br\/unidades\/santaines\/wp-json\/wp\/v2\/posts\/23180"}],"collection":[{"href":"https:\/\/www.ifbaiano.edu.br\/unidades\/santaines\/wp-json\/wp\/v2\/posts"}],"about":[{"href":"https:\/\/www.ifbaiano.edu.br\/unidades\/santaines\/wp-json\/wp\/v2\/types\/post"}],"author":[{"embeddable":true,"href":"https:\/\/www.ifbaiano.edu.br\/unidades\/santaines\/wp-json\/wp\/v2\/users\/86"}],"replies":[{"embeddable":true,"href":"https:\/\/www.ifbaiano.edu.br\/unidades\/santaines\/wp-json\/wp\/v2\/comments?post=23180"}],"version-history":[{"count":1,"href":"https:\/\/www.ifbaiano.edu.br\/unidades\/santaines\/wp-json\/wp\/v2\/posts\/23180\/revisions"}],"predecessor-version":[{"id":23181,"href":"https:\/\/www.ifbaiano.edu.br\/unidades\/santaines\/wp-json\/wp\/v2\/posts\/23180\/revisions\/23181"}],"wp:featuredmedia":[{"embeddable":true,"href":"https:\/\/www.ifbaiano.edu.br\/unidades\/santaines\/wp-json\/wp\/v2\/media\/23143"}],"wp:attachment":[{"href":"https:\/\/www.ifbaiano.edu.br\/unidades\/santaines\/wp-json\/wp\/v2\/media?parent=23180"}],"wp:term":[{"taxonomy":"category","embeddable":true,"href":"https:\/\/www.ifbaiano.edu.br\/unidades\/santaines\/wp-json\/wp\/v2\/categories?post=23180"},{"taxonomy":"post_tag","embeddable":true,"href":"https:\/\/www.ifbaiano.edu.br\/unidades\/santaines\/wp-json\/wp\/v2\/tags?post=23180"}],"curies":[{"name":"wp","href":"https:\/\/api.w.org\/{rel}","templated":true}]}}