{"id":23200,"date":"2025-02-25T08:33:13","date_gmt":"2025-02-25T11:33:13","guid":{"rendered":"https:\/\/www.ifbaiano.edu.br\/unidades\/santaines\/?p=23200"},"modified":"2025-03-06T10:11:00","modified_gmt":"2025-03-06T13:11:00","slug":"if-baiano-campus-santa-ines-divulga-resultado-preliminar-da-selecao-para-residencia-estudantil-2025","status":"publish","type":"post","link":"https:\/\/www.ifbaiano.edu.br\/unidades\/santaines\/if-baiano-campus-santa-ines-divulga-resultado-preliminar-da-selecao-para-residencia-estudantil-2025\/","title":{"rendered":"IF Baiano &#8211; Campus Santa In\u00eas divulga resultado preliminar da sele\u00e7\u00e3o para Resid\u00eancia Estudantil 2025"},"content":{"rendered":"\n<p>O Instituto Federal Baiano (IF Baiano) \u2013 Campus Santa In\u00eas divulgou o resultado preliminar do processo seletivo para a Resid\u00eancia Estudantil 2025. As listas dos candidatos selecionados para a resid\u00eancia masculina e feminina j\u00e1 est\u00e3o dispon\u00edveis para consulta.<\/p>\n\n\n\n<ul>\n<li><a href=\"https:\/\/www.ifbaiano.edu.br\/unidades\/santaines\/files\/2025\/02\/LISTA-PRELIMINAR-RESID.-MASCULINA-2025.pdf\">Lista da Resid\u00eancia Masculina<\/a><\/li>\n\n\n\n<li><a href=\"https:\/\/www.ifbaiano.edu.br\/unidades\/santaines\/files\/2025\/02\/LISTA-PRELIMINAR-RESID.-FEMININA-2025.pdf\">Lista da Resid\u00eancia Feminina<\/a><\/li>\n<\/ul>\n\n\n\n<p><strong>Pr\u00f3ximas Etapas:<\/strong><\/p>\n\n\n\n<ul>\n<li><strong>Per\u00edodo de Recursos:<\/strong>&nbsp;Os candidatos que desejarem interpor recursos contra o resultado preliminar poder\u00e3o faz\u00ea-lo dentro do prazo estipulado no <a href=\"https:\/\/www.ifbaiano.edu.br\/unidades\/santaines\/files\/2025\/02\/EDITAL-DE-RETIFICACAO-No-5-2025-Residencia-Estudantil.pdf\">edital<\/a>.<\/li>\n\n\n\n<li><strong>Resultado Final:<\/strong>&nbsp;Ap\u00f3s a an\u00e1lise dos recursos, o IF Baiano publicar\u00e1 o resultado final da sele\u00e7\u00e3o.<\/li>\n<\/ul>\n\n\n\n<p><strong>Mais informa\u00e7\u00f5es:<\/strong><\/p>\n\n\n\n<p>Para mais detalhes sobre o processo seletivo e o cronograma completo, acesse o edital no <a href=\"https:\/\/www.ifbaiano.edu.br\/unidades\/santaines\/if-baiano-campus-santa-ines-abre-inscricoes-para-residencia-estudantil-2025\/\">site do IF Baiano \u2013 Campus Santa In\u00eas<\/a>.<\/p>\n\n\n\n<hr class=\"wp-block-separator has-alpha-channel-opacity\" \/>\n","protected":false},"excerpt":{"rendered":"<p>O Instituto Federal Baiano (IF Baiano) \u2013 Campus Santa In\u00eas divulgou o resultado preliminar do processo seletivo para a Resid\u00eancia Estudantil 2025. As listas dos candidatos selecionados para a resid\u00eancia masculina e feminina j\u00e1 est\u00e3o dispon\u00edveis para consulta. Pr\u00f3ximas Etapas: Mais informa\u00e7\u00f5es: Para mais detalhes sobre o processo seletivo e o cronograma completo, acesse o [&hellip;]<\/p>\n","protected":false},"author":86,"featured_media":18134,"comment_status":"closed","ping_status":"closed","sticky":false,"template":"","format":"standard","meta":[],"categories":[4,5,8,57],"tags":[],"_links":{"self":[{"href":"https:\/\/www.ifbaiano.edu.br\/unidades\/santaines\/wp-json\/wp\/v2\/posts\/23200"}],"collection":[{"href":"https:\/\/www.ifbaiano.edu.br\/unidades\/santaines\/wp-json\/wp\/v2\/posts"}],"about":[{"href":"https:\/\/www.ifbaiano.edu.br\/unidades\/santaines\/wp-json\/wp\/v2\/types\/post"}],"author":[{"embeddable":true,"href":"https:\/\/www.ifbaiano.edu.br\/unidades\/santaines\/wp-json\/wp\/v2\/users\/86"}],"replies":[{"embeddable":true,"href":"https:\/\/www.ifbaiano.edu.br\/unidades\/santaines\/wp-json\/wp\/v2\/comments?post=23200"}],"version-history":[{"count":3,"href":"https:\/\/www.ifbaiano.edu.br\/unidades\/santaines\/wp-json\/wp\/v2\/posts\/23200\/revisions"}],"predecessor-version":[{"id":23237,"href":"https:\/\/www.ifbaiano.edu.br\/unidades\/santaines\/wp-json\/wp\/v2\/posts\/23200\/revisions\/23237"}],"wp:featuredmedia":[{"embeddable":true,"href":"https:\/\/www.ifbaiano.edu.br\/unidades\/santaines\/wp-json\/wp\/v2\/media\/18134"}],"wp:attachment":[{"href":"https:\/\/www.ifbaiano.edu.br\/unidades\/santaines\/wp-json\/wp\/v2\/media?parent=23200"}],"wp:term":[{"taxonomy":"category","embeddable":true,"href":"https:\/\/www.ifbaiano.edu.br\/unidades\/santaines\/wp-json\/wp\/v2\/categories?post=23200"},{"taxonomy":"post_tag","embeddable":true,"href":"https:\/\/www.ifbaiano.edu.br\/unidades\/santaines\/wp-json\/wp\/v2\/tags?post=23200"}],"curies":[{"name":"wp","href":"https:\/\/api.w.org\/{rel}","templated":true}]}}