{"id":23204,"date":"2025-02-26T14:14:27","date_gmt":"2025-02-26T17:14:27","guid":{"rendered":"https:\/\/www.ifbaiano.edu.br\/unidades\/santaines\/?p=23204"},"modified":"2025-02-26T14:14:27","modified_gmt":"2025-02-26T17:14:27","slug":"if-baiano-campus-santa-ines-promove-reuniao-entre-pais-estudantes-e-equipe-pedagogica-para-discutir-temas-relevantes","status":"publish","type":"post","link":"https:\/\/www.ifbaiano.edu.br\/unidades\/santaines\/if-baiano-campus-santa-ines-promove-reuniao-entre-pais-estudantes-e-equipe-pedagogica-para-discutir-temas-relevantes\/","title":{"rendered":"IF Baiano &#8211; Campus Santa In\u00eas promove reuni\u00e3o entre pais, estudantes e equipe pedag\u00f3gica para discutir temas relevantes"},"content":{"rendered":"\n<div class=\"wp-block-media-text alignwide is-stacked-on-mobile\"><figure class=\"wp-block-media-text__media\"><img decoding=\"async\" loading=\"lazy\" width=\"1024\" height=\"1024\" src=\"https:\/\/www.ifbaiano.edu.br\/unidades\/santaines\/files\/2025\/02\/9768-DG-Reuniao-1024x1024.webp\" alt=\"\" class=\"wp-image-23208 size-full\" srcset=\"https:\/\/www.ifbaiano.edu.br\/unidades\/santaines\/files\/2025\/02\/9768-DG-Reuniao-1024x1024.webp 1024w, https:\/\/www.ifbaiano.edu.br\/unidades\/santaines\/files\/2025\/02\/9768-DG-Reuniao-300x300.webp 300w, https:\/\/www.ifbaiano.edu.br\/unidades\/santaines\/files\/2025\/02\/9768-DG-Reuniao-150x150.webp 150w, https:\/\/www.ifbaiano.edu.br\/unidades\/santaines\/files\/2025\/02\/9768-DG-Reuniao-768x768.webp 768w, https:\/\/www.ifbaiano.edu.br\/unidades\/santaines\/files\/2025\/02\/9768-DG-Reuniao-100x100.webp 100w, https:\/\/www.ifbaiano.edu.br\/unidades\/santaines\/files\/2025\/02\/9768-DG-Reuniao.webp 1080w\" sizes=\"(max-width: 1024px) 100vw, 1024px\" \/><\/figure><div class=\"wp-block-media-text__content\">\n<p>Em uma manh\u00e3 de di\u00e1logo e reflex\u00e3o, o IF Baiano &#8211; Campus Santa In\u00eas reuniu pais, estudantes das 1\u00aa e 2\u00aa s\u00e9ries dos Cursos T\u00e9cnicos Integrados (Agropecu\u00e1ria, Alimentos e Zootecnia) e a equipe pedag\u00f3gica do campus na quadra poliesportiva, nessa ter\u00e7a-feira, 25 de fevereiro. O encontro teve como objetivo fortalecer a parceria entre a institui\u00e7\u00e3o e as fam\u00edlias, abordando temas cruciais para o desenvolvimento integral dos alunos.<\/p>\n\n\n\n<p>A abertura da reuni\u00e3o foi conduzida pela Diretora-Geral, professora Genilda Lima, que apresentou pontos importantes para o bom andamento do ano letivo, destacando a import\u00e2ncia da participa\u00e7\u00e3o ativa dos pais na vida escolar dos filhos.<\/p>\n<\/div><\/div>\n\n\n\n<p>Em seguida, a psic\u00f3loga do campus, Merilande Rocha, conduziu um momento de reflex\u00e3o sobre a quest\u00e3o do bullying e cyberbullying e da rela\u00e7\u00e3o direta com os Trotes aos estudantes ingressantes. A leitura de um texto sensibilizador pela t\u00e9cnica em enfermagem, Suomi Cabral, precedeu a discuss\u00e3o sobre os impactos negativos dessa pr\u00e1tica e a import\u00e2ncia de promover um ambiente acolhedor e respeitoso para os novos alunos.<\/p>\n\n\n\n<p>Posteriormente, o Diretor Acad\u00eamico, Professor Andr\u00e9 Leonardo, falou sobre o uso de celulares e outros aparelhos eletr\u00f4nicos port\u00e1teis pessoais por estudantes no ambiente escolar. O diretor explicou que o tema \u00e9 regulamentado por legisla\u00e7\u00f5es vigentes, como a Lei n\u00ba 15.100\/2025, o Decreto n\u00ba 12.385\/2025 e a Portaria Normativa n\u00ba 58\/2025.<\/p>\n\n\n\n<p>Andr\u00e9 detalhou que a Portaria 58\/2025, elaborada em conson\u00e2ncia com a Lei 15.100\/2025, pro\u00edbe o uso desses aparelhos durante o per\u00edodo de aulas (manh\u00e3 e tarde), permitindo a utiliza\u00e7\u00e3o apenas no hor\u00e1rio de almo\u00e7o. O diretor ressaltou que a proibi\u00e7\u00e3o do uso de celulares em sala de aula j\u00e1 existia desde 2015, com base no Regulamento Disciplinar Discente, salvo com autoriza\u00e7\u00e3o do professor para fins pedag\u00f3gicos. O descumprimento da norma poder\u00e1 gerar advert\u00eancias, e a reincid\u00eancia poder\u00e1 ser avaliada pela Comiss\u00e3o Disciplinar Discente.<\/p>\n\n\n\n<p>A Coordenadora de Ensino, Professora Tharcilla Pess\u00f4a, apresentou o calend\u00e1rio letivo de 2025, permitindo que os pais pudessem se organizar em rela\u00e7\u00e3o \u00e0s datas importantes do ano. <\/p>\n\n\n\n<figure class=\"wp-block-gallery has-nested-images columns-default is-cropped wp-block-gallery-1 is-layout-flex\">\n<figure class=\"wp-block-image size-large\"><a href=\"https:\/\/www.ifbaiano.edu.br\/unidades\/santaines\/files\/2025\/02\/9773-Psi-Reuniao.webp\"><img decoding=\"async\" loading=\"lazy\" width=\"1024\" height=\"1024\" data-id=\"23210\"  src=\"https:\/\/www.ifbaiano.edu.br\/unidades\/santaines\/files\/2025\/02\/9773-Psi-Reuniao-1024x1024.webp\" alt=\"\" class=\"wp-image-23210\" srcset=\"https:\/\/www.ifbaiano.edu.br\/unidades\/santaines\/files\/2025\/02\/9773-Psi-Reuniao-1024x1024.webp 1024w, https:\/\/www.ifbaiano.edu.br\/unidades\/santaines\/files\/2025\/02\/9773-Psi-Reuniao-300x300.webp 300w, https:\/\/www.ifbaiano.edu.br\/unidades\/santaines\/files\/2025\/02\/9773-Psi-Reuniao-150x150.webp 150w, https:\/\/www.ifbaiano.edu.br\/unidades\/santaines\/files\/2025\/02\/9773-Psi-Reuniao-768x768.webp 768w, https:\/\/www.ifbaiano.edu.br\/unidades\/santaines\/files\/2025\/02\/9773-Psi-Reuniao-100x100.webp 100w, https:\/\/www.ifbaiano.edu.br\/unidades\/santaines\/files\/2025\/02\/9773-Psi-Reuniao.webp 1080w\" sizes=\"(max-width: 1024px) 100vw, 1024px\" \/><\/a><\/figure>\n\n\n\n<figure class=\"wp-block-image size-large\"><a href=\"https:\/\/www.ifbaiano.edu.br\/unidades\/santaines\/files\/2025\/02\/9766-CE-Reuniao.webp\"><img decoding=\"async\" loading=\"lazy\" width=\"1024\" height=\"682\" data-id=\"23207\"  src=\"https:\/\/www.ifbaiano.edu.br\/unidades\/santaines\/files\/2025\/02\/9766-CE-Reuniao-1024x682.webp\" alt=\"\" class=\"wp-image-23207\" srcset=\"https:\/\/www.ifbaiano.edu.br\/unidades\/santaines\/files\/2025\/02\/9766-CE-Reuniao-1024x682.webp 1024w, https:\/\/www.ifbaiano.edu.br\/unidades\/santaines\/files\/2025\/02\/9766-CE-Reuniao-300x200.webp 300w, https:\/\/www.ifbaiano.edu.br\/unidades\/santaines\/files\/2025\/02\/9766-CE-Reuniao-768x512.webp 768w, https:\/\/www.ifbaiano.edu.br\/unidades\/santaines\/files\/2025\/02\/9766-CE-Reuniao-1536x1023.webp 1536w, https:\/\/www.ifbaiano.edu.br\/unidades\/santaines\/files\/2025\/02\/9766-CE-Reuniao-100x67.webp 100w, https:\/\/www.ifbaiano.edu.br\/unidades\/santaines\/files\/2025\/02\/9766-CE-Reuniao.webp 1600w\" sizes=\"(max-width: 1024px) 100vw, 1024px\" \/><\/a><\/figure>\n\n\n\n<figure class=\"wp-block-image size-large\"><a href=\"https:\/\/www.ifbaiano.edu.br\/unidades\/santaines\/files\/2025\/02\/9762-DA-Reuniao.webp\"><img decoding=\"async\" loading=\"lazy\" width=\"1024\" height=\"682\" data-id=\"23205\"  src=\"https:\/\/www.ifbaiano.edu.br\/unidades\/santaines\/files\/2025\/02\/9762-DA-Reuniao-1024x682.webp\" alt=\"\" class=\"wp-image-23205\" srcset=\"https:\/\/www.ifbaiano.edu.br\/unidades\/santaines\/files\/2025\/02\/9762-DA-Reuniao-1024x682.webp 1024w, https:\/\/www.ifbaiano.edu.br\/unidades\/santaines\/files\/2025\/02\/9762-DA-Reuniao-300x200.webp 300w, https:\/\/www.ifbaiano.edu.br\/unidades\/santaines\/files\/2025\/02\/9762-DA-Reuniao-768x512.webp 768w, https:\/\/www.ifbaiano.edu.br\/unidades\/santaines\/files\/2025\/02\/9762-DA-Reuniao-1536x1023.webp 1536w, https:\/\/www.ifbaiano.edu.br\/unidades\/santaines\/files\/2025\/02\/9762-DA-Reuniao-100x67.webp 100w, https:\/\/www.ifbaiano.edu.br\/unidades\/santaines\/files\/2025\/02\/9762-DA-Reuniao.webp 1600w\" sizes=\"(max-width: 1024px) 100vw, 1024px\" \/><\/a><\/figure>\n<\/figure>\n\n\n\n<p>A reuni\u00e3o tamb\u00e9m abriu espa\u00e7o para a participa\u00e7\u00e3o dos pais, que tiveram a oportunidade de tirar d\u00favidas e apresentar sugest\u00f5es para aprimorar o processo educativo. O senhor Reinaldo, um dos pais presentes, informou que protocolou um of\u00edcio junto \u00e0 Dire\u00e7\u00e3o Geral, Dire\u00e7\u00e3o Acad\u00eamica e Coordena\u00e7\u00e3o de Ensino, com o objetivo de esclarecer d\u00favidas e propor melhorias. A Diretora Geral e o Diretor Acad\u00eamico destacaram a import\u00e2ncia de iniciativas como essa, que visam o aprimoramento cont\u00ednuo da institui\u00e7\u00e3o e a busca por um processo de ensino aprendizagem cada vez mais eficiente para os estudantes.<\/p>\n\n\n\n<p>O encontro consolidou a import\u00e2ncia da uni\u00e3o entre a escola e as fam\u00edlias, reafirmando que essa parceria \u00e9 fundamental para garantir um ambiente escolar positivo e prop\u00edcio ao desenvolvimento integral dos alunos. <\/p>\n\n\n\n<figure class=\"wp-block-gallery has-nested-images columns-default is-cropped wp-block-gallery-3 is-layout-flex\">\n<figure class=\"wp-block-image size-large\"><a href=\"https:\/\/www.ifbaiano.edu.br\/unidades\/santaines\/files\/2025\/02\/9783-Reuniao.webp\"><img decoding=\"async\" loading=\"lazy\" width=\"1024\" height=\"682\" data-id=\"23214\"  src=\"https:\/\/www.ifbaiano.edu.br\/unidades\/santaines\/files\/2025\/02\/9783-Reuniao-1024x682.webp\" alt=\"\" class=\"wp-image-23214\" srcset=\"https:\/\/www.ifbaiano.edu.br\/unidades\/santaines\/files\/2025\/02\/9783-Reuniao-1024x682.webp 1024w, https:\/\/www.ifbaiano.edu.br\/unidades\/santaines\/files\/2025\/02\/9783-Reuniao-300x200.webp 300w, https:\/\/www.ifbaiano.edu.br\/unidades\/santaines\/files\/2025\/02\/9783-Reuniao-768x512.webp 768w, https:\/\/www.ifbaiano.edu.br\/unidades\/santaines\/files\/2025\/02\/9783-Reuniao-1536x1023.webp 1536w, https:\/\/www.ifbaiano.edu.br\/unidades\/santaines\/files\/2025\/02\/9783-Reuniao-100x67.webp 100w, https:\/\/www.ifbaiano.edu.br\/unidades\/santaines\/files\/2025\/02\/9783-Reuniao.webp 1600w\" sizes=\"(max-width: 1024px) 100vw, 1024px\" \/><\/a><\/figure>\n\n\n\n<figure class=\"wp-block-image size-large\"><a href=\"https:\/\/www.ifbaiano.edu.br\/unidades\/santaines\/files\/2025\/02\/9780-Reuniao-pais.webp\"><img decoding=\"async\" loading=\"lazy\" width=\"1024\" height=\"682\" data-id=\"23213\"  src=\"https:\/\/www.ifbaiano.edu.br\/unidades\/santaines\/files\/2025\/02\/9780-Reuniao-pais-1024x682.webp\" alt=\"\" class=\"wp-image-23213\" srcset=\"https:\/\/www.ifbaiano.edu.br\/unidades\/santaines\/files\/2025\/02\/9780-Reuniao-pais-1024x682.webp 1024w, https:\/\/www.ifbaiano.edu.br\/unidades\/santaines\/files\/2025\/02\/9780-Reuniao-pais-300x200.webp 300w, https:\/\/www.ifbaiano.edu.br\/unidades\/santaines\/files\/2025\/02\/9780-Reuniao-pais-768x512.webp 768w, https:\/\/www.ifbaiano.edu.br\/unidades\/santaines\/files\/2025\/02\/9780-Reuniao-pais-1536x1023.webp 1536w, https:\/\/www.ifbaiano.edu.br\/unidades\/santaines\/files\/2025\/02\/9780-Reuniao-pais-100x67.webp 100w, https:\/\/www.ifbaiano.edu.br\/unidades\/santaines\/files\/2025\/02\/9780-Reuniao-pais.webp 1600w\" sizes=\"(max-width: 1024px) 100vw, 1024px\" \/><\/a><\/figure>\n\n\n\n<figure class=\"wp-block-image size-large\"><a href=\"https:\/\/www.ifbaiano.edu.br\/unidades\/santaines\/files\/2025\/02\/9778-Reuniao-pai.webp\"><img decoding=\"async\" loading=\"lazy\" width=\"1024\" height=\"682\" data-id=\"23212\"  src=\"https:\/\/www.ifbaiano.edu.br\/unidades\/santaines\/files\/2025\/02\/9778-Reuniao-pai-1024x682.webp\" alt=\"\" class=\"wp-image-23212\" srcset=\"https:\/\/www.ifbaiano.edu.br\/unidades\/santaines\/files\/2025\/02\/9778-Reuniao-pai-1024x682.webp 1024w, https:\/\/www.ifbaiano.edu.br\/unidades\/santaines\/files\/2025\/02\/9778-Reuniao-pai-300x200.webp 300w, https:\/\/www.ifbaiano.edu.br\/unidades\/santaines\/files\/2025\/02\/9778-Reuniao-pai-768x512.webp 768w, https:\/\/www.ifbaiano.edu.br\/unidades\/santaines\/files\/2025\/02\/9778-Reuniao-pai-1536x1023.webp 1536w, https:\/\/www.ifbaiano.edu.br\/unidades\/santaines\/files\/2025\/02\/9778-Reuniao-pai-100x67.webp 100w, https:\/\/www.ifbaiano.edu.br\/unidades\/santaines\/files\/2025\/02\/9778-Reuniao-pai.webp 1600w\" sizes=\"(max-width: 1024px) 100vw, 1024px\" \/><\/a><\/figure>\n\n\n\n<figure class=\"wp-block-image size-large\"><a href=\"https:\/\/www.ifbaiano.edu.br\/unidades\/santaines\/files\/2025\/02\/9775-Reuni.webp\"><img decoding=\"async\" loading=\"lazy\" width=\"1024\" height=\"682\" data-id=\"23211\"  src=\"https:\/\/www.ifbaiano.edu.br\/unidades\/santaines\/files\/2025\/02\/9775-Reuni-1024x682.webp\" alt=\"\" class=\"wp-image-23211\" srcset=\"https:\/\/www.ifbaiano.edu.br\/unidades\/santaines\/files\/2025\/02\/9775-Reuni-1024x682.webp 1024w, https:\/\/www.ifbaiano.edu.br\/unidades\/santaines\/files\/2025\/02\/9775-Reuni-300x200.webp 300w, https:\/\/www.ifbaiano.edu.br\/unidades\/santaines\/files\/2025\/02\/9775-Reuni-768x512.webp 768w, https:\/\/www.ifbaiano.edu.br\/unidades\/santaines\/files\/2025\/02\/9775-Reuni-1536x1023.webp 1536w, https:\/\/www.ifbaiano.edu.br\/unidades\/santaines\/files\/2025\/02\/9775-Reuni-100x67.webp 100w, https:\/\/www.ifbaiano.edu.br\/unidades\/santaines\/files\/2025\/02\/9775-Reuni.webp 1600w\" sizes=\"(max-width: 1024px) 100vw, 1024px\" \/><\/a><\/figure>\n\n\n\n<figure class=\"wp-block-image size-large\"><a href=\"https:\/\/www.ifbaiano.edu.br\/unidades\/santaines\/files\/2025\/02\/9770-Pais.webp\"><img decoding=\"async\" loading=\"lazy\" width=\"1024\" height=\"682\" data-id=\"23209\"  src=\"https:\/\/www.ifbaiano.edu.br\/unidades\/santaines\/files\/2025\/02\/9770-Pais-1024x682.webp\" alt=\"\" class=\"wp-image-23209\" srcset=\"https:\/\/www.ifbaiano.edu.br\/unidades\/santaines\/files\/2025\/02\/9770-Pais-1024x682.webp 1024w, https:\/\/www.ifbaiano.edu.br\/unidades\/santaines\/files\/2025\/02\/9770-Pais-300x200.webp 300w, https:\/\/www.ifbaiano.edu.br\/unidades\/santaines\/files\/2025\/02\/9770-Pais-768x512.webp 768w, https:\/\/www.ifbaiano.edu.br\/unidades\/santaines\/files\/2025\/02\/9770-Pais-1536x1023.webp 1536w, https:\/\/www.ifbaiano.edu.br\/unidades\/santaines\/files\/2025\/02\/9770-Pais-100x67.webp 100w, https:\/\/www.ifbaiano.edu.br\/unidades\/santaines\/files\/2025\/02\/9770-Pais.webp 1600w\" sizes=\"(max-width: 1024px) 100vw, 1024px\" \/><\/a><\/figure>\n\n\n\n<figure class=\"wp-block-image size-large\"><a href=\"https:\/\/www.ifbaiano.edu.br\/unidades\/santaines\/files\/2025\/02\/9764-Capa.webp\"><img decoding=\"async\" loading=\"lazy\" width=\"1024\" height=\"390\" data-id=\"23206\"  src=\"https:\/\/www.ifbaiano.edu.br\/unidades\/santaines\/files\/2025\/02\/9764-Capa-1024x390.webp\" alt=\"\" class=\"wp-image-23206\" srcset=\"https:\/\/www.ifbaiano.edu.br\/unidades\/santaines\/files\/2025\/02\/9764-Capa-1024x390.webp 1024w, https:\/\/www.ifbaiano.edu.br\/unidades\/santaines\/files\/2025\/02\/9764-Capa-300x114.webp 300w, https:\/\/www.ifbaiano.edu.br\/unidades\/santaines\/files\/2025\/02\/9764-Capa-768x293.webp 768w, https:\/\/www.ifbaiano.edu.br\/unidades\/santaines\/files\/2025\/02\/9764-Capa-1536x586.webp 1536w, https:\/\/www.ifbaiano.edu.br\/unidades\/santaines\/files\/2025\/02\/9764-Capa-100x38.webp 100w, https:\/\/www.ifbaiano.edu.br\/unidades\/santaines\/files\/2025\/02\/9764-Capa.webp 1600w\" sizes=\"(max-width: 1024px) 100vw, 1024px\" \/><\/a><\/figure>\n\n\n\n<figure class=\"wp-block-image size-large\"><a href=\"https:\/\/www.ifbaiano.edu.br\/unidades\/santaines\/files\/2025\/02\/9766-CE-Reuniao.webp\"><img decoding=\"async\" loading=\"lazy\" width=\"1024\" height=\"682\" data-id=\"23207\"  src=\"https:\/\/www.ifbaiano.edu.br\/unidades\/santaines\/files\/2025\/02\/9766-CE-Reuniao-1024x682.webp\" alt=\"\" class=\"wp-image-23207\" srcset=\"https:\/\/www.ifbaiano.edu.br\/unidades\/santaines\/files\/2025\/02\/9766-CE-Reuniao-1024x682.webp 1024w, https:\/\/www.ifbaiano.edu.br\/unidades\/santaines\/files\/2025\/02\/9766-CE-Reuniao-300x200.webp 300w, https:\/\/www.ifbaiano.edu.br\/unidades\/santaines\/files\/2025\/02\/9766-CE-Reuniao-768x512.webp 768w, https:\/\/www.ifbaiano.edu.br\/unidades\/santaines\/files\/2025\/02\/9766-CE-Reuniao-1536x1023.webp 1536w, https:\/\/www.ifbaiano.edu.br\/unidades\/santaines\/files\/2025\/02\/9766-CE-Reuniao-100x67.webp 100w, https:\/\/www.ifbaiano.edu.br\/unidades\/santaines\/files\/2025\/02\/9766-CE-Reuniao.webp 1600w\" sizes=\"(max-width: 1024px) 100vw, 1024px\" \/><\/a><\/figure>\n\n\n\n<figure class=\"wp-block-image size-large\"><a href=\"https:\/\/www.ifbaiano.edu.br\/unidades\/santaines\/files\/2025\/02\/9762-DA-Reuniao.webp\"><img decoding=\"async\" loading=\"lazy\" width=\"1024\" height=\"682\" data-id=\"23205\"  src=\"https:\/\/www.ifbaiano.edu.br\/unidades\/santaines\/files\/2025\/02\/9762-DA-Reuniao-1024x682.webp\" alt=\"\" class=\"wp-image-23205\" srcset=\"https:\/\/www.ifbaiano.edu.br\/unidades\/santaines\/files\/2025\/02\/9762-DA-Reuniao-1024x682.webp 1024w, https:\/\/www.ifbaiano.edu.br\/unidades\/santaines\/files\/2025\/02\/9762-DA-Reuniao-300x200.webp 300w, https:\/\/www.ifbaiano.edu.br\/unidades\/santaines\/files\/2025\/02\/9762-DA-Reuniao-768x512.webp 768w, https:\/\/www.ifbaiano.edu.br\/unidades\/santaines\/files\/2025\/02\/9762-DA-Reuniao-1536x1023.webp 1536w, https:\/\/www.ifbaiano.edu.br\/unidades\/santaines\/files\/2025\/02\/9762-DA-Reuniao-100x67.webp 100w, https:\/\/www.ifbaiano.edu.br\/unidades\/santaines\/files\/2025\/02\/9762-DA-Reuniao.webp 1600w\" sizes=\"(max-width: 1024px) 100vw, 1024px\" \/><\/a><\/figure>\n<\/figure>\n\n\n\n<hr class=\"wp-block-separator has-alpha-channel-opacity\" \/>\n","protected":false},"excerpt":{"rendered":"<p>Em uma manh\u00e3 de di\u00e1logo e reflex\u00e3o, o IF Baiano &#8211; Campus Santa In\u00eas reuniu pais, estudantes das 1\u00aa e 2\u00aa s\u00e9ries dos Cursos T\u00e9cnicos Integrados (Agropecu\u00e1ria, Alimentos e Zootecnia) e a equipe pedag\u00f3gica do campus na quadra poliesportiva, nessa ter\u00e7a-feira, 25 de fevereiro. O encontro teve como objetivo fortalecer a parceria entre a institui\u00e7\u00e3o [&hellip;]<\/p>\n","protected":false},"author":86,"featured_media":23206,"comment_status":"closed","ping_status":"closed","sticky":false,"template":"","format":"standard","meta":[],"categories":[4,5,57],"tags":[],"_links":{"self":[{"href":"https:\/\/www.ifbaiano.edu.br\/unidades\/santaines\/wp-json\/wp\/v2\/posts\/23204"}],"collection":[{"href":"https:\/\/www.ifbaiano.edu.br\/unidades\/santaines\/wp-json\/wp\/v2\/posts"}],"about":[{"href":"https:\/\/www.ifbaiano.edu.br\/unidades\/santaines\/wp-json\/wp\/v2\/types\/post"}],"author":[{"embeddable":true,"href":"https:\/\/www.ifbaiano.edu.br\/unidades\/santaines\/wp-json\/wp\/v2\/users\/86"}],"replies":[{"embeddable":true,"href":"https:\/\/www.ifbaiano.edu.br\/unidades\/santaines\/wp-json\/wp\/v2\/comments?post=23204"}],"version-history":[{"count":1,"href":"https:\/\/www.ifbaiano.edu.br\/unidades\/santaines\/wp-json\/wp\/v2\/posts\/23204\/revisions"}],"predecessor-version":[{"id":23215,"href":"https:\/\/www.ifbaiano.edu.br\/unidades\/santaines\/wp-json\/wp\/v2\/posts\/23204\/revisions\/23215"}],"wp:featuredmedia":[{"embeddable":true,"href":"https:\/\/www.ifbaiano.edu.br\/unidades\/santaines\/wp-json\/wp\/v2\/media\/23206"}],"wp:attachment":[{"href":"https:\/\/www.ifbaiano.edu.br\/unidades\/santaines\/wp-json\/wp\/v2\/media?parent=23204"}],"wp:term":[{"taxonomy":"category","embeddable":true,"href":"https:\/\/www.ifbaiano.edu.br\/unidades\/santaines\/wp-json\/wp\/v2\/categories?post=23204"},{"taxonomy":"post_tag","embeddable":true,"href":"https:\/\/www.ifbaiano.edu.br\/unidades\/santaines\/wp-json\/wp\/v2\/tags?post=23204"}],"curies":[{"name":"wp","href":"https:\/\/api.w.org\/{rel}","templated":true}]}}