{"id":23216,"date":"2025-02-26T23:03:14","date_gmt":"2025-02-27T02:03:14","guid":{"rendered":"https:\/\/www.ifbaiano.edu.br\/unidades\/santaines\/?p=23216"},"modified":"2025-02-26T23:03:14","modified_gmt":"2025-02-27T02:03:14","slug":"if-baiano-divulga-resultado-preliminar-da-banca-de-heteroidentificacao-para-candidatos-negros-no-sisu-2025-1","status":"publish","type":"post","link":"https:\/\/www.ifbaiano.edu.br\/unidades\/santaines\/if-baiano-divulga-resultado-preliminar-da-banca-de-heteroidentificacao-para-candidatos-negros-no-sisu-2025-1\/","title":{"rendered":"IF Baiano Divulga Resultado Preliminar da Banca de Heteroidentifica\u00e7\u00e3o para Candidatos Negros no SISU 2025.1"},"content":{"rendered":"\n<p>O Instituto Federal de Educa\u00e7\u00e3o, Ci\u00eancia e Tecnologia Baiano (IF Baiano) &#8211; Campus Santa In\u00eas divulgou hoje o resultado preliminar da banca de heteroidentifica\u00e7\u00e3o para candidatos autodeclarados negros (pretos ou pardos) classificados na lista de espera da 1\u00aa chamada do Sistema de Sele\u00e7\u00e3o Unificada (SISU) 2025.1. O processo seletivo visa o ingresso de estudantes nos cursos de gradua\u00e7\u00e3o da institui\u00e7\u00e3o.<\/p>\n\n\n\n<p>De acordo com o <a rel=\"noreferrer noopener\" href=\"https:\/\/concurso.ifbaiano.edu.br\/portal\/ingresso-2025-cursos-superiores-sisu-santa-ines-janeiro-2025\/wp-content\/uploads\/sites\/1138\/2025\/01\/Edital-de-Matricula-Campus-Santa-Ines.pdf\" target=\"_blank\">Edital n\u00ba 02<\/a>, de 17 de janeiro de 2025, a lista divulgada apresenta o nome dos candidatos, o curso para o qual se inscreveram, a vaga a qual concorreram (LB PPI) e o resultado da avalia\u00e7\u00e3o da banca. Entre os resultados, constam candidatos considerados ausentes, indeferidos e aprovados.<\/p>\n\n\n\n<p><strong>Aten\u00e7\u00e3o Candidatos Indeferidos!<\/strong><\/p>\n\n\n\n<p>O IF Baiano refor\u00e7a a import\u00e2ncia da leitura atenta das orienta\u00e7\u00f5es presentes no edital. Candidatos que n\u00e3o compareceram \u00e0 banca ou tiveram sua autodeclara\u00e7\u00e3o indeferida ser\u00e3o desclassificados do processo seletivo.<\/p>\n\n\n\n<p>Candidatos que desejarem recorrer da decis\u00e3o da banca de heteroidentifica\u00e7\u00e3o ter\u00e3o o per\u00edodo de 27 a 28 de fevereiro de 2025 para apresentar recurso. Para isso, dever\u00e3o preencher o formul\u00e1rio espec\u00edfico (Anexo IV do <a rel=\"noreferrer noopener\" href=\"https:\/\/concurso.ifbaiano.edu.br\/portal\/ingresso-2025-cursos-superiores-sisu-santa-ines-janeiro-2025\/wp-content\/uploads\/sites\/1138\/2025\/01\/Edital-de-Matricula-Campus-Santa-Ines.pdf\" target=\"_blank\">Edital<\/a>) e enviar para o e-mail\u00a0<a rel=\"noreferrer noopener\" href=\"https:\/\/www.google.com\/url?sa=E&amp;q=mailto%3Aprosel%40si.ifbaiano.edu.br\" target=\"_blank\">prosel@si.ifbaiano.edu.br<\/a>, com o t\u00edtulo &#8220;RECURSO CONTRA O RESULTADO DA BANCA DE HETEROIDENTIFICA\u00c7\u00c3O&#8221;.<\/p>\n\n\n\n<p><strong>Lista Preliminar<\/strong><\/p>\n\n\n\n<p>A lista preliminar divulgada apresenta os seguintes resultados:<\/p>\n\n\n\n<ul>\n<li><strong>Emerson de Jesus Muniz<\/strong>&nbsp;(Ci\u00eancias Biol\u00f3gicas): Ausente.<\/li>\n\n\n\n<li><strong>Jocelia Costa Alves<\/strong>&nbsp;(Ci\u00eancias Biol\u00f3gicas): Indeferido.<\/li>\n\n\n\n<li><strong>Raiane Cruz dos Santos<\/strong>&nbsp;(Ci\u00eancias Biol\u00f3gicas): Ausente.<\/li>\n\n\n\n<li><strong>Luciana Santos da Silva<\/strong>&nbsp;(Zootecnia): Ausente.<\/li>\n\n\n\n<li><strong>Naihara Margarida Santos Souza<\/strong>&nbsp;(Zootecnia): Ausente.<\/li>\n<\/ul>\n\n\n\n<p>A lista completa e as orienta\u00e7\u00f5es detalhadas podem ser encontradas no <a href=\"https:\/\/concurso.ifbaiano.edu.br\/portal\/ingresso-2025-cursos-superiores-sisu-santa-ines-janeiro-2025\/\">site oficial do IF Baiano<\/a>.<\/p>\n\n\n\n<p>A confirma\u00e7\u00e3o da autodeclara\u00e7\u00e3o \u00e9 uma etapa importante do processo seletivo, garantindo a correta aplica\u00e7\u00e3o das pol\u00edticas de a\u00e7\u00f5es afirmativas e o acesso \u00e0 educa\u00e7\u00e3o para candidatos que se autodeclaram negros (pretos ou pardos).<\/p>\n\n\n\n<p><strong>Clique <a href=\"https:\/\/www.ifbaiano.edu.br\/unidades\/santaines\/files\/2025\/02\/Resultado-Preliminar-da-Banca-de-Heteroidentificacao-Sisu-2025-Candidatos-Lista-de-Espera.pdf\">AQUI<\/a><\/strong> <strong>para o documento com lista oficial<\/strong>.<\/p>\n\n\n\n<hr class=\"wp-block-separator has-alpha-channel-opacity\" \/>\n","protected":false},"excerpt":{"rendered":"<p>O Instituto Federal de Educa\u00e7\u00e3o, Ci\u00eancia e Tecnologia Baiano (IF Baiano) &#8211; Campus Santa In\u00eas divulgou hoje o resultado preliminar da banca de heteroidentifica\u00e7\u00e3o para candidatos autodeclarados negros (pretos ou pardos) classificados na lista de espera da 1\u00aa chamada do Sistema de Sele\u00e7\u00e3o Unificada (SISU) 2025.1. O processo seletivo visa o ingresso de estudantes nos [&hellip;]<\/p>\n","protected":false},"author":86,"featured_media":0,"comment_status":"closed","ping_status":"closed","sticky":false,"template":"","format":"standard","meta":[],"categories":[4,5,8,57],"tags":[],"_links":{"self":[{"href":"https:\/\/www.ifbaiano.edu.br\/unidades\/santaines\/wp-json\/wp\/v2\/posts\/23216"}],"collection":[{"href":"https:\/\/www.ifbaiano.edu.br\/unidades\/santaines\/wp-json\/wp\/v2\/posts"}],"about":[{"href":"https:\/\/www.ifbaiano.edu.br\/unidades\/santaines\/wp-json\/wp\/v2\/types\/post"}],"author":[{"embeddable":true,"href":"https:\/\/www.ifbaiano.edu.br\/unidades\/santaines\/wp-json\/wp\/v2\/users\/86"}],"replies":[{"embeddable":true,"href":"https:\/\/www.ifbaiano.edu.br\/unidades\/santaines\/wp-json\/wp\/v2\/comments?post=23216"}],"version-history":[{"count":1,"href":"https:\/\/www.ifbaiano.edu.br\/unidades\/santaines\/wp-json\/wp\/v2\/posts\/23216\/revisions"}],"predecessor-version":[{"id":23218,"href":"https:\/\/www.ifbaiano.edu.br\/unidades\/santaines\/wp-json\/wp\/v2\/posts\/23216\/revisions\/23218"}],"wp:attachment":[{"href":"https:\/\/www.ifbaiano.edu.br\/unidades\/santaines\/wp-json\/wp\/v2\/media?parent=23216"}],"wp:term":[{"taxonomy":"category","embeddable":true,"href":"https:\/\/www.ifbaiano.edu.br\/unidades\/santaines\/wp-json\/wp\/v2\/categories?post=23216"},{"taxonomy":"post_tag","embeddable":true,"href":"https:\/\/www.ifbaiano.edu.br\/unidades\/santaines\/wp-json\/wp\/v2\/tags?post=23216"}],"curies":[{"name":"wp","href":"https:\/\/api.w.org\/{rel}","templated":true}]}}