{"id":23219,"date":"2025-02-27T17:46:18","date_gmt":"2025-02-27T20:46:18","guid":{"rendered":"https:\/\/www.ifbaiano.edu.br\/unidades\/santaines\/?p=23219"},"modified":"2025-02-27T17:46:18","modified_gmt":"2025-02-27T20:46:18","slug":"campus-santa-ines-divulga-lista-de-espera-do-sisu-2025-1-para-ciencias-biologicas-e-retifica-cronograma-de-matricula","status":"publish","type":"post","link":"https:\/\/www.ifbaiano.edu.br\/unidades\/santaines\/campus-santa-ines-divulga-lista-de-espera-do-sisu-2025-1-para-ciencias-biologicas-e-retifica-cronograma-de-matricula\/","title":{"rendered":"Campus Santa In\u00eas divulga Lista de Espera do SISU 2025.1 para Ci\u00eancias Biol\u00f3gicas e Retifica Cronograma de Matr\u00edcula"},"content":{"rendered":"\n<p>O Instituto Federal de Educa\u00e7\u00e3o, Ci\u00eancia e Tecnologia Baiano (IF Baiano), Campus Santa In\u00eas, anunciou importantes informa\u00e7\u00f5es para os candidatos aos cursos superiores no Sistema de Sele\u00e7\u00e3o Unificada (SISU) 2025.1.<\/p>\n\n\n\n<p><strong>Lista de Espera para Ci\u00eancias Biol\u00f3gicas:<\/strong><\/p>\n\n\n\n<p>Em conformidade com o <a href=\"https:\/\/concurso.ifbaiano.edu.br\/portal\/ingresso-2025-cursos-superiores-sisu-santa-ines-janeiro-2025\/wp-content\/uploads\/sites\/1138\/2025\/01\/Edital-de-Matricula-Campus-Santa-Ines.pdf\">Edital n\u00ba 2\/2025<\/a>, de 17 de janeiro de 2025, foi divulgada a lista de candidatos aprovados na <a href=\"http:\/\/Lista de Espera \u2013 Ci\u00eancias Biol\u00f3gicas\">lista de espera para o curso de Ci\u00eancias Biol\u00f3gicas<\/a>. A lista contempla candidatos classificados tanto na modalidade de Ampla Concorr\u00eancia (AC) quanto na modalidade de cotas para candidatos com renda familiar bruta per capita igual ou inferior a 1 sal\u00e1rio m\u00ednimo que tenham cursado integralmente o ensino m\u00e9dio em escolas p\u00fablicas ou em escolas comunit\u00e1rias conveniadas (LB_EP).<\/p>\n\n\n\n<p>[Inserir aqui uma breve men\u00e7\u00e3o de alguns nomes da lista, conforme o texto original.]<\/p>\n\n\n\n<p><strong>Retifica\u00e7\u00e3o do Cronograma:<\/strong><\/p>\n\n\n\n<p>Adicionalmente, por meio de um <a href=\"https:\/\/concurso.ifbaiano.edu.br\/portal\/ingresso-2025-cursos-superiores-sisu-santa-ines-janeiro-2025\/wp-content\/uploads\/sites\/1138\/2025\/02\/Retificacao-do-Cronograma-do-Sisu-2025.pdf\">edital de retifica\u00e7\u00e3o<\/a> o IF Baiano &#8211; Campus Santa In\u00eas anunciou altera\u00e7\u00f5es no cronograma do processo seletivo do SISU 2025.1, referente \u00e0 chamada para matr\u00edcula e listas de espera. As principais altera\u00e7\u00f5es s\u00e3o:<\/p>\n\n\n\n<ul>\n<li>Banca de Heteroidentifica\u00e7\u00e3o (Candidatos 1\u00aa Chamada Lista de Espera): 26 de fevereiro de 2025<\/li>\n\n\n\n<li>Resultado Preliminar da Banca de Heteroidentifica\u00e7\u00e3o (Candidatos 1\u00aa Chamada Lista de Espera): 27 de fevereiro de 2025<\/li>\n\n\n\n<li>Prazo para Interposi\u00e7\u00e3o de Recursos contra a Banca de Heteroidentifica\u00e7\u00e3o (Candidatos 1\u00aa Chamada Lista de Espera): 27 e 28 de fevereiro de 2025<\/li>\n\n\n\n<li>Convoca\u00e7\u00e3o da 2\u00aa Chamada para Matr\u00edcula da Lista de Espera: 27 de fevereiro de 2025<\/li>\n\n\n\n<li>Resultado P\u00f3s-Recursos contra a Banca de Heteroidentifica\u00e7\u00e3o (Candidatos 1\u00aa Chamada Lista de Espera): 06 de mar\u00e7o de 2025<\/li>\n\n\n\n<li>Matr\u00edcula da 2\u00aa Chamada da Lista de Espera: 06 e 07 de mar\u00e7o de 2025<\/li>\n\n\n\n<li>Convoca\u00e7\u00e3o da 3\u00aa Chamada para Matr\u00edcula da Lista de Espera: 10 de mar\u00e7o de 2025<\/li>\n\n\n\n<li>Matr\u00edcula da 3\u00aa Chamada: 11 a 14 de mar\u00e7o de 2025<\/li>\n<\/ul>\n\n\n\n<p>As demais disposi\u00e7\u00f5es do <a href=\"https:\/\/concurso.ifbaiano.edu.br\/portal\/ingresso-2025-cursos-superiores-sisu-santa-ines-janeiro-2025\/wp-content\/uploads\/sites\/1138\/2025\/01\/Edital-de-Matricula-Campus-Santa-Ines.pdf\">Edital n\u00ba 2\/2025<\/a>, de 17 de janeiro de 2025, que n\u00e3o foram expressamente alteradas, permanecem em vigor.<\/p>\n\n\n\n<p><strong>Recomenda\u00e7\u00e3o:<\/strong><\/p>\n\n\n\n<p>Recomenda-se que todos os candidatos ao curso de Ci\u00eancias Biol\u00f3gicas no IF Baiano &#8211; Campus Santa In\u00eas consultem os editais completos no site oficial da institui\u00e7\u00e3o para obter informa\u00e7\u00f5es detalhadas sobre a lista de espera, o cronograma atualizado e os procedimentos de matr\u00edcula.<\/p>\n\n\n\n<hr class=\"wp-block-separator has-alpha-channel-opacity\" \/>\n\n\n\n<p><\/p>\n","protected":false},"excerpt":{"rendered":"<p>O Instituto Federal de Educa\u00e7\u00e3o, Ci\u00eancia e Tecnologia Baiano (IF Baiano), Campus Santa In\u00eas, anunciou importantes informa\u00e7\u00f5es para os candidatos aos cursos superiores no Sistema de Sele\u00e7\u00e3o Unificada (SISU) 2025.1. Lista de Espera para Ci\u00eancias Biol\u00f3gicas: Em conformidade com o Edital n\u00ba 2\/2025, de 17 de janeiro de 2025, foi divulgada a lista de candidatos [&hellip;]<\/p>\n","protected":false},"author":86,"featured_media":23055,"comment_status":"closed","ping_status":"closed","sticky":false,"template":"","format":"standard","meta":[],"categories":[4,12,5,57],"tags":[],"_links":{"self":[{"href":"https:\/\/www.ifbaiano.edu.br\/unidades\/santaines\/wp-json\/wp\/v2\/posts\/23219"}],"collection":[{"href":"https:\/\/www.ifbaiano.edu.br\/unidades\/santaines\/wp-json\/wp\/v2\/posts"}],"about":[{"href":"https:\/\/www.ifbaiano.edu.br\/unidades\/santaines\/wp-json\/wp\/v2\/types\/post"}],"author":[{"embeddable":true,"href":"https:\/\/www.ifbaiano.edu.br\/unidades\/santaines\/wp-json\/wp\/v2\/users\/86"}],"replies":[{"embeddable":true,"href":"https:\/\/www.ifbaiano.edu.br\/unidades\/santaines\/wp-json\/wp\/v2\/comments?post=23219"}],"version-history":[{"count":2,"href":"https:\/\/www.ifbaiano.edu.br\/unidades\/santaines\/wp-json\/wp\/v2\/posts\/23219\/revisions"}],"predecessor-version":[{"id":23224,"href":"https:\/\/www.ifbaiano.edu.br\/unidades\/santaines\/wp-json\/wp\/v2\/posts\/23219\/revisions\/23224"}],"wp:featuredmedia":[{"embeddable":true,"href":"https:\/\/www.ifbaiano.edu.br\/unidades\/santaines\/wp-json\/wp\/v2\/media\/23055"}],"wp:attachment":[{"href":"https:\/\/www.ifbaiano.edu.br\/unidades\/santaines\/wp-json\/wp\/v2\/media?parent=23219"}],"wp:term":[{"taxonomy":"category","embeddable":true,"href":"https:\/\/www.ifbaiano.edu.br\/unidades\/santaines\/wp-json\/wp\/v2\/categories?post=23219"},{"taxonomy":"post_tag","embeddable":true,"href":"https:\/\/www.ifbaiano.edu.br\/unidades\/santaines\/wp-json\/wp\/v2\/tags?post=23219"}],"curies":[{"name":"wp","href":"https:\/\/api.w.org\/{rel}","templated":true}]}}